{"id":549,"date":"2011-07-02T01:00:44","date_gmt":"2011-07-02T01:00:44","guid":{"rendered":"http:\/\/diario5.com.ar\/?p=549"},"modified":"2012-09-07T01:02:52","modified_gmt":"2012-09-07T01:02:52","slug":"candidatos-cesar-rojas-i","status":"publish","type":"post","link":"https:\/\/www.diario5.com.ar\/es\/candidatos-cesar-rojas-i\/","title":{"rendered":"Candidatos; C\u00e9sar Rojas (I)"},"content":{"rendered":"<h2 class=\"sub-title-primary\"><\/h2> <p>C\u00e9sar Rojas, seg\u00fan semblanza de Clar\u00edn<\/p>\n<p>Surgido de las asambleas populares de la crisis de 2001-2002, C\u00e9sar Rojas cuestiona por igual al kirchnerismo y al macrismo. Este artista de 41 a\u00f1os se presenta a la elecci\u00f3n del 10 de mayo por la alianza entre el Nuevo Mas y Asambleas del Pueblo, que postula como principal bandera la legalizaci\u00f3n del aborto.<\/p>\n<p>\u00bfPor qu\u00e9 quedaron fuera del frente de izquierda? Porque las otras corrientes utilizaron oportunistamente las condiciones duras y proscriptivas de la reforma electoral, de manera que si nosotros no ten\u00edamos legalidad nacional no pod\u00edamos participar en las mismas condiciones.<\/p>\n<p>\u00bfQu\u00e9 expectativas tienen? Estamos sorprendidos porque nosotros usamos las elecciones como una tribuna para instalar algunos debates. Nos parec\u00eda que despu\u00e9s del matrimonio igualitario hab\u00eda quedado planteado ir por el derecho al aborto libre y legal, seguro y gratuito. Es una reivindicaci\u00f3n muy sentida, un problema que se cobra unas 800 mujeres muertas por a\u00f1o por la clandestinidad del aborto.<\/p>\n<p>\u00bfQu\u00e9 otros temas le preocupan? Salud, vivienda, educaci\u00f3n, cultura y la precarizaci\u00f3n laboral. Hay una generaci\u00f3n de j\u00f3venes que est\u00e1n en negro y en condiciones muy precarias, incluso dentro del gobierno de la Ciudad.<\/p>\n<p>\u00bfEl kirchnerismo es un gobierno de izquierda? Este es un gobierno burgu\u00e9s, patronal, que ha usado las banderas hist\u00f3ricas de los derechos humanos o reivindicaciones como el matrimonio igualitario, para llevar a fondo su proyecto patronal, capitalista, antipopular y antiobrero. Ellos llegan de la mano de lo m\u00e1s descompuesto del aparato del PJ, de la mano de Duhalde. Y se siguen apoyando en la burocracia sindical de Moyano y Pedraza.<\/p>\n<p>\u00bfY el macrismo? Trabaja claramente para un sector capitalista y empresario con los cuales tiene estrechos lazos. Como gesti\u00f3n puede mostrar algunos tramos de la bicisenda y no mucho m\u00e1s.<\/p>\n<p>Ud. milit\u00f3 en favor de las minor\u00edas sexuales. \u00bfC\u00f3mo ve la pelea en el INADI? Nosotros cre\u00edamos que hab\u00eda que mantener la independencia del Gobierno, los partidos patronales y del Estado. Los esc\u00e1ndalos que estamos viendo hoy en el INADI hacen que tuvi\u00e9ramos raz\u00f3n. Ahora tenemos a esos activistas apoyando a Tomada, como Rachid, envuelta en esc\u00e1ndalos.<\/p>","protected":false},"excerpt":{"rendered":"<p>C\u00e9sar Rojas, seg\u00fan semblanza de Clar\u00edn Surgido de las asambleas populares de la crisis de 2001-2002, C\u00e9sar Rojas cuestiona por igual al kirchnerismo y al macrismo. Este artista de 41 a\u00f1os se presenta a la elecci\u00f3n del 10 de mayo por la alianza entre el Nuevo Mas y Asambleas del Pueblo, que postula como principal [&hellip;]<\/p>","protected":false},"author":1,"featured_media":0,"comment_status":"open","ping_status":"open","sticky":false,"template":"","format":"standard","meta":[],"categories":[7],"tags":[],"series":[],"_links":{"self":[{"href":"https:\/\/www.diario5.com.ar\/es\/wp-json\/wp\/v2\/posts\/549"}],"collection":[{"href":"https:\/\/www.diario5.com.ar\/es\/wp-json\/wp\/v2\/posts"}],"about":[{"href":"https:\/\/www.diario5.com.ar\/es\/wp-json\/wp\/v2\/types\/post"}],"author":[{"embeddable":true,"href":"https:\/\/www.diario5.com.ar\/es\/wp-json\/wp\/v2\/users\/1"}],"replies":[{"embeddable":true,"href":"https:\/\/www.diario5.com.ar\/es\/wp-json\/wp\/v2\/comments?post=549"}],"version-history":[{"count":1,"href":"https:\/\/www.diario5.com.ar\/es\/wp-json\/wp\/v2\/posts\/549\/revisions"}],"predecessor-version":[{"id":550,"href":"https:\/\/www.diario5.com.ar\/es\/wp-json\/wp\/v2\/posts\/549\/revisions\/550"}],"wp:attachment":[{"href":"https:\/\/www.diario5.com.ar\/es\/wp-json\/wp\/v2\/media?parent=549"}],"wp:term":[{"taxonomy":"category","embeddable":true,"href":"https:\/\/www.diario5.com.ar\/es\/wp-json\/wp\/v2\/categories?post=549"},{"taxonomy":"post_tag","embeddable":true,"href":"https:\/\/www.diario5.com.ar\/es\/wp-json\/wp\/v2\/tags?post=549"},{"taxonomy":"series","embeddable":true,"href":"https:\/\/www.diario5.com.ar\/es\/wp-json\/wp\/v2\/series?post=549"}],"curies":[{"name":"wp","href":"https:\/\/api.w.org\/{rel}","templated":true}]}}