{"id":5443,"date":"2013-09-20T23:11:08","date_gmt":"2013-09-21T02:11:08","guid":{"rendered":"http:\/\/diario5.com.ar\/?p=5443"},"modified":"2014-08-28T15:30:15","modified_gmt":"2014-08-28T18:30:15","slug":"terragno-este-paracaidista-nunca-se-fue","status":"publish","type":"post","link":"https:\/\/www.diario5.com.ar\/es\/terragno-este-paracaidista-nunca-se-fue\/","title":{"rendered":"Terragno: \u00abEs ingenuo creer en la Re-Re\u00bb"},"content":{"rendered":"<h2 class=\"sub-title-primary\"><\/h2> <p><a href=\"https:\/\/www.diario5.com.ar\/wp-content\/uploads\/2013\/09\/MCV-Terragno01.jpg\"><img decoding=\"async\" loading=\"lazy\" class=\"wp-image-5444 alignright\" src=\"http:\/\/diario5.com.ar\/wp-content\/uploads\/2013\/09\/MCV-Terragno01-1024x768.jpg\" alt=\"MCV-Terragno01\" width=\"459\" height=\"344\" srcset=\"https:\/\/www.diario5.com.ar\/wp-content\/uploads\/2013\/09\/MCV-Terragno01-1024x768.jpg 1024w, https:\/\/www.diario5.com.ar\/wp-content\/uploads\/2013\/09\/MCV-Terragno01-300x225.jpg 300w, https:\/\/www.diario5.com.ar\/wp-content\/uploads\/2013\/09\/MCV-Terragno01-768x576.jpg 768w, https:\/\/www.diario5.com.ar\/wp-content\/uploads\/2013\/09\/MCV-Terragno01-1536x1152.jpg 1536w, https:\/\/www.diario5.com.ar\/wp-content\/uploads\/2013\/09\/MCV-Terragno01-400x300.jpg 400w, https:\/\/www.diario5.com.ar\/wp-content\/uploads\/2013\/09\/MCV-Terragno01-260x195.jpg 260w, https:\/\/www.diario5.com.ar\/wp-content\/uploads\/2013\/09\/MCV-Terragno01-160x120.jpg 160w, https:\/\/www.diario5.com.ar\/wp-content\/uploads\/2013\/09\/MCV-Terragno01.jpg 2048w\" sizes=\"(max-width: 459px) 100vw, 459px\" \/><\/a>El ex-senador Rodolfo Terragno record\u00f3 que en la Uni\u00f3n C\u00edvica Radical lo trataron de \u00abparacaidista\u00bb, incluso cuando su afiliaci\u00f3n la concret\u00f3 reci\u00e9n despu\u00e9s de haber sido Ministro de Obras y Servicios p\u00fablicos del gobierno de Ra\u00fal Alfons\u00edn. \u00abHay mucha gente que ha migrado <strong>en los momentos menos atractivos del radicalismo, incluso cuando se pens\u00f3 que se iba a extinguir y este paracaidista no se fue nunca<\/strong>\u00ab, expres\u00f3 Terragno.<\/p>\n<p>En la sobremesa del programa Consentidos, de Radio El Mundo, el pol\u00edtico aclar\u00f3 que s\u00ed ha mantenido esa posici\u00f3n firme \u00abque no me ha impedido ni dialogar con mis oponentes ni mantener con firmeza mis posiciones.<br \/>\nRodeado de sabrosos platos que especialmente prepara el periodista\/chef Manuel Corral Vide en la secci\u00f3n \u00abReportajes a la Carta\u00bb, Terragno asegur\u00f3 no haber cre\u00eddo nunca en en <strong>la Re-reelecci\u00f3n<\/strong>: \u00abel gobierno deb\u00eda imponer esa idea porque si no, se quedaba sin poder y <strong>siempre me pareci\u00f3 ingenuo, de parte de los opositores, tomar eso como bandera<\/strong>\u00ab. Enfatiz\u00f3 que eso ocurre porque era evidente algo que a veces se olvida: que el kirchnerismo \u2013como antes lo fue el menemismo- son expresiones circunstanciales del peronismo, \u00abuna fuerza muy grande que, con raz\u00f3n o sin raz\u00f3n, est\u00e1 convencido de que el pr\u00f3ximo gobierno va a ser peronista\u00bb. Dijo que entonces, los distintos sectores comienzan a decir \u00abahora me toca a m\u00ed\u00bb y remarc\u00f3: \u00abque todos se comploten para que haya un cuarto per\u00edodo kirchnerista, era una idea sin fundamento. No creo que haya posibilidad alguna de continuidad\u00bb.<\/p>\n<p>En otro pasaje del di\u00e1logo con Manuel Corral Vide, el ex precandidato a Senador por UNEN, aclar\u00f3 que cuando hay una fuerza capaz de gobernar y del otro lado hay una constelaci\u00f3n de partiditos, no hay verdaderamente oposici\u00f3n, porque <strong>opositor no es el que discrepa, sino el que tiene capacidad de sustitu\u00edr<\/strong>.<\/p>\n<p>Rodolfo Terragno fue directo cuando se lo consult\u00f3 sobre si el kirchnerismo se encuentra en etapa de cierre: sostuvo que en el propio peronismo, como nadie crey\u00f3 en una re-reelecci\u00f3n, ha habido toda una tarea de preparaci\u00f3n, durante a\u00f1os. Y agreg\u00f3: \u00abMassa y Scioli no aparecieron de la noche a la ma\u00f1ana\u00bb.<\/p>\n<p>Consentidos se emite todos los s\u00e1bados de 19 a 21 por Radio El Mundo AM 1070. All\u00ed, junto a Carlos Allo, Corral Vide despliega su doble condici\u00f3n de periodista y experto gastron\u00f3mico en el marco de un di\u00e1logo que despierta el inter\u00e9s de sus seguidores desde hace 10 a\u00f1os.<\/p>","protected":false},"excerpt":{"rendered":"<p>El ex-senador Rodolfo Terragno record\u00f3 que en la Uni\u00f3n C\u00edvica Radical lo trataron de \u00abparacaidista\u00bb, incluso cuando su afiliaci\u00f3n la concret\u00f3 reci\u00e9n despu\u00e9s de haber sido Ministro de Obras y Servicios p\u00fablicos del gobierno de Ra\u00fal Alfons\u00edn. \u00abHay mucha gente que ha migrado en los momentos menos atractivos del radicalismo, incluso cuando se pens\u00f3 que [&hellip;]<\/p>","protected":false},"author":1,"featured_media":5444,"comment_status":"open","ping_status":"open","sticky":false,"template":"","format":"standard","meta":[],"categories":[7],"tags":[],"series":[],"_links":{"self":[{"href":"https:\/\/www.diario5.com.ar\/es\/wp-json\/wp\/v2\/posts\/5443"}],"collection":[{"href":"https:\/\/www.diario5.com.ar\/es\/wp-json\/wp\/v2\/posts"}],"about":[{"href":"https:\/\/www.diario5.com.ar\/es\/wp-json\/wp\/v2\/types\/post"}],"author":[{"embeddable":true,"href":"https:\/\/www.diario5.com.ar\/es\/wp-json\/wp\/v2\/users\/1"}],"replies":[{"embeddable":true,"href":"https:\/\/www.diario5.com.ar\/es\/wp-json\/wp\/v2\/comments?post=5443"}],"version-history":[{"count":6,"href":"https:\/\/www.diario5.com.ar\/es\/wp-json\/wp\/v2\/posts\/5443\/revisions"}],"predecessor-version":[{"id":6521,"href":"https:\/\/www.diario5.com.ar\/es\/wp-json\/wp\/v2\/posts\/5443\/revisions\/6521"}],"wp:featuredmedia":[{"embeddable":true,"href":"https:\/\/www.diario5.com.ar\/es\/wp-json\/wp\/v2\/media\/5444"}],"wp:attachment":[{"href":"https:\/\/www.diario5.com.ar\/es\/wp-json\/wp\/v2\/media?parent=5443"}],"wp:term":[{"taxonomy":"category","embeddable":true,"href":"https:\/\/www.diario5.com.ar\/es\/wp-json\/wp\/v2\/categories?post=5443"},{"taxonomy":"post_tag","embeddable":true,"href":"https:\/\/www.diario5.com.ar\/es\/wp-json\/wp\/v2\/tags?post=5443"},{"taxonomy":"series","embeddable":true,"href":"https:\/\/www.diario5.com.ar\/es\/wp-json\/wp\/v2\/series?post=5443"}],"curies":[{"name":"wp","href":"https:\/\/api.w.org\/{rel}","templated":true}]}}