{"id":5381,"date":"2013-09-03T11:58:07","date_gmt":"2013-09-03T11:58:07","guid":{"rendered":"http:\/\/diario5.com.ar\/?p=5381"},"modified":"2014-07-31T04:40:34","modified_gmt":"2014-07-31T07:40:34","slug":"5381","status":"publish","type":"post","link":"https:\/\/www.diario5.com.ar\/es\/5381\/","title":{"rendered":"A la Embajada a reclamar"},"content":{"rendered":"<h2 class=\"sub-title-primary\"><\/h2> <p style=\"text-align: left;\" align=\"center\"><a href=\"https:\/\/www.diario5.com.ar\/wp-content\/uploads\/2013\/09\/obama_enojado.jpg\"><img decoding=\"async\" loading=\"lazy\" class=\"alignleft wp-image-6108\" src=\"http:\/\/diario5.com.ar\/wp-content\/uploads\/2013\/09\/obama_enojado.jpg\" alt=\"obama_enojado\" width=\"283\" height=\"196\" srcset=\"https:\/\/www.diario5.com.ar\/wp-content\/uploads\/2013\/09\/obama_enojado.jpg 300w, https:\/\/www.diario5.com.ar\/wp-content\/uploads\/2013\/09\/obama_enojado-260x180.jpg 260w, https:\/\/www.diario5.com.ar\/wp-content\/uploads\/2013\/09\/obama_enojado-160x111.jpg 160w\" sizes=\"(max-width: 283px) 100vw, 283px\" \/><\/a>&#8211; Obama enloqueci\u00f3! &#8211; afirm\u00f3 el de remera azul.<\/p>\n<p style=\"text-align: left;\" align=\"center\">-Ma qu\u00e9 va a enloquecer&#8230; ese ya se sab\u00eda que era un grone hip\u00f3crita &#8211; replic\u00f3 el pelado.<\/p>\n<p style=\"text-align: left;\" align=\"center\">El di\u00e1logo, en el Subte porte\u00f1o, 3 de septiembre de 2013 a las 18 y pico, con todo el auditorio celebrando la respuesta del calvo.<\/p>\n<p style=\"text-align: left;\" align=\"center\">Obama enloqueci\u00f3? Hay una serie de muestras de ebullici\u00f3n en las redes sociales en todo el mundo, que van a terminar demostrando que tomar las mismas decisiones de siempre, esas de ir a demostrar qui\u00e9n manda en el mundo e ir a aplastar pueblos que a ellos no les gusta, esta vez -esperamos fervientemente- les har\u00e1 pagar un precio diferente en cuando a condena social se trata.<\/p>\n<p style=\"text-align: left;\" align=\"center\">La reacci\u00f3n debe ser r\u00e1pida. Como la de los humanistas que,<\/p>\n<p style=\"text-align: left;\" align=\"center\">nobleza obliga, hay que \u00a0destacar que tomaron la PC y no perdieron un segundo para hacer llegar un mensaje por la paz, tanto por las redes (la llegada m\u00e1s veloz) como al periodismo (la llegada m\u00e1s segura). Est\u00e1 llamando a una manifestaci\u00f3n popular frente ala Embajada de los Estados Unidos para las 12 del Mediod\u00eda de Ma\u00f1ana.<\/p>\n<p style=\"text-align: left;\" align=\"center\">El mejor encuentro para un mi\u00e9rcoles de sol, en una zona coqueta y oxigenada de Buenos Aires. Vamos, muchachos&#8230; Aguante, Fiera&#8230; Arriba, loco. Todos al edificio de la calle \u00a0Colombia 4300, calle curvada, o al palacio ah\u00ed nom\u00e1s en la esquina de Av del Libertador esq. Kennedy.<\/p>\n<p style=\"text-align: left;\" align=\"center\">Uno de los m\u00e1s significativos \u00abafiches\u00bb que est\u00e1n <em>tirando<\/em> mensajes varios para ver si llegan al poder en Washington y as\u00ed hacer un aporte por evitar que los Estados Unidos vayan a una guerra con Siria, dice: \u00abMATAMOS GENTE QUE MATA GENTE, PORQUE MATAR GENTE NO ESTA BIEN\u00bb. Algo nos dice que estaremos sobre este tema durante un per\u00edodo de un tiempo importante.<\/p>\n<p style=\"text-align: left;\" align=\"center\">Una vez m\u00e1s, apareci\u00f3 el pa\u00eds que se cree la Polic\u00eda del Mundo<\/p>\n<p style=\"text-align: right;\" align=\"center\">Marcelo Zanotti<\/p>\n<p style=\"text-align: left;\" align=\"center\">La Convocatoria.<\/p>\n<p align=\"center\"><b>Pedido por la Paz, la No-Violencia y el fin de las guerras.<\/b><\/p>\n<p><b><i>Frente a un inminente ataque b\u00e9lico por parte de EE.UU a Siria, distintas comunidades de El Mensaje de Silo y activistas humanistas convocan a realizar a un pedido por la Paz, la No-Violencia y el fin de las guerras. El encuentro tendr\u00e1 lugar frente a la Embajada de Estados Unidos en Buenos Aires (Av. Colombia 4300)\u00a0el pr\u00f3ximo mi\u00e9rcoles 4 de septiembre a las 12.<\/i><\/b><\/p>\n<p>\u201cPongamos en marcha las profundas fuerzas que duermen en el coraz\u00f3n humano, uni\u00e9ndonos en un pedido profundo. Que quienes tienen poder de decisi\u00f3n conecten por un instante con su interior y que traduzcan esa se\u00f1al con bondad\u201d, expresan en la convocatoria. Este pedido invitan a realizarlo en todo el mundo, all\u00ed donde cada uno se encuentre y pueda sintonizarse en este reclamo de Paz.<\/p>\n<p>En 2010 El Mensaje de Silo y el Movimiento Humanista impulsaron la Marcha Mundial por la Paz y la No Violencia que parti\u00f3 el 2 de octubre de 2009 de Nueva Zelanda y concluy\u00f3 el 2 de enero de 2010 en el Parque de Estudio y Reflexi\u00f3n Punta de Vacas a los p\u00edes del monte Aconcagua, en la frontera entre Argentina y Chile, recorriendo todos los continentes y realizando a su paso numerosas actividades de concientizaci\u00f3n sobre los siguientes puntos:<br \/>\n\u2022 El desarme nuclear a nivel mundial,<br \/>\n\u2022 El retiro inmediato de las tropas invasoras de los territorios ocupados,<br \/>\n\u2022 La reducci\u00f3n progresiva y proporcional del armamento convencional,<br \/>\n\u2022 La firma de tratados de no agresi\u00f3n entre pa\u00edses y<br \/>\n\u2022 La renuncia de los gobiernos a utilizar las guerras como medio para resolver conflictos.<\/p>\n<p>A esta iniciativa sumaron su adhesi\u00f3n cientos de miles de organizaciones, artistas, instituciones y gobiernos de los cinco continentes.<\/p>","protected":false},"excerpt":{"rendered":"<p>&#8211; Obama enloqueci\u00f3! &#8211; afirm\u00f3 el de remera azul. -Ma qu\u00e9 va a enloquecer&#8230; ese ya se sab\u00eda que era un grone hip\u00f3crita &#8211; replic\u00f3 el pelado. El di\u00e1logo, en el Subte porte\u00f1o, 3 de septiembre de 2013 a las 18 y pico, con todo el auditorio celebrando la respuesta del calvo. Obama enloqueci\u00f3? Hay [&hellip;]<\/p>","protected":false},"author":1,"featured_media":6108,"comment_status":"open","ping_status":"open","sticky":false,"template":"","format":"standard","meta":[],"categories":[7],"tags":[],"series":[],"_links":{"self":[{"href":"https:\/\/www.diario5.com.ar\/es\/wp-json\/wp\/v2\/posts\/5381"}],"collection":[{"href":"https:\/\/www.diario5.com.ar\/es\/wp-json\/wp\/v2\/posts"}],"about":[{"href":"https:\/\/www.diario5.com.ar\/es\/wp-json\/wp\/v2\/types\/post"}],"author":[{"embeddable":true,"href":"https:\/\/www.diario5.com.ar\/es\/wp-json\/wp\/v2\/users\/1"}],"replies":[{"embeddable":true,"href":"https:\/\/www.diario5.com.ar\/es\/wp-json\/wp\/v2\/comments?post=5381"}],"version-history":[{"count":9,"href":"https:\/\/www.diario5.com.ar\/es\/wp-json\/wp\/v2\/posts\/5381\/revisions"}],"predecessor-version":[{"id":6109,"href":"https:\/\/www.diario5.com.ar\/es\/wp-json\/wp\/v2\/posts\/5381\/revisions\/6109"}],"wp:featuredmedia":[{"embeddable":true,"href":"https:\/\/www.diario5.com.ar\/es\/wp-json\/wp\/v2\/media\/6108"}],"wp:attachment":[{"href":"https:\/\/www.diario5.com.ar\/es\/wp-json\/wp\/v2\/media?parent=5381"}],"wp:term":[{"taxonomy":"category","embeddable":true,"href":"https:\/\/www.diario5.com.ar\/es\/wp-json\/wp\/v2\/categories?post=5381"},{"taxonomy":"post_tag","embeddable":true,"href":"https:\/\/www.diario5.com.ar\/es\/wp-json\/wp\/v2\/tags?post=5381"},{"taxonomy":"series","embeddable":true,"href":"https:\/\/www.diario5.com.ar\/es\/wp-json\/wp\/v2\/series?post=5381"}],"curies":[{"name":"wp","href":"https:\/\/api.w.org\/{rel}","templated":true}]}}