{"id":534,"date":"2012-02-10T21:13:59","date_gmt":"2012-02-10T21:13:59","guid":{"rendered":"http:\/\/diario5.com.ar\/?p=534"},"modified":"2012-09-07T03:10:06","modified_gmt":"2012-09-07T03:10:06","slug":"donado-en-que-quedamos","status":"publish","type":"post","link":"https:\/\/www.diario5.com.ar\/es\/donado-en-que-quedamos\/","title":{"rendered":"Donado: En qu\u00e9 quedamos?"},"content":{"rendered":"<h2 class=\"sub-title-primary\"><\/h2> <p>En qu\u00e9 quedamos?<br \/>\nLa dictadura hab\u00eda protestado para la ciudad de buenos aires la puesta en marcha de las obras de varias autopistas cuya reglamentaci\u00f3n mantuvo su vigencia en la medida de las posibilidades presupuestarias que la vida democr\u00e1tica porte\u00f1a fue observando al paso de los a\u00f1os. De ese modo, en 1984 la intendencia de julio C\u00e9sar Saguier entendi\u00f3 que no era posible avanzar con la AU3, una autopista que significaba la continuaci\u00f3n de la panamericana intern\u00e1ndose en capital. El canal de acceso era un trazado entre las calles donado y Holmberg.<\/p>\n<p>Las intendencias militares ya hab\u00edan expropiado cada una de las propiedades involucradas en la secuencia de manzanas entre  donado y holmberg en lo que va desde la avenida General Paz hasta unas trece cuadras hacia adentro de la ciudad. Hoy es un \u00e1rea que se identifica como parque donado y holmberg.<br \/>\nLo que conocemos hoy acerca de las intenciones que se plantean en esa zona a hablar claramente de qu\u00e9 estamos muy lejos de la austeridad de aquel intendente de Ra\u00fal Alfons\u00edn, que quiso evitar un gasto gigantesco (claro, hab\u00eda que seguir expropiando y demoliendo casas y edificios para abrir paso a la construcci\u00f3n de la autopista) y hoy se est\u00e1 pensando en proyectos urbanos que aprovechen esas trece manzanas que hasta hace poco tiempo significaban una preocupaci\u00f3n, no por no saber c\u00f3mo se complementa daban los espacios verdes l\u00f3gicamente surgidos all\u00ed, sino por los asentamientos precarios de gente sin recursos que se hab\u00eda instalado en esa franja a montar sus ranchos. All\u00ed convergen los barrios Belgrano R, Villa Urquiza y Coghlan y en los aleda\u00f1os de la alargada cadena de manzanas parquizadas, se combinan peque\u00f1as \u00e1reas residenciales con propiedades de mediano Valor de mercado y otras car\u00edsimas, entre las que se incluyen las calles Meli\u00e1n y R\u00f3mulo S Na\u00f3n.<br \/>\nEl negocio inmobiliario debe estar equilibrado, en buenos aires, con la satisfacci\u00f3n de viviendas en el resto del pa\u00eds. Esto significa que la construcci\u00f3n de viviendas, m\u00e1s all\u00e1 de las que decidan encarar las municipalidades del pa\u00eds con capacidad financiera, deber\u00e1 estar centrada, en lo global, bajo las pautas de un pacto federal de viviendas, con interacci\u00f3n entre el gobierno nacional y los provinciales, incluyendo el porte\u00f1o, hoy muy enfrentado con el central, pero no imposibilitado de actuar en conjunto. Son deudas con los argentinos, que desde Diario 5 nos encargamos de hacer retomar la luz desde \u00e1ngulos diversos.<\/p>","protected":false},"excerpt":{"rendered":"<p>En qu\u00e9 quedamos? La dictadura hab\u00eda protestado para la ciudad de buenos aires la puesta en marcha de las obras de varias autopistas cuya reglamentaci\u00f3n mantuvo su vigencia en la medida de las posibilidades presupuestarias que la vida democr\u00e1tica porte\u00f1a fue observando al paso de los a\u00f1os. De ese modo, en 1984 la intendencia de [&hellip;]<\/p>","protected":false},"author":1,"featured_media":0,"comment_status":"open","ping_status":"open","sticky":false,"template":"","format":"standard","meta":[],"categories":[6],"tags":[],"series":[],"_links":{"self":[{"href":"https:\/\/www.diario5.com.ar\/es\/wp-json\/wp\/v2\/posts\/534"}],"collection":[{"href":"https:\/\/www.diario5.com.ar\/es\/wp-json\/wp\/v2\/posts"}],"about":[{"href":"https:\/\/www.diario5.com.ar\/es\/wp-json\/wp\/v2\/types\/post"}],"author":[{"embeddable":true,"href":"https:\/\/www.diario5.com.ar\/es\/wp-json\/wp\/v2\/users\/1"}],"replies":[{"embeddable":true,"href":"https:\/\/www.diario5.com.ar\/es\/wp-json\/wp\/v2\/comments?post=534"}],"version-history":[{"count":3,"href":"https:\/\/www.diario5.com.ar\/es\/wp-json\/wp\/v2\/posts\/534\/revisions"}],"predecessor-version":[{"id":592,"href":"https:\/\/www.diario5.com.ar\/es\/wp-json\/wp\/v2\/posts\/534\/revisions\/592"}],"wp:attachment":[{"href":"https:\/\/www.diario5.com.ar\/es\/wp-json\/wp\/v2\/media?parent=534"}],"wp:term":[{"taxonomy":"category","embeddable":true,"href":"https:\/\/www.diario5.com.ar\/es\/wp-json\/wp\/v2\/categories?post=534"},{"taxonomy":"post_tag","embeddable":true,"href":"https:\/\/www.diario5.com.ar\/es\/wp-json\/wp\/v2\/tags?post=534"},{"taxonomy":"series","embeddable":true,"href":"https:\/\/www.diario5.com.ar\/es\/wp-json\/wp\/v2\/series?post=534"}],"curies":[{"name":"wp","href":"https:\/\/api.w.org\/{rel}","templated":true}]}}