{"id":532,"date":"2011-05-20T21:12:52","date_gmt":"2011-05-20T21:12:52","guid":{"rendered":"http:\/\/diario5.com.ar\/?p=532"},"modified":"2012-09-06T21:13:54","modified_gmt":"2012-09-06T21:13:54","slug":"lanzamiento-oficialista","status":"publish","type":"post","link":"https:\/\/www.diario5.com.ar\/es\/lanzamiento-oficialista\/","title":{"rendered":"Lanzamiento oficialista"},"content":{"rendered":"<h2 class=\"sub-title-primary\"><\/h2> <p>El pr\u00f3ximo lunes 23 de mayo, Mauricio macri lanzar\u00e1 su candidatura a la reelecci\u00f3n como jefe de gobierno de la ciudad aut\u00f3noma de buenos aires en un acto o en el estadio de ferrocarril oeste. All\u00ed se presentar\u00e1n todos los candidatos que van a representar al pro en las elecciones que se celebrar\u00e1n el pr\u00f3ximo 10 de julio.<br \/>\nEn estos d\u00edas se est\u00e1 cumpliendo el 75.\u00ba aniversario de la construcci\u00f3n del obelisco porte\u00f1o. Quien est\u00e1 haciendo coincidir los actos de celebraci\u00f3n de nuestro monumento m\u00e1s emblem\u00e1tico con anuncios que tienen que ver con el orden electoral es el jefe de gabinete del gobierno porte\u00f1o Horacio Rodr\u00edguez Larreta.<br \/>\nEl funcionario se anticip\u00f3 a expresar que la gente no va a vd ser necesariamente al candidato a quien pudo haber votado en primera vuelta. Lo remarc\u00f3 con la intenci\u00f3n de hacer ver que \u201c es necesario hacer alianzas con la gente\u201d. La recta, de este modo, busca una manera de desprenderse de algunas disputas con el gobierno nacional.<br \/>\nEl jefe de gabinete porte\u00f1o dice que lo importante es mantenerse coherente y positivo, sin enganchar nos en agresiones, ni en campa\u00f1as sucias. El acto por los setentas y cinco a\u00f1os del obelisco cont\u00f3 con la presencia de varias instituciones hist\u00f3ricas y entidades culturales y educativas de la ciudad de buenos aires<\/p>","protected":false},"excerpt":{"rendered":"<p>El pr\u00f3ximo lunes 23 de mayo, Mauricio macri lanzar\u00e1 su candidatura a la reelecci\u00f3n como jefe de gobierno de la ciudad aut\u00f3noma de buenos aires en un acto o en el estadio de ferrocarril oeste. All\u00ed se presentar\u00e1n todos los candidatos que van a representar al pro en las elecciones que se celebrar\u00e1n el pr\u00f3ximo [&hellip;]<\/p>","protected":false},"author":1,"featured_media":0,"comment_status":"open","ping_status":"open","sticky":false,"template":"","format":"standard","meta":[],"categories":[1],"tags":[],"series":[],"_links":{"self":[{"href":"https:\/\/www.diario5.com.ar\/es\/wp-json\/wp\/v2\/posts\/532"}],"collection":[{"href":"https:\/\/www.diario5.com.ar\/es\/wp-json\/wp\/v2\/posts"}],"about":[{"href":"https:\/\/www.diario5.com.ar\/es\/wp-json\/wp\/v2\/types\/post"}],"author":[{"embeddable":true,"href":"https:\/\/www.diario5.com.ar\/es\/wp-json\/wp\/v2\/users\/1"}],"replies":[{"embeddable":true,"href":"https:\/\/www.diario5.com.ar\/es\/wp-json\/wp\/v2\/comments?post=532"}],"version-history":[{"count":1,"href":"https:\/\/www.diario5.com.ar\/es\/wp-json\/wp\/v2\/posts\/532\/revisions"}],"predecessor-version":[{"id":533,"href":"https:\/\/www.diario5.com.ar\/es\/wp-json\/wp\/v2\/posts\/532\/revisions\/533"}],"wp:attachment":[{"href":"https:\/\/www.diario5.com.ar\/es\/wp-json\/wp\/v2\/media?parent=532"}],"wp:term":[{"taxonomy":"category","embeddable":true,"href":"https:\/\/www.diario5.com.ar\/es\/wp-json\/wp\/v2\/categories?post=532"},{"taxonomy":"post_tag","embeddable":true,"href":"https:\/\/www.diario5.com.ar\/es\/wp-json\/wp\/v2\/tags?post=532"},{"taxonomy":"series","embeddable":true,"href":"https:\/\/www.diario5.com.ar\/es\/wp-json\/wp\/v2\/series?post=532"}],"curies":[{"name":"wp","href":"https:\/\/api.w.org\/{rel}","templated":true}]}}