{"id":5243,"date":"2012-04-08T04:14:08","date_gmt":"2012-04-08T04:14:08","guid":{"rendered":"http:\/\/diario5.com.ar\/?p=5243"},"modified":"2013-09-03T05:57:50","modified_gmt":"2013-09-03T05:57:50","slug":"5243","status":"publish","type":"post","link":"https:\/\/www.diario5.com.ar\/es\/5243\/","title":{"rendered":"Regreso complicado"},"content":{"rendered":"<h2 class=\"sub-title-primary\"><\/h2> <p><img decoding=\"async\" class=\"alignleft\" alt=\"\" src=\"http:\/\/www.clarin.com\/ciudades\/transito-exodo_turistico-Semana_Santa-Pascuas_CLAIMA20120408_0179_25.jpg\" \/>Fue muy lento el regreso de turistas por el fin de semana largo<br \/>\nHubo tr\u00e1nsito intenso en las rutas 2 y 11 y un corte total en Camino Negro. Adem\u00e1s, un choque m\u00faltiple en la Panamericana gener\u00f3 demoras.<\/p>\n<p><span style=\"font-size: 13px;\">\u00a0Tras la Semana Santa, volvieron miles de autom\u00f3viles hacia Buenos Aires y el GBA desde los principales centros vacacionales del pa\u00eds. Las rutas 2, 11, 7 y Panamericana ramales 8 y 9 tuvieron enormes demoras (especialmente la 11 y la 2 que van a la costa bonaerense). El Camino Negro sufri\u00f3 un corte, lo cual multiplic\u00f3 la complicaci\u00f3n y hubo un choque m\u00faltiple en la Panamericana; por eso, tambi\u00e9n los regresos desde Rosario V\u00eda San Pedro-Z\u00e1rate (todo lo complic\u00f3 m\u00e1s el choque que se prudujo en km 53) y desde C\u00f3rdoba Via Arrecifes tuvieron inesperados tramos de circular a paso de hombre<\/span><span style=\"font-size: 13px;\">.<\/span><\/p>\n<p>M\u00e1s de 2.000 veh\u00edculos por hora fue el registro obtenido de Vialidad Nacional respecto de la Autov\u00eda 2<span style=\"font-size: 13px;\">\u00a0en sentido Mar del Plata a Buenos Aires a la hora 17.<\/span><span style=\"font-size: 13px;\">\u00a0Ernesto Arriaga, vocero del organismo remarc\u00f3 que a\u00a0<\/span><span style=\"font-size: 13px;\">la misma hora, la ruta 11 tambi\u00e9n estuvo cargada de tr\u00e1nsito con velocidades m\u00e1ximas de 60 kil\u00f3metros por hora. El congestionamiento lleg\u00f3 a generar demoras de 10 minutos, tal lo sucedido en\u00a0<\/span><span style=\"font-size: 13px;\">la autopista Buenos Aires-La Plata, en sentido a la Capital Federal, parte final del periplo de regreso desde la Costa Atl\u00e1ntica<\/span><\/p>\n<p><span style=\"font-size: 13px;\">La Autopista del Oeste tuvo demoras no aptas para impacientes en el kil\u00f3metro 39 de la autopista del Oeste, mano a la Ciudad de Buenos Aires, por una protesta de vecinos de La Reja en reclamo del restablecimiento de la luz.<\/span><\/p>\n<p><span style=\"font-size: 13px;\">Ruta 7, \u00a0Camino Negro (por un corte total en zona Sur del Gran Buenos Aires por motivos id\u00e9nticos al de los habitantes de La Reja, tras el temporal de los \u00faltimos d\u00edas. Hasta la Ruta 5 tuvo inconvenientes en el tramo de acceso a Luj\u00e1n, desde Bragado, Suipacha y Veinticinco de Mayo.<\/span><\/p>","protected":false},"excerpt":{"rendered":"<p>Fue muy lento el regreso de turistas por el fin de semana largo Hubo tr\u00e1nsito intenso en las rutas 2 y 11 y un corte total en Camino Negro. Adem\u00e1s, un choque m\u00faltiple en la Panamericana gener\u00f3 demoras. \u00a0Tras la Semana Santa, volvieron miles de autom\u00f3viles hacia Buenos Aires y el GBA desde los principales [&hellip;]<\/p>","protected":false},"author":1,"featured_media":0,"comment_status":"open","ping_status":"open","sticky":false,"template":"","format":"standard","meta":[],"categories":[7],"tags":[],"series":[],"_links":{"self":[{"href":"https:\/\/www.diario5.com.ar\/es\/wp-json\/wp\/v2\/posts\/5243"}],"collection":[{"href":"https:\/\/www.diario5.com.ar\/es\/wp-json\/wp\/v2\/posts"}],"about":[{"href":"https:\/\/www.diario5.com.ar\/es\/wp-json\/wp\/v2\/types\/post"}],"author":[{"embeddable":true,"href":"https:\/\/www.diario5.com.ar\/es\/wp-json\/wp\/v2\/users\/1"}],"replies":[{"embeddable":true,"href":"https:\/\/www.diario5.com.ar\/es\/wp-json\/wp\/v2\/comments?post=5243"}],"version-history":[{"count":3,"href":"https:\/\/www.diario5.com.ar\/es\/wp-json\/wp\/v2\/posts\/5243\/revisions"}],"predecessor-version":[{"id":5254,"href":"https:\/\/www.diario5.com.ar\/es\/wp-json\/wp\/v2\/posts\/5243\/revisions\/5254"}],"wp:attachment":[{"href":"https:\/\/www.diario5.com.ar\/es\/wp-json\/wp\/v2\/media?parent=5243"}],"wp:term":[{"taxonomy":"category","embeddable":true,"href":"https:\/\/www.diario5.com.ar\/es\/wp-json\/wp\/v2\/categories?post=5243"},{"taxonomy":"post_tag","embeddable":true,"href":"https:\/\/www.diario5.com.ar\/es\/wp-json\/wp\/v2\/tags?post=5243"},{"taxonomy":"series","embeddable":true,"href":"https:\/\/www.diario5.com.ar\/es\/wp-json\/wp\/v2\/series?post=5243"}],"curies":[{"name":"wp","href":"https:\/\/api.w.org\/{rel}","templated":true}]}}