{"id":4901,"date":"2013-08-29T03:39:42","date_gmt":"2013-08-29T03:39:42","guid":{"rendered":"http:\/\/diario5.com.ar\/?p=4901"},"modified":"2014-07-31T04:44:30","modified_gmt":"2014-07-31T07:44:30","slug":"4901","status":"publish","type":"post","link":"https:\/\/www.diario5.com.ar\/es\/4901\/","title":{"rendered":"Reserva Ecol\u00f3gica: Buenos Aires y el modelo marplatense 2006"},"content":{"rendered":"<h2 class=\"sub-title-primary\"><\/h2> <p><a href=\"https:\/\/www.diario5.com.ar\/wp-content\/uploads\/2013\/08\/reserva_ecologica1.jpg\"><img decoding=\"async\" loading=\"lazy\" class=\"wp-image-6111 alignright\" src=\"http:\/\/diario5.com.ar\/wp-content\/uploads\/2013\/08\/reserva_ecologica1-300x200.jpg\" alt=\"reserva_ecologica\" width=\"434\" height=\"289\" srcset=\"https:\/\/www.diario5.com.ar\/wp-content\/uploads\/2013\/08\/reserva_ecologica1-300x200.jpg 300w, https:\/\/www.diario5.com.ar\/wp-content\/uploads\/2013\/08\/reserva_ecologica1-260x174.jpg 260w, https:\/\/www.diario5.com.ar\/wp-content\/uploads\/2013\/08\/reserva_ecologica1-160x107.jpg 160w, https:\/\/www.diario5.com.ar\/wp-content\/uploads\/2013\/08\/reserva_ecologica1.jpg 400w\" sizes=\"(max-width: 434px) 100vw, 434px\" \/><\/a>En el facebook del gobierno de la ciudad un usuario se manifest\u00f3 contento con todas las medidas adoptadas con referencia a los espacios p\u00fablicos y los espacios recuperados. Federico Diograzia hace hincapi\u00e9 en no encarar obras que cambien la reserva ecol\u00f3gica. Federico propone dejarla tal como est\u00e1 y que cualquier mejora que se le realice a la reserva redunden en un beneficio para la flora y la fauna del lugar, aunque acepta que se pueda hacer algo que redunde en la comodidad de los visitantes al lugar su frase \u201cno permitan que se use para fines lucrativos (carrera de cross el 5-10)\u201d nos deja un ventanal con vista a su misma preocupaci\u00f3n.<\/p>\n<p>En principio, tiene l\u00f3gica que cualquiera con autoridad sobre ese lugar pretenda mejorarlo, m\u00e1xime si lo que se ha observado es que los bordes del predio en contacto con el r\u00edo est\u00e1n cargados de escombros y vidrios rotos. Si observamos el trabajo realizado en las playas marplatenses durante el invierno de 2006, cuando fueron cargadas con arena para generar su propio ensanche y poder ser aprovechadas por m\u00e1s usuarios durante ese verano, estar\u00edamos encontrando un excelente modelo de lo que puede hacerse. Esa experiencia marplatense deber\u00eda ser aplicada no solamente en la reserva ecol\u00f3gica, sino en otros lugares en los que se sue\u00f1a con la recuperaci\u00f3n de playas. Por supuesto que ser\u00e1 necesario un gigantesco plan de concientizaci\u00f3n de la sociedad y de todo el p\u00fablico para evitar caer en la retransformaci\u00f3n nuevamente hacia las viejas inmundicias.<\/p>\n<p>De todos modos, una cosa es una cosa y otra, otra. Cuatro a\u00f1os m\u00e1s tarde de producirse esa mejora en la ciudad de mar del plata cuando se trabaj\u00f3 en profundidad por el agrandamiento de las playas re distribuyendo los bancos de arena con fines estrat\u00e9gicos, apareci\u00f3 una denuncia de depredaci\u00f3n de la arena de la ciudad Feliz realizada seg\u00fan historiademardelplata.com por el propio municipio de General pueyrred\u00f3n, a trav\u00e9s del permisionario de una determinada playa, que enviaba la arena a corralones privados para ser utilizados posteriormente en la obra p\u00fablica. Uno de los m\u00e1s importantes trabajos de diferenciaci\u00f3n que debemos a realizar para completar con \u00e9xito nuestro curso de observadores cuando encontramos un modelo para copiar, es el de ver si existi\u00f3 alguna cosa buena en el mismo paquete donde se nos est\u00e1 presentando algo espantoso. Si tomamos en cuenta la expansi\u00f3n de la arena marplatense de 2006, estaremos copiando lo bueno de ese proceso de cambio para un espacio p\u00fablico tan importante. Y estar\u00e1 en nosotros comprender que lo que sucedi\u00f3 en 2010, aparte de ser investigado y tratado como corresponde en la justicia, deber\u00e1 ser obviado como modelo.<\/p>","protected":false},"excerpt":{"rendered":"<p>En el facebook del gobierno de la ciudad un usuario se manifest\u00f3 contento con todas las medidas adoptadas con referencia a los espacios p\u00fablicos y los espacios recuperados. Federico Diograzia hace hincapi\u00e9 en no encarar obras que cambien la reserva ecol\u00f3gica. Federico propone dejarla tal como est\u00e1 y que cualquier mejora que se le realice [&hellip;]<\/p>","protected":false},"author":1,"featured_media":6111,"comment_status":"open","ping_status":"open","sticky":false,"template":"","format":"standard","meta":[],"categories":[10,6],"tags":[],"series":[],"_links":{"self":[{"href":"https:\/\/www.diario5.com.ar\/es\/wp-json\/wp\/v2\/posts\/4901"}],"collection":[{"href":"https:\/\/www.diario5.com.ar\/es\/wp-json\/wp\/v2\/posts"}],"about":[{"href":"https:\/\/www.diario5.com.ar\/es\/wp-json\/wp\/v2\/types\/post"}],"author":[{"embeddable":true,"href":"https:\/\/www.diario5.com.ar\/es\/wp-json\/wp\/v2\/users\/1"}],"replies":[{"embeddable":true,"href":"https:\/\/www.diario5.com.ar\/es\/wp-json\/wp\/v2\/comments?post=4901"}],"version-history":[{"count":7,"href":"https:\/\/www.diario5.com.ar\/es\/wp-json\/wp\/v2\/posts\/4901\/revisions"}],"predecessor-version":[{"id":6112,"href":"https:\/\/www.diario5.com.ar\/es\/wp-json\/wp\/v2\/posts\/4901\/revisions\/6112"}],"wp:featuredmedia":[{"embeddable":true,"href":"https:\/\/www.diario5.com.ar\/es\/wp-json\/wp\/v2\/media\/6111"}],"wp:attachment":[{"href":"https:\/\/www.diario5.com.ar\/es\/wp-json\/wp\/v2\/media?parent=4901"}],"wp:term":[{"taxonomy":"category","embeddable":true,"href":"https:\/\/www.diario5.com.ar\/es\/wp-json\/wp\/v2\/categories?post=4901"},{"taxonomy":"post_tag","embeddable":true,"href":"https:\/\/www.diario5.com.ar\/es\/wp-json\/wp\/v2\/tags?post=4901"},{"taxonomy":"series","embeddable":true,"href":"https:\/\/www.diario5.com.ar\/es\/wp-json\/wp\/v2\/series?post=4901"}],"curies":[{"name":"wp","href":"https:\/\/api.w.org\/{rel}","templated":true}]}}