{"id":4875,"date":"2012-12-27T19:42:57","date_gmt":"2012-12-27T22:42:57","guid":{"rendered":"http:\/\/diario5.com.ar\/?p=4875"},"modified":"2015-08-26T19:24:58","modified_gmt":"2015-08-26T22:24:58","slug":"cerraran-temporalmente-la-linea-a-de-subtes","status":"publish","type":"post","link":"https:\/\/www.diario5.com.ar\/es\/cerraran-temporalmente-la-linea-a-de-subtes\/","title":{"rendered":"Cerrar\u00e1n temporalmente la l\u00ednea A de Subtes"},"content":{"rendered":"<h2 class=\"sub-title-primary\"><\/h2> <p><a href=\"https:\/\/www.diario5.com.ar\/wp-content\/uploads\/2015\/12\/subte05.jpg\"><img decoding=\"async\" loading=\"lazy\" class=\"wp-image-7594 alignright\" src=\"http:\/\/diario5.com.ar\/wp-content\/uploads\/2015\/12\/subte05-300x225.jpg\" alt=\"subte05\" width=\"496\" height=\"372\" srcset=\"https:\/\/www.diario5.com.ar\/wp-content\/uploads\/2015\/12\/subte05-300x225.jpg 300w, https:\/\/www.diario5.com.ar\/wp-content\/uploads\/2015\/12\/subte05-768x576.jpg 768w, https:\/\/www.diario5.com.ar\/wp-content\/uploads\/2015\/12\/subte05-400x300.jpg 400w, https:\/\/www.diario5.com.ar\/wp-content\/uploads\/2015\/12\/subte05-260x195.jpg 260w, https:\/\/www.diario5.com.ar\/wp-content\/uploads\/2015\/12\/subte05-160x120.jpg 160w, https:\/\/www.diario5.com.ar\/wp-content\/uploads\/2015\/12\/subte05.jpg 800w\" sizes=\"(max-width: 496px) 100vw, 496px\" \/><\/a>Ser\u00e1n sesenta d\u00edas en los que la avenida Rivadavia, por m\u00e1s que sea verano y en pleno enero, se ver\u00e1 sobrecargada con referencia al transporte p\u00fablico y habr\u00e1 que ver y estudiar de cerca lo que all\u00ed ocurra para evitar, eventualmente, alg\u00fan colapso. Ser\u00e1n los 60 d\u00edas que no estar\u00e1 funcionando la tradicional l\u00ednea A de subterr\u00e1neos de Buenos Aires. Mauricio Macri ya anunci\u00f3 que el objetivo es la mejora en la calidad y la seguridad del servicio. Seg\u00fan el jefe de gobierno esta interrupci\u00f3n llevar a un m\u00ednimo de quince d\u00edas y hasta un m\u00e1ximo de dos meses.<\/p>\n<p>No hay una fecha exacta, pero se conoce que durante la primera quincena de enero comenzar\u00e1 la interrupci\u00f3n. La empresa subterr\u00e1neos de Buenos Aires sociedad del estado anunci\u00f3 la posibilidad de que se extienda este corte de servicio hasta el mes de marzo. Se alzan voces en contra de lo alargado en el tiempo que podr\u00eda ser el periodo de suspensi\u00f3n, incluso las del gobierno nacional, absolutamente contrario a que se establezcan la interrupci\u00f3n en s\u00ed. El propio ministro Florencio randazzo se encarg\u00f3 de decir que es una locura interrumpir el servicio. \u201cEs un anuncio pol\u00edtico para aparecer como re fundador del subte\u201d, expres\u00f3 randazzo con referencia a la decisi\u00f3n del jefe de gobierno porte\u00f1o, Mauricio Macri, quien ya manifest\u00f3 su intenci\u00f3n de reemplazar los viejos vagones Bourgoise por unos coches chinos que suman por entre cinco unidades en total.<\/p>\n<p>La discusi\u00f3n sigue a tal punto, que randazzo hizo hincapi\u00e9 en que fue el gobierno nacional el que compr\u00f3 los vagones que reemplazar\u00e1n a los antiguos y trat\u00f3 o a esta decisi\u00f3n de las autoridades porte\u00f1as como poco seria. Inmediatamente irrumpi\u00f3 en los medios de comunicaci\u00f3n para cruzar al ministro nacional de transporte, el jefe de gabinete del gobierno de la Ciudad de Buenos Aires. Rodr\u00edguez Larreta, recordando la tragedia ferroviaria de Once, remarc\u00f3 que el gobierno nacional no tiene autoridad que en 2013 un excelente servicio de subte para la l\u00ednea a estar\u00e1 en marcha.<\/p>","protected":false},"excerpt":{"rendered":"<p>Ser\u00e1n sesenta d\u00edas en los que la avenida Rivadavia, por m\u00e1s que sea verano y en pleno enero, se ver\u00e1 sobrecargada con referencia al transporte p\u00fablico y habr\u00e1 que ver y estudiar de cerca lo que all\u00ed ocurra para evitar, eventualmente, alg\u00fan colapso. Ser\u00e1n los 60 d\u00edas que no estar\u00e1 funcionando la tradicional l\u00ednea A [&hellip;]<\/p>","protected":false},"author":1,"featured_media":7594,"comment_status":"open","ping_status":"open","sticky":false,"template":"","format":"standard","meta":[],"categories":[1],"tags":[],"series":[],"_links":{"self":[{"href":"https:\/\/www.diario5.com.ar\/es\/wp-json\/wp\/v2\/posts\/4875"}],"collection":[{"href":"https:\/\/www.diario5.com.ar\/es\/wp-json\/wp\/v2\/posts"}],"about":[{"href":"https:\/\/www.diario5.com.ar\/es\/wp-json\/wp\/v2\/types\/post"}],"author":[{"embeddable":true,"href":"https:\/\/www.diario5.com.ar\/es\/wp-json\/wp\/v2\/users\/1"}],"replies":[{"embeddable":true,"href":"https:\/\/www.diario5.com.ar\/es\/wp-json\/wp\/v2\/comments?post=4875"}],"version-history":[{"count":3,"href":"https:\/\/www.diario5.com.ar\/es\/wp-json\/wp\/v2\/posts\/4875\/revisions"}],"predecessor-version":[{"id":7595,"href":"https:\/\/www.diario5.com.ar\/es\/wp-json\/wp\/v2\/posts\/4875\/revisions\/7595"}],"wp:featuredmedia":[{"embeddable":true,"href":"https:\/\/www.diario5.com.ar\/es\/wp-json\/wp\/v2\/media\/7594"}],"wp:attachment":[{"href":"https:\/\/www.diario5.com.ar\/es\/wp-json\/wp\/v2\/media?parent=4875"}],"wp:term":[{"taxonomy":"category","embeddable":true,"href":"https:\/\/www.diario5.com.ar\/es\/wp-json\/wp\/v2\/categories?post=4875"},{"taxonomy":"post_tag","embeddable":true,"href":"https:\/\/www.diario5.com.ar\/es\/wp-json\/wp\/v2\/tags?post=4875"},{"taxonomy":"series","embeddable":true,"href":"https:\/\/www.diario5.com.ar\/es\/wp-json\/wp\/v2\/series?post=4875"}],"curies":[{"name":"wp","href":"https:\/\/api.w.org\/{rel}","templated":true}]}}