{"id":4807,"date":"2013-08-10T22:31:06","date_gmt":"2013-08-10T22:31:06","guid":{"rendered":"http:\/\/diario5.com.ar\/?p=4807"},"modified":"2014-07-31T05:04:27","modified_gmt":"2014-07-31T08:04:27","slug":"el-futuro-de-gabriela-michetti","status":"publish","type":"post","link":"https:\/\/www.diario5.com.ar\/es\/el-futuro-de-gabriela-michetti\/","title":{"rendered":"El futuro de Gabriela Michetti"},"content":{"rendered":"<h2 class=\"sub-title-primary\"><\/h2> <p><a href=\"https:\/\/www.diario5.com.ar\/wp-content\/uploads\/2013\/08\/gabriela_michetti.jpg\"><img decoding=\"async\" loading=\"lazy\" class=\"wp-image-6123 alignleft\" src=\"http:\/\/diario5.com.ar\/wp-content\/uploads\/2013\/08\/gabriela_michetti-300x216.jpg\" alt=\"gabriela_michetti\" width=\"431\" height=\"310\" srcset=\"https:\/\/www.diario5.com.ar\/wp-content\/uploads\/2013\/08\/gabriela_michetti-300x216.jpg 300w, https:\/\/www.diario5.com.ar\/wp-content\/uploads\/2013\/08\/gabriela_michetti-400x288.jpg 400w, https:\/\/www.diario5.com.ar\/wp-content\/uploads\/2013\/08\/gabriela_michetti-260x187.jpg 260w, https:\/\/www.diario5.com.ar\/wp-content\/uploads\/2013\/08\/gabriela_michetti-160x115.jpg 160w, https:\/\/www.diario5.com.ar\/wp-content\/uploads\/2013\/08\/gabriela_michetti.jpg 500w\" sizes=\"(max-width: 431px) 100vw, 431px\" \/><\/a>Se vienen las elecciones internas, las PASO en su segunda edici\u00f3n, en las que a\u00fan no hay una clara tendencia a que la mayor\u00eda de las agrupaciones pol\u00edticas presenten sus listas internas para competir entre s\u00ed. Por lo menos as\u00ed lo est\u00e1n manejando en el Pro, que presenta a todas sus figuras sin competencia alguna entre s\u00ed, para ocupar puestos en las listas de diputados y la renovaci\u00f3n para senador.<\/p>\n<p>Gabriela Michetti va por esa banca del senado por la Ciudad de Buenos Aires, con tantas posibilidades de obtenerla, que ya ha dejado hecha p\u00fablica su intenci\u00f3n de ir por m\u00e1s en 2015, es decir, presentarse como candidata a Jefa de Gobierno de la Ciudad de Buenos Aires, para suceder en el cargo a Mauricio Macri. Este, dice, ser su sue\u00f1o. Naturalmente, no difiere del sue\u00f1o de tantos pol\u00edticos que, luego de haber ocupado cargos legislativos tanto en la Legislatura de la Ciudad como en el Congreso Nacional, se ven en la disyuntiva de presentarse o no al m\u00e1ximo cargo porte\u00f1o. Y aparentemente Gabriela lo intentar\u00e1.<\/p>\n<p>Igual que en cualquier otra agrupaci\u00f3n pol\u00edtica, las candidaturas para cargos ejecutivos (y los otros tambi\u00e9n) requieren del benepl\u00e1cito del l\u00edder de la agrupaci\u00f3n pol\u00edtica. Gabriela Michetti sabe que no ser\u00e1n necesarias gestiones demasiado engorrosas para obtener el visto bueno de Mauricio Macri. Es m\u00e1s, Macri sabe que el Pro podr\u00eda beneficiarse en perspectiva pol\u00edtica si la candidata de su partido para la sucesi\u00f3n en el Gobierno de la Ciudad de Buenos Aires es quien fuera su primera compa\u00f1era de f\u00f3rmula en las elecciones de 2007.<\/p>\n<p>Gabriela Michetti fue entrevistada hoy por radio y con mucha claridad condicion\u00f3 su eventual lanzamiento, como deber\u00eda hacerlo en el mismo sentido cualquier pol\u00edtico por m\u00e1s popular que se sienta:\u00a0 \u201csiempre hay que ver si uno sigue siendo representante de la gente y si es que la gente a\u00fan sigue confiando en uno si se va a postular para otro cargo\u201d. La diputada dej\u00f3 claramente declarado que consider\u00f3 siempre como una posibilidad el aspirar a la sucesi\u00f3n de Mauricio, catalogando a esta opci\u00f3n como su \u201csue\u00f1o pol\u00edtico\u201d.<\/p>\n<p>Aprovech\u00f3 la entrevista de radio once diez para minimizar el eventual corte de boleta que se calcula realizar\u00e1n muchos simpatizantes del Pro, pero que no est\u00e1n dispuestos a poner su voto para que ingrese como diputado el Rabino Sergio Berman, aparentemente el menos beneficiado por las encuestas que individual izan en a cada candidato y que marcan algunas tendencias internas para cada agrupaci\u00f3n pol\u00edtica. La opini\u00f3n de Gabriela Michetti al respecto fue que la gente apoyar\u00e1 el proyecto del paro en su conjunto, si bien entiende que Bergman es menos conocido que ella.<\/p>","protected":false},"excerpt":{"rendered":"<p>Se vienen las elecciones internas, las PASO en su segunda edici\u00f3n, en las que a\u00fan no hay una clara tendencia a que la mayor\u00eda de las agrupaciones pol\u00edticas presenten sus listas internas para competir entre s\u00ed. Por lo menos as\u00ed lo est\u00e1n manejando en el Pro, que presenta a todas sus figuras sin competencia alguna [&hellip;]<\/p>","protected":false},"author":1,"featured_media":6123,"comment_status":"open","ping_status":"open","sticky":false,"template":"","format":"standard","meta":[],"categories":[1],"tags":[],"series":[],"_links":{"self":[{"href":"https:\/\/www.diario5.com.ar\/es\/wp-json\/wp\/v2\/posts\/4807"}],"collection":[{"href":"https:\/\/www.diario5.com.ar\/es\/wp-json\/wp\/v2\/posts"}],"about":[{"href":"https:\/\/www.diario5.com.ar\/es\/wp-json\/wp\/v2\/types\/post"}],"author":[{"embeddable":true,"href":"https:\/\/www.diario5.com.ar\/es\/wp-json\/wp\/v2\/users\/1"}],"replies":[{"embeddable":true,"href":"https:\/\/www.diario5.com.ar\/es\/wp-json\/wp\/v2\/comments?post=4807"}],"version-history":[{"count":2,"href":"https:\/\/www.diario5.com.ar\/es\/wp-json\/wp\/v2\/posts\/4807\/revisions"}],"predecessor-version":[{"id":6124,"href":"https:\/\/www.diario5.com.ar\/es\/wp-json\/wp\/v2\/posts\/4807\/revisions\/6124"}],"wp:featuredmedia":[{"embeddable":true,"href":"https:\/\/www.diario5.com.ar\/es\/wp-json\/wp\/v2\/media\/6123"}],"wp:attachment":[{"href":"https:\/\/www.diario5.com.ar\/es\/wp-json\/wp\/v2\/media?parent=4807"}],"wp:term":[{"taxonomy":"category","embeddable":true,"href":"https:\/\/www.diario5.com.ar\/es\/wp-json\/wp\/v2\/categories?post=4807"},{"taxonomy":"post_tag","embeddable":true,"href":"https:\/\/www.diario5.com.ar\/es\/wp-json\/wp\/v2\/tags?post=4807"},{"taxonomy":"series","embeddable":true,"href":"https:\/\/www.diario5.com.ar\/es\/wp-json\/wp\/v2\/series?post=4807"}],"curies":[{"name":"wp","href":"https:\/\/api.w.org\/{rel}","templated":true}]}}