{"id":4784,"date":"2019-09-20T20:03:41","date_gmt":"2019-09-20T23:03:41","guid":{"rendered":"http:\/\/diario5.com.ar\/?p=4784"},"modified":"2019-09-01T20:05:40","modified_gmt":"2019-09-01T23:05:40","slug":"los-contenedores-de-residuos","status":"publish","type":"post","link":"https:\/\/www.diario5.com.ar\/es\/los-contenedores-de-residuos\/","title":{"rendered":"Los eternos conflictos por los residuos"},"content":{"rendered":"<h2 class=\"sub-title-primary\"><\/h2> <figure id=\"attachment_8755\" aria-describedby=\"caption-attachment-8755\" style=\"width: 612px\" class=\"wp-caption alignright\"><img decoding=\"async\" loading=\"lazy\" class=\"wp-image-8755\" src=\"http:\/\/diario5.com.ar\/wp-content\/uploads\/2016\/05\/contenedor1.jpg\" alt=\"contenedor1\" width=\"612\" height=\"456\" srcset=\"https:\/\/www.diario5.com.ar\/wp-content\/uploads\/2016\/05\/contenedor1.jpg 466w, https:\/\/www.diario5.com.ar\/wp-content\/uploads\/2016\/05\/contenedor1-300x223.jpg 300w, https:\/\/www.diario5.com.ar\/wp-content\/uploads\/2016\/05\/contenedor1-400x298.jpg 400w, https:\/\/www.diario5.com.ar\/wp-content\/uploads\/2016\/05\/contenedor1-260x194.jpg 260w, https:\/\/www.diario5.com.ar\/wp-content\/uploads\/2016\/05\/contenedor1-160x119.jpg 160w\" sizes=\"(max-width: 612px) 100vw, 612px\" \/><figcaption id=\"caption-attachment-8755\" class=\"wp-caption-text\">Hoy, la gran mayor\u00eda de los contenedores no tiene pedal para abrir la tapa<\/figcaption><\/figure>\n<p>No es exclusivo de la capital argentina. Sucede en todas las grandes urbes del\u00a0 mundo. Los m\u00faltiples conflictos suscitados tras la reglamentaci\u00f3n del uso de contenedores para arrojar basura en la Ciudad de Buenos Aires pueden comenzar a encontrar soluci\u00f3n acrecentando las medidas de seguridad e higiene para su uso y disponiendo de contenedores de diversos tama\u00f1os.<\/p>\n<p>Ya es parte de la nueva identidad porte\u00f1a que los ba\u00fales pl\u00e1sticos gigantes con pedal para la apertura de su tapa no fueron bien recibidos en todas las cuadras donde fueron instalados. Hoy, pasados unos a\u00f1os de aquellos contenedores iniciales, ya abundan los que no tienen pedal y se hace necesario abrirlos levantando la tapa con la\u00a0 mano.<\/p>\n<p>M\u00e1s all\u00e1 de que se supon\u00eda que podr\u00eda existir una guerra entre frentistas para sacarse de encima el armatoste, habr\u00eda que encontrar mayor variedad de tama\u00f1os de estos contenedores y adaptar esa diferencia de volumen seg\u00fan la calle donde tenga que ubicarse.<\/p>\n<p>Son varios los inconvenientes que se han generado: a esa puja por evitar que esos inmensos tachos de basura queden frente a la puerta de su edificio o su local comercial se suma que en los alrededores del recipiente casi siempre queda basura en el suelo.<\/p>\n<p>Por ese y otros motivos es que la conflictividad pas\u00f3 a ser m\u00faltiple. Existen elementos que generan discusiones entre los propios vecinos mientras que los hay otros, m\u00e1s globales, que hacen alzar la voz frente a las autoridades porque el posicionamiento de los containers resulta arbitrario.<\/p>\n<p>El inconveniente de ese tama\u00f1o se hace notable cuando se lo ubica en calles cuyo insuficiente ancho invita a su reemplazo por alg\u00fan otro, por ejemplo del tipo del que utiliza ruedas, pero de uso fij\u00f3 en un determinado punto de la cuadra. Es decir, un tercer estilo del contenedor, que promedie la operatividad de los dos que se hallan en funcionamiento, sobre todo en el microcentro. Es que la manipulaci\u00f3n del carro con ruedas complica a quienes, saliendo a la vereda en su b\u00fasqueda para arrojar basura, no lo encuentran o lo ve a muchos metros de distancia e incluso fuera de la cuadra.<\/p>\n<p>El Otro punto que aporta enormemente al nivel actual de conflictividad es el de la diferenciaci\u00f3n de residuos y a arrojar en containers destinados para su correspondiente fin. Una campa\u00f1a para explicar la necesaria diferenciaci\u00f3n por parte de los ciudadanos nunca ser\u00e1 suficiente. Se hace necesario recordarlo en forma permanente e incluso con cambios constantes en la manera de presentar el mensaje. Es m\u00e1s: es tan importante este tema que si aprovechamos esta oportunidad, cuando el convencimiento de la necesidad del reciclaje est\u00e1 apenas naciendo, que si logramos concientizar a los m\u00e1s peque\u00f1os y j\u00f3venes, habremos construido los cimientos de la necesaria transformaci\u00f3n que todos anhelamos en pos de una ciudad con claro respecto por las pautas ecol\u00f3gicas.<\/p>\n<p>Seguimos paso a paso el desarrollo del conocimiento acerca de c\u00f3mo actuar a favor de la higiene urbana de la\u00a0Ciudad de Buenos Aires en Diario5, donde permanentemente complementamos y actualizamos estos temas. El entramado de conflictos abiertos por los contenedores est\u00e1 latente y no es f\u00e1cil que toda una ciudad se ponga de acuerdo por ellos. Se trata -nada menos- que de la basura.<\/p>","protected":false},"excerpt":{"rendered":"<p>No es exclusivo de la capital argentina. Sucede en todas las grandes urbes del\u00a0 mundo. Los m\u00faltiples conflictos suscitados tras la reglamentaci\u00f3n del uso de contenedores para arrojar basura en la Ciudad de Buenos Aires pueden comenzar a encontrar soluci\u00f3n acrecentando las medidas de seguridad e higiene para su uso y disponiendo de contenedores de [&hellip;]<\/p>","protected":false},"author":1,"featured_media":8755,"comment_status":"open","ping_status":"open","sticky":false,"template":"","format":"standard","meta":[],"categories":[3],"tags":[],"series":[],"_links":{"self":[{"href":"https:\/\/www.diario5.com.ar\/es\/wp-json\/wp\/v2\/posts\/4784"}],"collection":[{"href":"https:\/\/www.diario5.com.ar\/es\/wp-json\/wp\/v2\/posts"}],"about":[{"href":"https:\/\/www.diario5.com.ar\/es\/wp-json\/wp\/v2\/types\/post"}],"author":[{"embeddable":true,"href":"https:\/\/www.diario5.com.ar\/es\/wp-json\/wp\/v2\/users\/1"}],"replies":[{"embeddable":true,"href":"https:\/\/www.diario5.com.ar\/es\/wp-json\/wp\/v2\/comments?post=4784"}],"version-history":[{"count":6,"href":"https:\/\/www.diario5.com.ar\/es\/wp-json\/wp\/v2\/posts\/4784\/revisions"}],"predecessor-version":[{"id":614370,"href":"https:\/\/www.diario5.com.ar\/es\/wp-json\/wp\/v2\/posts\/4784\/revisions\/614370"}],"wp:featuredmedia":[{"embeddable":true,"href":"https:\/\/www.diario5.com.ar\/es\/wp-json\/wp\/v2\/media\/8755"}],"wp:attachment":[{"href":"https:\/\/www.diario5.com.ar\/es\/wp-json\/wp\/v2\/media?parent=4784"}],"wp:term":[{"taxonomy":"category","embeddable":true,"href":"https:\/\/www.diario5.com.ar\/es\/wp-json\/wp\/v2\/categories?post=4784"},{"taxonomy":"post_tag","embeddable":true,"href":"https:\/\/www.diario5.com.ar\/es\/wp-json\/wp\/v2\/tags?post=4784"},{"taxonomy":"series","embeddable":true,"href":"https:\/\/www.diario5.com.ar\/es\/wp-json\/wp\/v2\/series?post=4784"}],"curies":[{"name":"wp","href":"https:\/\/api.w.org\/{rel}","templated":true}]}}