{"id":4782,"date":"2019-03-15T18:31:16","date_gmt":"2019-03-15T21:31:16","guid":{"rendered":"http:\/\/diario5.com.ar\/?p=4782"},"modified":"2019-03-19T13:20:43","modified_gmt":"2019-03-19T16:20:43","slug":"el-pasaje-seaver","status":"publish","type":"post","link":"https:\/\/www.diario5.com.ar\/es\/el-pasaje-seaver\/","title":{"rendered":"El Pasaje Seaver"},"content":{"rendered":"<h2 class=\"sub-title-primary\"><\/h2> <figure id=\"attachment_6117\" aria-describedby=\"caption-attachment-6117\" style=\"width: 600px\" class=\"wp-caption alignright\"><a href=\"https:\/\/www.diario5.com.ar\/wp-content\/uploads\/2013\/08\/Pasaje_Seaver.jpg\"><img decoding=\"async\" loading=\"lazy\" class=\"wp-image-6117\" src=\"http:\/\/diario5.com.ar\/wp-content\/uploads\/2013\/08\/Pasaje_Seaver.jpg\" alt=\"Pasaje_Seaver\" width=\"600\" height=\"543\" srcset=\"https:\/\/www.diario5.com.ar\/wp-content\/uploads\/2013\/08\/Pasaje_Seaver.jpg 240w, https:\/\/www.diario5.com.ar\/wp-content\/uploads\/2013\/08\/Pasaje_Seaver-160x145.jpg 160w\" sizes=\"(max-width: 600px) 100vw, 600px\" \/><\/a><figcaption id=\"caption-attachment-6117\" class=\"wp-caption-text\">Pasaje Seaver, Retiro, 1968<\/figcaption><\/figure>\n<p>Hab\u00edamos nacido a principios de los sesentas. Todo lo porte\u00f1o que ten\u00edamos enfrente y de cuya tradici\u00f3n apenas entend\u00edamos lo que se nos contaba, lo sent\u00edamos como propio tambi\u00e9n.<\/p>\n<p>Cuando uno es joven y ya comienza a comprender con claridad la rueda del tiempo, de tal modo que ya se establezca all\u00ed una manera especial de valorar las cosas que atravesaron los a\u00f1os, entre ellos, los a\u00f1os nuestros. Es decir, todo aquello que ven\u00eda haciendo reliquia porque fue altamente valorado por nuestros mayores y que tambi\u00e9n nos estaba dejando alg\u00fan tipo de satisfacci\u00f3n a nosotros mismos, pasaba a ser valorado por nosotros.<\/p>\n<p>Esto pas\u00f3 con muchas calles, callejones, callejuelas, rincones, pasajes, callecitas, peque\u00f1as plazoletas cuadradas, triangulares, circulares, etc, de la Ciudad de Buenos Aires.<\/p>\n<p>Una de las m\u00e1s hermosas \u201cherencias\u201d que nos hab\u00edan dejado los mayores porte\u00f1os a nosotros, los que todav\u00eda est\u00e1bamos aprendiendo a entender la mudanza de puerto madero a puerto Nuevo, fue el pasaje Seaver, el que romp\u00eda la manzana del recorrido final de las calles Carlos Pellegr\u00edni y Cerrito, con una sola cuadra desde Posadas a Avenida del Libertador, en un sector cargado de una impronta rom\u00e1ntica por motivos varios, especialmente por su angostura, su corto recorrido y la cinematogr\u00e1fica escalinata por la que se acced\u00eda a recorrerlo bajando desde la calle Posadas.<\/p>\n<p>Aqu\u00ed vamos a explicar en detalle por qu\u00e9 remarc\u00e1bamos que nosotros deb\u00edamos sacar pecho y mostrar algo los dientes para que las generaciones anteriores nos permitan sentirnos tambi\u00e9n due\u00f1os de algo tan tradicional como hab\u00eda sido el pasaje Seaver: all\u00ed hab\u00eda funcionado el cabaret Can Can, insoslayable en la historia de la noche porte\u00f1a, all\u00ed se hab\u00eda realizado una de las reuniones pol\u00edticas clave de la historia moderna Argentina, algo as\u00ed como un pacto de oficializaci\u00f3n del peronismo como nuevo y trascendenter pol\u00edtico: en un atelier del colosal callejoncito naci\u00f3 nada menos que el Partido Laborista, perge\u00f1ado por pol\u00edticos, militares y sindicalistas, apenas pocos d\u00edas despu\u00e9s de la proclamaci\u00f3n y consagraci\u00f3n como l\u00edder de Juan Domingo Per\u00f3n, aquel 17 de octubre de 1945. Eran demasiadas cosas de evidente propiedad de nuestros mayores.<\/p>\n<p>El pasaje Seaver, como tantos lugares de la ciudad, era \u201cde todos\u201d en los papeles, en las teor\u00edas globales de derechos de los ciudadanos, pero el v\u00ednculo generado entre ese lugar y las generaciones que protagonizaron all\u00ed hechos tan trascendentes, los obligaba, en alguna medida a dar un paso al costado para sacar \u201cchapa\u201d de due\u00f1os del lugar. Pero para algunos de los \u201cnuevos\u201d,\u00a0 los que \u00e9ramos amantes de las canciones de la m\u00fasica Nacional Contempor\u00e1nea, lo que hoy se denomina el Rock Nacional, hab\u00eda llegado la c\u00e9dula de notificaci\u00f3n que nos posicionaba como porte\u00f1os de fibra: nuestro primera \u00e1ngel de la canci\u00f3n, Tanguito, Rams\u00e9s VII (y tantos nombres que tuvo) aquel de Amor de Primavera, se sentaba en las po\u00e9ticas escalinatas del pasaje a arpegiar la guitarra y probablemente a encontrar y inspiraci\u00f3n para canciones.<\/p>\n<p>Con el paso del tiempo, los \u201chitos\u201d de los que nos enter\u00e1bamos y aquellos que se produc\u00edan en el pasaje Seaver, a favor tanto de nuestra generaci\u00f3n como de la de la d\u00e9cada de oro del tango, fueron creciendo y enriqueciendo el cofre cultural de los porte\u00f1os todos. Pero un buen d\u00eda, cuando compart\u00edamos con nuestros Padres y abuelos la propiedad de ese rinconcito de estilo parisino, en los iniciales 70s se sentenci\u00f3 a muerte tanto el Seaver como a casi todo el Barrio del Socorro y termin\u00f3 por ser demolido junto a las casas de faroles que lo conformaban, en el oto\u00f1o de 1979, dejando as\u00ed listo para su trazado el tramo final de la Avenida 9 de Julio, all\u00ed, donde empalma con la autopista Arturo Illia.<\/p>\n<p>Hoy, si naciste varias d\u00e9cadas m\u00e1s tarde de la desaparici\u00f3n de esa belleza porte\u00f1a, basta con que busques entre tanta informaci\u00f3n nost\u00e1lgica de la Ciudad, sepas de que se trat\u00f3 y par\u00e1ndote sobre la Avenida del libertador, justo debajo del autopista, te la imagines angostita, empedrada y con una escalinata que evitaba que la calle estuviera en barranca, ubicada exactamente donde ahora est\u00e1n esos coquetos restaurantes de la calle Posadas, ser\u00e1s tambi\u00e9n acreedor de tu parte de propiedad del pasaje Seaver<\/p>\n<div>Y est\u00e1 en libros, pel\u00edculas, poemas y prosas (lo encontrar\u00e1s en la wiki). Lo importante es que ahora sab\u00e9s de \u00e9l. Como quien recala en el dato de las dos fundaciones de Buenos Aires, o en el de los goles de Di St\u00e9fano o el arribo de millones de inmigrantes en el Puerto. Todo porte\u00f1o. Todo propio. De todos.<\/div>","protected":false},"excerpt":{"rendered":"<p>Hab\u00edamos nacido a principios de los sesentas. Todo lo porte\u00f1o que ten\u00edamos enfrente y de cuya tradici\u00f3n apenas entend\u00edamos lo que se nos contaba, lo sent\u00edamos como propio tambi\u00e9n. Cuando uno es joven y ya comienza a comprender con claridad la rueda del tiempo, de tal modo que ya se establezca all\u00ed una manera especial [&hellip;]<\/p>","protected":false},"author":3,"featured_media":6117,"comment_status":"open","ping_status":"open","sticky":false,"template":"","format":"standard","meta":[],"categories":[1],"tags":[],"series":[],"_links":{"self":[{"href":"https:\/\/www.diario5.com.ar\/es\/wp-json\/wp\/v2\/posts\/4782"}],"collection":[{"href":"https:\/\/www.diario5.com.ar\/es\/wp-json\/wp\/v2\/posts"}],"about":[{"href":"https:\/\/www.diario5.com.ar\/es\/wp-json\/wp\/v2\/types\/post"}],"author":[{"embeddable":true,"href":"https:\/\/www.diario5.com.ar\/es\/wp-json\/wp\/v2\/users\/3"}],"replies":[{"embeddable":true,"href":"https:\/\/www.diario5.com.ar\/es\/wp-json\/wp\/v2\/comments?post=4782"}],"version-history":[{"count":10,"href":"https:\/\/www.diario5.com.ar\/es\/wp-json\/wp\/v2\/posts\/4782\/revisions"}],"predecessor-version":[{"id":610230,"href":"https:\/\/www.diario5.com.ar\/es\/wp-json\/wp\/v2\/posts\/4782\/revisions\/610230"}],"wp:featuredmedia":[{"embeddable":true,"href":"https:\/\/www.diario5.com.ar\/es\/wp-json\/wp\/v2\/media\/6117"}],"wp:attachment":[{"href":"https:\/\/www.diario5.com.ar\/es\/wp-json\/wp\/v2\/media?parent=4782"}],"wp:term":[{"taxonomy":"category","embeddable":true,"href":"https:\/\/www.diario5.com.ar\/es\/wp-json\/wp\/v2\/categories?post=4782"},{"taxonomy":"post_tag","embeddable":true,"href":"https:\/\/www.diario5.com.ar\/es\/wp-json\/wp\/v2\/tags?post=4782"},{"taxonomy":"series","embeddable":true,"href":"https:\/\/www.diario5.com.ar\/es\/wp-json\/wp\/v2\/series?post=4782"}],"curies":[{"name":"wp","href":"https:\/\/api.w.org\/{rel}","templated":true}]}}