{"id":4774,"date":"2015-03-04T11:41:39","date_gmt":"2015-03-04T14:41:39","guid":{"rendered":"http:\/\/diario5.com.ar\/?p=4774"},"modified":"2015-08-26T19:45:04","modified_gmt":"2015-08-26T22:45:04","slug":"fotomultas","status":"publish","type":"post","link":"https:\/\/www.diario5.com.ar\/es\/fotomultas\/","title":{"rendered":"Fotomultas"},"content":{"rendered":"<h2 class=\"sub-title-primary\"><\/h2> <p><a href=\"https:\/\/www.diario5.com.ar\/wp-content\/uploads\/2015\/10\/fotomultas.jpg\"><img decoding=\"async\" loading=\"lazy\" class=\"wp-image-7603 alignleft\" src=\"http:\/\/diario5.com.ar\/wp-content\/uploads\/2015\/10\/fotomultas-300x168.jpg\" alt=\"fotomultas\" width=\"448\" height=\"251\" \/><\/a>Aparentemente, el servicio habilitado para que los ciudadanos puedan enviar fotograf\u00edas al Gobierno de la Ciudad de Buenos Aires para que, a partir de esta imagen, se establezca la llamada \u201cFotomulta\u201d, viene dando un resultado que muestra cierta compulsi\u00f3n por parte de algunos ciudadanos, inmersos en el placer de haberse erigido en un singular a apoyo al personal policial.<\/p>\n<p>Un informe de los \u00faltimos d\u00edas indic\u00f3 que se hab\u00edan hecho 21.000 Fotomultas en los estos dos a\u00f1os desde que se puso en marcha el Sistema Compromiso Vial Ciudadano. Es, evidentemente un buen mecanismo para documentar la justificaci\u00f3n de lo que se recauda, m\u00e1s tomando en cuenta que realmente existen muchos casos de automovilistas que dejan sus veh\u00edculos en lugares tan ajenos a lo que puede dictar el sentido com\u00fan, que terminamos pensando que con esa mirada el sistema es un \u00e9xito.<\/p>\n<p>Sendas peatonales, ochavas, veredas, parques, plazas, bulevares, entradas de garajes, doble o triple fila, espacios reservados, etc, son varios de los puntos de prohibici\u00f3n de estacionamiento y que, seg\u00fan las fotograf\u00edas, se puede comprobar una inmensa cantidad de personas que no estiman posibilidad alguna de ofrecer respeto por la norma y no s\u00f3lo  estacionan al paso, sino que en muchos casos dejan su veh\u00edculo \u201cdurmiendo\u201d donde, naturalmente, producen desde un entorpecimiento moment\u00e1neo hasta graves actos de bloqueo de todo tipo a terceros.<\/p>\n<p>M\u00e1s all\u00e1 del chequeo de su propia energ\u00eda de control al que se somete el Gobierno de la Ciudad con este sistema en el que invita a los ciudadanos a que tomen una fotograf\u00eda a los autom\u00f3viles mal estacionados, ser\u00edan posibles ciertos proyectos de obra a tomar en cuenta, para que en las Avenidas en las que se est\u00e1n realizando las prolongaciones de las l\u00edneas de subterr\u00e1neos puedan establecerse, junto a la misma construcci\u00f3n de t\u00faneles, algunas excavaciones complementarias en sectores cercanos, para que sean aprovechados como estacionamiento, ya que est\u00e1 comprobado que en los alrededores de las bocas de subte de las \u00faltimas cabeceras habilitadas (en Flores por la l\u00ednea A y en Villa Urquiza por la l\u00ednea B) se llenan de autos todas las cuadras de calles circundantes.<\/p>","protected":false},"excerpt":{"rendered":"<p>Aparentemente, el servicio habilitado para que los ciudadanos puedan enviar fotograf\u00edas al Gobierno de la Ciudad de Buenos Aires para que, a partir de esta imagen, se establezca la llamada \u201cFotomulta\u201d, viene dando un resultado que muestra cierta compulsi\u00f3n por parte de algunos ciudadanos, inmersos en el placer de haberse erigido en un singular a [&hellip;]<\/p>","protected":false},"author":1,"featured_media":7603,"comment_status":"open","ping_status":"open","sticky":false,"template":"","format":"standard","meta":[],"categories":[6],"tags":[],"series":[],"_links":{"self":[{"href":"https:\/\/www.diario5.com.ar\/es\/wp-json\/wp\/v2\/posts\/4774"}],"collection":[{"href":"https:\/\/www.diario5.com.ar\/es\/wp-json\/wp\/v2\/posts"}],"about":[{"href":"https:\/\/www.diario5.com.ar\/es\/wp-json\/wp\/v2\/types\/post"}],"author":[{"embeddable":true,"href":"https:\/\/www.diario5.com.ar\/es\/wp-json\/wp\/v2\/users\/1"}],"replies":[{"embeddable":true,"href":"https:\/\/www.diario5.com.ar\/es\/wp-json\/wp\/v2\/comments?post=4774"}],"version-history":[{"count":5,"href":"https:\/\/www.diario5.com.ar\/es\/wp-json\/wp\/v2\/posts\/4774\/revisions"}],"predecessor-version":[{"id":7605,"href":"https:\/\/www.diario5.com.ar\/es\/wp-json\/wp\/v2\/posts\/4774\/revisions\/7605"}],"wp:featuredmedia":[{"embeddable":true,"href":"https:\/\/www.diario5.com.ar\/es\/wp-json\/wp\/v2\/media\/7603"}],"wp:attachment":[{"href":"https:\/\/www.diario5.com.ar\/es\/wp-json\/wp\/v2\/media?parent=4774"}],"wp:term":[{"taxonomy":"category","embeddable":true,"href":"https:\/\/www.diario5.com.ar\/es\/wp-json\/wp\/v2\/categories?post=4774"},{"taxonomy":"post_tag","embeddable":true,"href":"https:\/\/www.diario5.com.ar\/es\/wp-json\/wp\/v2\/tags?post=4774"},{"taxonomy":"series","embeddable":true,"href":"https:\/\/www.diario5.com.ar\/es\/wp-json\/wp\/v2\/series?post=4774"}],"curies":[{"name":"wp","href":"https:\/\/api.w.org\/{rel}","templated":true}]}}