{"id":4763,"date":"2015-03-11T17:21:53","date_gmt":"2015-03-11T20:21:53","guid":{"rendered":"http:\/\/diario5.com.ar\/?p=4763"},"modified":"2015-07-22T01:23:15","modified_gmt":"2015-07-22T04:23:15","slug":"miles-de-marcas-en-las-mesas","status":"publish","type":"post","link":"https:\/\/www.diario5.com.ar\/es\/miles-de-marcas-en-las-mesas\/","title":{"rendered":"Miles de marcas en las mesas"},"content":{"rendered":"<h2 class=\"sub-title-primary\"><\/h2> <p><a href=\"https:\/\/www.diario5.com.ar\/wp-content\/uploads\/2013\/08\/foto0129.jpg\"><img decoding=\"async\" loading=\"lazy\" class=\"alignleft  wp-image-4764\" src=\"http:\/\/diario5.com.ar\/wp-content\/uploads\/2013\/08\/foto0129-1024x768.jpg\" alt=\"foto0129\" width=\"614\" height=\"461\" srcset=\"https:\/\/www.diario5.com.ar\/wp-content\/uploads\/2013\/08\/foto0129-1024x768.jpg 1024w, https:\/\/www.diario5.com.ar\/wp-content\/uploads\/2013\/08\/foto0129-300x225.jpg 300w, https:\/\/www.diario5.com.ar\/wp-content\/uploads\/2013\/08\/foto0129-768x576.jpg 768w, https:\/\/www.diario5.com.ar\/wp-content\/uploads\/2013\/08\/foto0129-1536x1152.jpg 1536w, https:\/\/www.diario5.com.ar\/wp-content\/uploads\/2013\/08\/foto0129-400x300.jpg 400w, https:\/\/www.diario5.com.ar\/wp-content\/uploads\/2013\/08\/foto0129-260x195.jpg 260w, https:\/\/www.diario5.com.ar\/wp-content\/uploads\/2013\/08\/foto0129-160x120.jpg 160w, https:\/\/www.diario5.com.ar\/wp-content\/uploads\/2013\/08\/foto0129.jpg 2048w\" sizes=\"(max-width: 614px) 100vw, 614px\" \/><\/a>En la letra de la canci\u00f3n \u201cpupitre marr\u00f3n\u201d del d\u00fao Vivencia, Eduardo Fazio y H\u00e9ctor Ayala eternizaron la frase \u201cPupitre marr\u00f3n plagado de huellas, que el tiempo tall\u00f3 con mano maestra\u201d haciendo referencia a cuanto comp\u00e1s atac\u00f3 la madera de un escritorio escolar, a trav\u00e9s de los a\u00f1os y de las generaciones de estudiantes que lo ocupaban. Esa plaga de huellas a la que se refiere el tema, no nos hace imaginar cuantas m\u00e1s marcas pod\u00eda recibir, algunos a\u00f1os m\u00e1s tarde, una mesa del bar Dorrego, frente a la plaza del mismo nombre, en el coraz\u00f3n mismo del Barrio de San Telmo.<\/p>\n<p><i>Pupitre Marr\u00f3n<\/i> remarca las marcas, valga el juego de palabras, en un tiempo en el que dejar algo comunicado, por cualquier v\u00eda, incluyendo esa de tomar un elemento punzante y grabar, cual gubia, para los tiempos, alg\u00fan mensaje, no era compulsivo como lo es ahora. Esa es, definitivamente, la diferencia. La compulsi\u00f3n se observa tanto en esa mesa de bar, como en los graffitis pintados con aerosol sobre las paredes, en las redes sociales de internet, en los SMS de los celulares y en las llamadas de los oyentes a las radios. Todo es compulsivo y sin una mayor motivaci\u00f3n que lo justifique: lo importante es comunicarse. Comunicar. Comunicar algo.<\/p>\n<p>Probablemente una persona que hoy se expresa sin control ni una gu\u00eda motivacional definida, lo haga como efecto de continuidad, tras haber, s\u00ed, logrado llegar a los dem\u00e1s cuando, con anterioridad, tuvo una necesidad real de hacerlo. Sin entrar demasiado en el terreno de la psicolog\u00eda, el mundo de las comunicaciones, especialmente el de \u201cla\u201d comunicaci\u00f3n, ese que termina derivando en el placer por los medios, precisamente, suele fascinar. Y cuando se lo prueba (insistimos, quiz\u00e1s surja de una necesidad inicial de comunicar algo importante a varios o muchos) puede causar adicci\u00f3n, aunque a esta altura ya se carezca de mensaje. Hace algunos a\u00f1os, pensar as\u00ed parec\u00eda exagerado. Hoy, no lo es. As\u00ed vivimos, comunicando lo que muchas veces no hace falta, subiendo videos a internet que muestran nuestras cosas \u00edntimas sin medir que no podemos elegir quienes queremos que lo vean y qui\u00e9nes no.<\/p>\n<p>De todos modos y en concordancia con el esp\u00edritu que los miembros de Vivencia quer\u00edan expresar con su canci\u00f3n, notamos que las huellas compulsivamente dejadas en cada una de las mesas de los bares porte\u00f1os acumulan belleza y nostalgia, sin soslayar que aportan un elemento important\u00edsimo a la carga de bohemia que nunca deben dejar de tener algunos rincones de la Reina del Plata.<\/p>","protected":false},"excerpt":{"rendered":"<p>En la letra de la canci\u00f3n \u201cpupitre marr\u00f3n\u201d del d\u00fao Vivencia, Eduardo Fazio y H\u00e9ctor Ayala eternizaron la frase \u201cPupitre marr\u00f3n plagado de huellas, que el tiempo tall\u00f3 con mano maestra\u201d haciendo referencia a cuanto comp\u00e1s atac\u00f3 la madera de un escritorio escolar, a trav\u00e9s de los a\u00f1os y de las generaciones de estudiantes que [&hellip;]<\/p>","protected":false},"author":1,"featured_media":4764,"comment_status":"open","ping_status":"open","sticky":false,"template":"","format":"standard","meta":[],"categories":[6],"tags":[],"series":[],"_links":{"self":[{"href":"https:\/\/www.diario5.com.ar\/es\/wp-json\/wp\/v2\/posts\/4763"}],"collection":[{"href":"https:\/\/www.diario5.com.ar\/es\/wp-json\/wp\/v2\/posts"}],"about":[{"href":"https:\/\/www.diario5.com.ar\/es\/wp-json\/wp\/v2\/types\/post"}],"author":[{"embeddable":true,"href":"https:\/\/www.diario5.com.ar\/es\/wp-json\/wp\/v2\/users\/1"}],"replies":[{"embeddable":true,"href":"https:\/\/www.diario5.com.ar\/es\/wp-json\/wp\/v2\/comments?post=4763"}],"version-history":[{"count":2,"href":"https:\/\/www.diario5.com.ar\/es\/wp-json\/wp\/v2\/posts\/4763\/revisions"}],"predecessor-version":[{"id":7103,"href":"https:\/\/www.diario5.com.ar\/es\/wp-json\/wp\/v2\/posts\/4763\/revisions\/7103"}],"wp:featuredmedia":[{"embeddable":true,"href":"https:\/\/www.diario5.com.ar\/es\/wp-json\/wp\/v2\/media\/4764"}],"wp:attachment":[{"href":"https:\/\/www.diario5.com.ar\/es\/wp-json\/wp\/v2\/media?parent=4763"}],"wp:term":[{"taxonomy":"category","embeddable":true,"href":"https:\/\/www.diario5.com.ar\/es\/wp-json\/wp\/v2\/categories?post=4763"},{"taxonomy":"post_tag","embeddable":true,"href":"https:\/\/www.diario5.com.ar\/es\/wp-json\/wp\/v2\/tags?post=4763"},{"taxonomy":"series","embeddable":true,"href":"https:\/\/www.diario5.com.ar\/es\/wp-json\/wp\/v2\/series?post=4763"}],"curies":[{"name":"wp","href":"https:\/\/api.w.org\/{rel}","templated":true}]}}