{"id":4741,"date":"2019-06-10T21:12:35","date_gmt":"2019-06-11T00:12:35","guid":{"rendered":"http:\/\/diario5.com.ar\/?p=4741"},"modified":"2019-06-10T23:51:21","modified_gmt":"2019-06-11T02:51:21","slug":"el-museo-de-arte-moderno","status":"publish","type":"post","link":"https:\/\/www.diario5.com.ar\/es\/el-museo-de-arte-moderno\/","title":{"rendered":"El Museo de Arte Moderno"},"content":{"rendered":"<h2 class=\"sub-title-primary\"><\/h2> <p><a href=\"https:\/\/www.diario5.com.ar\/wp-content\/uploads\/2013\/08\/foto0126.jpg\"><img decoding=\"async\" loading=\"lazy\" class=\"wp-image-4742 alignright\" src=\"http:\/\/diario5.com.ar\/wp-content\/uploads\/2013\/08\/foto0126-1024x768.jpg\" alt=\"foto0126\" width=\"508\" height=\"381\" srcset=\"https:\/\/www.diario5.com.ar\/wp-content\/uploads\/2013\/08\/foto0126-1024x768.jpg 1024w, https:\/\/www.diario5.com.ar\/wp-content\/uploads\/2013\/08\/foto0126-300x225.jpg 300w, https:\/\/www.diario5.com.ar\/wp-content\/uploads\/2013\/08\/foto0126-768x576.jpg 768w, https:\/\/www.diario5.com.ar\/wp-content\/uploads\/2013\/08\/foto0126-1536x1152.jpg 1536w, https:\/\/www.diario5.com.ar\/wp-content\/uploads\/2013\/08\/foto0126-400x300.jpg 400w, https:\/\/www.diario5.com.ar\/wp-content\/uploads\/2013\/08\/foto0126-260x195.jpg 260w, https:\/\/www.diario5.com.ar\/wp-content\/uploads\/2013\/08\/foto0126-160x120.jpg 160w, https:\/\/www.diario5.com.ar\/wp-content\/uploads\/2013\/08\/foto0126.jpg 2048w\" sizes=\"(max-width: 508px) 100vw, 508px\" \/><\/a>La Exposici\u00f3n de Yoko Ono de 1998 lo reposicion\u00f3 definitivamente como un epicentro de la vida art\u00edstica revolucionaria. No porque se haya tratado de una muestra cuya autora fuese una celebridad con aristas suplementarias (nada menos que la viuda de John Lennon) sino porque aquellas decenas de ata\u00fades peque\u00f1os de los que surg\u00edan arbolitos reci\u00e9n plantados iluminados por el sol que se colaba por entre el enrejado de los ventanales de la Av. San Juan, superaba tantos l\u00edmites que para una instituci\u00f3n con ese nombre le val\u00eda un sacud\u00f3n\u00a0refrescante que alimentara la invitaci\u00f3n a un p\u00fablico nuevo.<\/p>\n<p>El Museo de Arte Moderno de la Ciudad de Buenos Aires cruz\u00f3 algunas etapas que lo han depositado, finalmente, en una instancia f\u00edsica e institucional aut\u00e9nticamente coherente con su nombre. Se ha modernizado, tanto desde el punto de vista de la programaci\u00f3n de sus exposiciones, en el v\u00ednculo con los otros grandes museos de vanguardia en el mundo, como en cuanto al aspecto f\u00edsico que presenta en la actualidad, tanto en su interior como en su impactante fachada, sin dejar de tomar en cuenta que se le ha construido un complemento en el terreno que ocupa la esquina de la Avenida San Juan y Defensa, que lo transforma, aparte, en un museo \u201cgrandes\u201d.<\/p>\n<p>La instituci\u00f3n hoy a cargo de Victoria Noorthoorn sigui\u00f3 las ideas de Rafael Squirru y en 1956 abri\u00f3 sus puertas para comenzar a mostrar a los porte\u00f1os y a quienes visitar\u00e1n la ciudad a, claras expresiones art\u00edsticas desprendidas absolutamente de las t\u00e9cnicas tradicionales de las bellas artes, pero que sin salas demuestra que las alberga hacen, dif\u00edcilmente hubiesen podido llegar al p\u00fablico, todos los p\u00fablicos, ni habr\u00edan logrado establecerse como \u201c obras de arte\u201d en s\u00ed.<\/p>\n<p>Efectivamente, Squirru sab\u00eda de una inmensa producci\u00f3n de artistas argentinos desde 1935 en adelante, el surgimiento de piezas (especialmente de escultura) realizadas por inmigrantes europeos influidos con m\u00faltiples efectos por las guerras mundiales, los cambios sociales manifestados en todo el mundo por las migraciones desde las \u00e1reas rurales a las urbanas que, no caprichosamente, ten\u00edan en la Argentina y en la Ciudad de Buenos Aires especialmente, la mano art\u00edstica que pod\u00eda comunicarlo y dejarlo asentado como hecho cultural para la historia.<\/p>\n<p>Los estilos, las t\u00e9cnicas, los materiales, las ideas, los apoyos tecnol\u00f3gicos, las b\u00fasquedas de efectos sensoriales, sensibles y hasta sensacionales, no tienen l\u00edmite establecido ni para las obras que se han de aceptar a la hora de ser expuestas ni para tomarlas en cuenta a la hora de ordenar las y mostrar las al p\u00fablico que se acerca. Existe, s\u00ed, como siempre, ese criterio por el cual termina habiendo coincidencia entre unos y otros al opinar, que indica que lo que se est\u00e1 exhibiendo \u201ces arte\u201d realmente.<\/p>\n<p>Funciona, como siempre en la Avenida San Juan 350. Tel\u00e9fono 4342-3001\/2970 y\u00a04361-6919. Los lunes est\u00e1 cerrado, los d\u00edas martes se ingresa sin pagar nada y el resto de los d\u00edas la entrada general vale $ 20,00.- Martes a viernes: 11 a 19 hs. S\u00e1bados, domingos y feriados: 11 a 20 hs. Lunes cerrado (excepto feriados). El museo, aparte, cuenta con una biblioteca y centro de documentaci\u00f3n, ubicado en la calle Alsina 963 PB, su acceso es libre y se puede consultar sobre las exposiciones realizadas en el museo, sus artistas, las publicaciones relacionadas e incontables im\u00e1genes. Detalles en\u00a0<a href=\"http:\/\/www.buenosaires.gob.ar\/museoartemoderno\" target=\"_blank\" rel=\"noopener\">http:\/\/www.buenosaires.gob.ar\/museoartemoderno<\/a><\/p>","protected":false},"excerpt":{"rendered":"<p>La Exposici\u00f3n de Yoko Ono de 1998 lo reposicion\u00f3 definitivamente como un epicentro de la vida art\u00edstica revolucionaria. No porque se haya tratado de una muestra cuya autora fuese una celebridad con aristas suplementarias (nada menos que la viuda de John Lennon) sino porque aquellas decenas de ata\u00fades peque\u00f1os de los que surg\u00edan arbolitos reci\u00e9n [&hellip;]<\/p>","protected":false},"author":2,"featured_media":4742,"comment_status":"open","ping_status":"open","sticky":false,"template":"","format":"standard","meta":[],"categories":[5],"tags":[],"series":[],"_links":{"self":[{"href":"https:\/\/www.diario5.com.ar\/es\/wp-json\/wp\/v2\/posts\/4741"}],"collection":[{"href":"https:\/\/www.diario5.com.ar\/es\/wp-json\/wp\/v2\/posts"}],"about":[{"href":"https:\/\/www.diario5.com.ar\/es\/wp-json\/wp\/v2\/types\/post"}],"author":[{"embeddable":true,"href":"https:\/\/www.diario5.com.ar\/es\/wp-json\/wp\/v2\/users\/2"}],"replies":[{"embeddable":true,"href":"https:\/\/www.diario5.com.ar\/es\/wp-json\/wp\/v2\/comments?post=4741"}],"version-history":[{"count":5,"href":"https:\/\/www.diario5.com.ar\/es\/wp-json\/wp\/v2\/posts\/4741\/revisions"}],"predecessor-version":[{"id":611767,"href":"https:\/\/www.diario5.com.ar\/es\/wp-json\/wp\/v2\/posts\/4741\/revisions\/611767"}],"wp:featuredmedia":[{"embeddable":true,"href":"https:\/\/www.diario5.com.ar\/es\/wp-json\/wp\/v2\/media\/4742"}],"wp:attachment":[{"href":"https:\/\/www.diario5.com.ar\/es\/wp-json\/wp\/v2\/media?parent=4741"}],"wp:term":[{"taxonomy":"category","embeddable":true,"href":"https:\/\/www.diario5.com.ar\/es\/wp-json\/wp\/v2\/categories?post=4741"},{"taxonomy":"post_tag","embeddable":true,"href":"https:\/\/www.diario5.com.ar\/es\/wp-json\/wp\/v2\/tags?post=4741"},{"taxonomy":"series","embeddable":true,"href":"https:\/\/www.diario5.com.ar\/es\/wp-json\/wp\/v2\/series?post=4741"}],"curies":[{"name":"wp","href":"https:\/\/api.w.org\/{rel}","templated":true}]}}