{"id":4728,"date":"2013-08-20T11:53:32","date_gmt":"2013-08-20T11:53:32","guid":{"rendered":"http:\/\/diario5.com.ar\/?p=4728"},"modified":"2013-08-29T06:59:45","modified_gmt":"2013-08-29T06:59:45","slug":"emotiva-recordacion","status":"publish","type":"post","link":"https:\/\/www.diario5.com.ar\/es\/emotiva-recordacion\/","title":{"rendered":"Emotiva recordaci\u00f3n"},"content":{"rendered":"<h2 class=\"sub-title-primary\"><\/h2> <p><a href=\"https:\/\/www.diario5.com.ar\/wp-content\/uploads\/2013\/08\/mello01.jpg\"><img decoding=\"async\" loading=\"lazy\" class=\"alignleft  wp-image-4731\" alt=\"mello01\" src=\"http:\/\/diario5.com.ar\/wp-content\/uploads\/2013\/08\/mello01.jpg\" width=\"434\" height=\"340\" srcset=\"https:\/\/www.diario5.com.ar\/wp-content\/uploads\/2013\/08\/mello01.jpg 542w, https:\/\/www.diario5.com.ar\/wp-content\/uploads\/2013\/08\/mello01-300x235.jpg 300w, https:\/\/www.diario5.com.ar\/wp-content\/uploads\/2013\/08\/mello01-400x314.jpg 400w, https:\/\/www.diario5.com.ar\/wp-content\/uploads\/2013\/08\/mello01-260x204.jpg 260w, https:\/\/www.diario5.com.ar\/wp-content\/uploads\/2013\/08\/mello01-160x125.jpg 160w\" sizes=\"(max-width: 434px) 100vw, 434px\" \/><\/a>Esta fue la apertura que el domingo 18, Carlos Allo, director de Diario 5 realiz\u00f3 al aire, en el programa Emociones Rock, en la primera edici\u00f3n en la que el conductor, Carlos Mello, miembro de <i>Mundo Alas<\/i>, debi\u00f3 enfrentar tras la muerte de su madre, Fulvia D\u00edaz Romero, el jueves 8 de agosto. Esta se\u00f1ora fue nombrada muchas veces por Allo como \u201cSu Santidad\u201d.<\/p>\n<p>Y es para reflexionar.<\/p>\n<p>Es probable que el mism\u00edsimo actual Papa Francisco, oriundo de la Ciudad que nos ocupa permanentemente, enemigo de las pompas en los \u00e1mbitos en los que lo \u00fanico que debe existir es acci\u00f3n por el bien de todos, est\u00e9 de acuerdo con que as\u00ed se identifique a la mam\u00e1 de Carlos, porque cualquiera con un poco de sentido de la comprensi\u00f3n, entender\u00eda que, como muy pocos contempor\u00e1neos en este mundo, no s\u00f3lo  merec\u00eda y merece que as\u00ed se le dijera y se le diga, sino que alg\u00fan d\u00eda se le reconozca su condici\u00f3n de Santa por parte, tanto de la Iglesia cat\u00f3lica sino por todos los cultos del mundo que sientan amor por las mejores personas, las que, como Jes\u00fas, ofrec\u00edan una ense\u00f1anza hasta con la mirada.<\/p>\n<p>La peque\u00f1a introducci\u00f3n de Carlos Allo, antes de que Carlos Mello iniciara su habitual editorial:<\/p>\n<p><i>Muchas veces sucede con los encuentros semanales, que cuando por alg\u00fan motivo se interrumpe esa continuidad, nos quedamos con una sensaci\u00f3n de distancia y lejan\u00eda en el tiempo mucho mayor a 14 d\u00edas.<\/i><\/p>\n<p><i>\u00a0<\/i><i>Sobre todo si ese encuentro semanal se transform\u00f3 en rito, en costumbre sana. Efectivamente, Emociones Rock, como otros programas, el domingo se ausent\u00f3 de la radio por las elecciones.<\/i><\/p>\n<p><i>\u00a0<\/i><i>Pero como tambi\u00e9n muchas veces suele suceder, que un motivo de ausencia puede sumarse a otro motivo, este programa habr\u00eda encontrado el motivo propio para tomar un necesario respiro.<\/i><\/p>\n<p><i>\u00a0<\/i><i>Ocurri\u00f3 que a pocas horas de nuestra \u00faltima emisi\u00f3n, en una madrugada de esas madrugadas, nuestro conductor y nuestro productor recibieron la peor noticia desde la cl<\/i><i>\u00ednica en la estaba internada la mam\u00e1 de ambos.<\/i><\/p>\n<p><i>\u00a0<\/i><i>La hab\u00edamos saludado en forma especial en el \u00faltimo instante de nuestro \u00faltimo programa.<\/i><\/p>\n<p><i>\u00a0<\/i><i>Un saludo acompa\u00f1ado de la energ\u00eda necesaria que brinda una oraci\u00f3n cuando un ser querido de debate entre la vida y la muerte.<\/i><\/p>\n<p><i>\u00a0<\/i><i>Fulvia, la entra\u00f1able protagonista de una historia real, portadora de todos los valores que puedan enaltecer a un ser humano, es parte de todos nosotros ahora.<\/i><\/p>\n<p><i>\u00a0<\/i><i>Pero abarcar\u00e1, eternamente, el lugar m\u00e1s bellamente elegido alguna vez, en su vida: el coraz\u00f3n de Carlos Mello\u2026<\/i><\/p>\n<p>&nbsp;<\/p>\n<p>&#8212;&#8212;&#8212;&#8212;&#8212;&#8212;&#8212;&#8212;&#8212;&#8212;&#8212;&#8212;&#8212;&#8212;&#8212;&#8212;&#8212;&#8212;&#8212;&#8212;&#8212;&#8212;<\/p>\n<p>&nbsp;<\/p>\n<p><img decoding=\"async\" loading=\"lazy\" class=\"wp-image-4734 alignleft\" alt=\"arielleira02\" src=\"http:\/\/diario5.com.ar\/wp-content\/uploads\/2013\/08\/arielleira02-858x1024.jpg\" width=\"384\" height=\"458\" srcset=\"https:\/\/www.diario5.com.ar\/wp-content\/uploads\/2013\/08\/arielleira02-858x1024.jpg 858w, https:\/\/www.diario5.com.ar\/wp-content\/uploads\/2013\/08\/arielleira02-251x300.jpg 251w, https:\/\/www.diario5.com.ar\/wp-content\/uploads\/2013\/08\/arielleira02-768x917.jpg 768w, https:\/\/www.diario5.com.ar\/wp-content\/uploads\/2013\/08\/arielleira02-400x477.jpg 400w, https:\/\/www.diario5.com.ar\/wp-content\/uploads\/2013\/08\/arielleira02-260x310.jpg 260w, https:\/\/www.diario5.com.ar\/wp-content\/uploads\/2013\/08\/arielleira02-160x191.jpg 160w, https:\/\/www.diario5.com.ar\/wp-content\/uploads\/2013\/08\/arielleira02.jpg 1277w\" sizes=\"(max-width: 384px) 100vw, 384px\" \/><\/p>\n<p>&nbsp;<\/p>\n<p>&nbsp;<\/p>\n<p>El programa cerr\u00f3 con un fant\u00e1stico momento brindado por Ariel Leira, quien sentado al piano, cant\u00f3 algunas de sus mejores canciones en vivo, como <i>Sin tu Amor<\/i> y Hay Gente <i>de Habla.<\/i><\/p>\n<p><i>\u00a0<\/i><\/p>\n<p>&nbsp;<\/p>\n<p>&nbsp;<\/p>\n<p>&nbsp;<\/p>\n<p>&nbsp;<\/p>\n<p>&nbsp;<\/p>\n<p>&nbsp;<\/p>\n<p>&nbsp;<\/p>\n<p>&nbsp;<\/p>\n<p>&nbsp;<\/p>\n<p>&nbsp;<\/p>\n<p>&nbsp;<\/p>\n<p>&nbsp;<\/p>\n<p>Amalia Guti\u00e9rrez<\/p>","protected":false},"excerpt":{"rendered":"<p>Esta fue la apertura que el domingo 18, Carlos Allo, director de Diario 5 realiz\u00f3 al aire, en el programa Emociones Rock, en la primera edici\u00f3n en la que el conductor, Carlos Mello, miembro de Mundo Alas, debi\u00f3 enfrentar tras la muerte de su madre, Fulvia D\u00edaz Romero, el jueves 8 de agosto. Esta se\u00f1ora [&hellip;]<\/p>","protected":false},"author":1,"featured_media":4734,"comment_status":"open","ping_status":"open","sticky":false,"template":"","format":"standard","meta":[],"categories":[1],"tags":[],"series":[],"_links":{"self":[{"href":"https:\/\/www.diario5.com.ar\/es\/wp-json\/wp\/v2\/posts\/4728"}],"collection":[{"href":"https:\/\/www.diario5.com.ar\/es\/wp-json\/wp\/v2\/posts"}],"about":[{"href":"https:\/\/www.diario5.com.ar\/es\/wp-json\/wp\/v2\/types\/post"}],"author":[{"embeddable":true,"href":"https:\/\/www.diario5.com.ar\/es\/wp-json\/wp\/v2\/users\/1"}],"replies":[{"embeddable":true,"href":"https:\/\/www.diario5.com.ar\/es\/wp-json\/wp\/v2\/comments?post=4728"}],"version-history":[{"count":6,"href":"https:\/\/www.diario5.com.ar\/es\/wp-json\/wp\/v2\/posts\/4728\/revisions"}],"predecessor-version":[{"id":4940,"href":"https:\/\/www.diario5.com.ar\/es\/wp-json\/wp\/v2\/posts\/4728\/revisions\/4940"}],"wp:featuredmedia":[{"embeddable":true,"href":"https:\/\/www.diario5.com.ar\/es\/wp-json\/wp\/v2\/media\/4734"}],"wp:attachment":[{"href":"https:\/\/www.diario5.com.ar\/es\/wp-json\/wp\/v2\/media?parent=4728"}],"wp:term":[{"taxonomy":"category","embeddable":true,"href":"https:\/\/www.diario5.com.ar\/es\/wp-json\/wp\/v2\/categories?post=4728"},{"taxonomy":"post_tag","embeddable":true,"href":"https:\/\/www.diario5.com.ar\/es\/wp-json\/wp\/v2\/tags?post=4728"},{"taxonomy":"series","embeddable":true,"href":"https:\/\/www.diario5.com.ar\/es\/wp-json\/wp\/v2\/series?post=4728"}],"curies":[{"name":"wp","href":"https:\/\/api.w.org\/{rel}","templated":true}]}}