{"id":4723,"date":"2013-08-16T18:44:23","date_gmt":"2013-08-16T18:44:23","guid":{"rendered":"http:\/\/diario5.com.ar\/?p=4723"},"modified":"2013-08-20T18:53:21","modified_gmt":"2013-08-20T18:53:21","slug":"toda-la-celebracion-del-dia-de-la-boca-2013","status":"publish","type":"post","link":"https:\/\/www.diario5.com.ar\/es\/toda-la-celebracion-del-dia-de-la-boca-2013\/","title":{"rendered":"Toda la celebraci\u00f3n del D\u00eda de la Boca 2013"},"content":{"rendered":"<h2 class=\"sub-title-primary\"><\/h2> <p><a href=\"https:\/\/www.diario5.com.ar\/wp-content\/uploads\/2013\/08\/museoboca.jpg\"><img decoding=\"async\" loading=\"lazy\" class=\"wp-image-4724 alignleft\" alt=\"museoboca\" src=\"http:\/\/diario5.com.ar\/wp-content\/uploads\/2013\/08\/museoboca.jpg\" width=\"400\" height=\"298\" srcset=\"https:\/\/www.diario5.com.ar\/wp-content\/uploads\/2013\/08\/museoboca.jpg 571w, https:\/\/www.diario5.com.ar\/wp-content\/uploads\/2013\/08\/museoboca-300x224.jpg 300w, https:\/\/www.diario5.com.ar\/wp-content\/uploads\/2013\/08\/museoboca-400x298.jpg 400w, https:\/\/www.diario5.com.ar\/wp-content\/uploads\/2013\/08\/museoboca-260x194.jpg 260w, https:\/\/www.diario5.com.ar\/wp-content\/uploads\/2013\/08\/museoboca-160x119.jpg 160w\" sizes=\"(max-width: 400px) 100vw, 400px\" \/><\/a>La Fundaci\u00f3n Museo Hist\u00f3rico De La Boca, el primer Museo de la Inmigraci\u00f3n Ligure en el Mundo, tiene todo listo para los actos celebratorios que finalizar\u00e1n en el DIA DE LA BOCA, el pr\u00f3ximo s\u00e1bado 24, en cuya programaci\u00f3n general de actividades, la primera fecha ser\u00e1 este lunes, 19 de Agosto. A las 18:30 en el Palacio Del Museo, Lamadrid 431, se procurar\u00e1 dejar manifiesta la Presencia Viva de la Genovesidad en La Boca. Para comprobar que eso es cierto, nada m\u00e1s importante que el idioma, el dialecto. All\u00ed hay una grupo dedicado a la Lengua Genovesa y Estudios Ligures. Habr\u00e1 invitados especiales, miembros de la Associazione \u201cSessarego Nel Mondo\u201d (Sessarego refiere a un pueblo en la Municipalidad de Bogliasco, provincia de Genova) para una sesi\u00f3n de trabajo ling\u00fc\u00edstico.<\/p>\n<p>El viernes 23 de agosto, a las 19.00, tras una asamblea, la Fundaci\u00f3n Museo Hist\u00f3rico lanzar\u00e1 un Documento llamado \u201cEsp\u00edritu de La Boca 2014\u201d. Ya el s\u00e1bado 24 de agosto, a las 11:00 comenzar\u00e1 el acto central del \u201cD\u00eda de la Boca\u201d, en el Palacio del Museo, Av. Almirante Brown 1399, esquina Lamadrid. All\u00ed se cantar\u00e1n el Himno Nacional Argentino, el de Italia y p\u00e1ginas musicales a cargo de la Banda de la Prefectura Naval Argentina.<\/p>\n<p>En el momento central de la celebraci\u00f3n, el Coro Alpino de Buenos Aires har\u00e1 una presentaci\u00f3n dirigido por el Maestro Bruno Gheno e inmediatamente se realizar\u00e1 la Nominaci\u00f3n P\u00fablica al \u201cCiudadano Ilustre de la Boca\u201d 2013 Este a\u00f1o el elegido es el Profesor Domingo Isaac Tellechea, el gran Escultor y Restaurador, aut\u00e9ntico hijo de la Rep\u00fablica de la Boca, fundador del Museo De Cera de la Boca. Se har\u00e1 a trav\u00e9s de la entrega de un tradicional pergamino, obra del artista pl\u00e1stico Andres Bestard.<\/p>\n<p>La fiesta seguir\u00e1 con un tradicional desfile, con la participaci\u00f3n de los grupos de Recreaci\u00f3n Hist\u00f3rica: Primero ser\u00e1 el Cuerpo C\u00edvico De Guardia y Ceremonial de la Republica de la Boca. Le seguir\u00e1 la Legi\u00f3n Italiana Voluntarios de la Boca; la siempre participativa Guardia Escocesa de Buenos Aires. Este cap\u00edtulo, quiz\u00e1s el m\u00e1s colorido del desfile, se completa con el paso del Escuadr\u00f3n de Caballer\u00eda Hist\u00f3rica de la Guardia Nacional.<\/p>\n<p>No faltar\u00e1 la Guardia de Honor del Cuerpo de Bomberos Voluntarios de la Boca. Uno de los momentos m\u00e1s emotivos lo aportar\u00e1n los Porta-Cristos Genoveses en Argentina, de la Uni\u00f3n Genovesa \u201cMadonna de la Guardia\u201d de Bernal. Este, una confraternidad ligada a asociaciones italianas de casi ocho siglos, como \u201cCasaccia\u201d de G\u00e9nova del a\u00f1o 1260.<\/p>\n<p>La celebraci\u00f3n incluir\u00e1 Salvas con armas de \u00e9poca, en homenaje a los hechos hist\u00f3ricos que se rememoran y hasta habr\u00e1 tiempo para la inauguraci\u00f3n de la Gran Ara\u00f1a del Sal\u00f3n Principal del Museo, obra del escultor Boquense Waldemar Zurbrigk, donada por el artista pl\u00e1stico Juan Carlos Liberti.<\/p>\n<p>El Vino de Honor que cierra todo lo que suceder\u00e1 el s\u00e1bado 24 abre otro descanso en esta celebraci\u00f3n, para que todos los protagonistas puedan atender sus actividades y temas personales.<\/p>\n<p>Se retoma el martes 27 de agosto a las 19:00, en El Palacio Del Museo, Lamadrid 431. Ese d\u00eda se va a proyectar \u201cEl Transbordador\u201d, un Documental in\u00e9dito de Roberto Pereyra sobre el Puente \u201cNicol\u00e1s Avellaneda\u201d, con una relevante investigaci\u00f3n sobre el tema. Nada m\u00e1s para ese d\u00eda y el reencuentro se producir\u00e1 el jueves 29 de agosto, a las 20:30 horas, en Rancho Banchero, Av. Almirante Brown y Su\u00e1rez, para el Gran Banquete y Tenida de la Republica De La Boca, en Homenaje al 143\u00ba Aniversario de la Autonom\u00eda Boquense. El Men\u00fa ser\u00e1, \u201cFain\u00e1 y Fugazza\u201d y, por supuesto, la defendida como creaci\u00f3n de la casa \u201cFugazza con Queso\u201d; otras Pizzas; Postre; Vino; Cerveza y Gaseosas. Habr\u00e1 Sorteo de Obras de Arte, del ba\u00fal de la Condesa de la Vuelta de Rocha y se prometen Sorpresas Musicales de alta jerarqu\u00eda.<\/p>\n<p>Hay una graciosa indicaci\u00f3n para esta fecha de las celebraciones del D\u00eda de la Boca: \u201cSe recuerda la prohibici\u00f3n, de no hablar de pol\u00edtica, religi\u00f3n o f\u00fatbol, ni el uso de artefactos infernales, de los llamados celulares, durante la Pantagru\u00e9lica Ceremonia, so pena, de ser deportado a la Isla Maciel.\u201d<\/p>\n<p>LA ESTATUA DE COLON\u201d<br \/>\nS\u00ed hay algo de corte pol\u00edtico el viernes 30 de agosto: no pod\u00eda faltar, trat\u00e1ndose de genoveses, alg\u00fan reclamo por el pol\u00e9mico traslado de la Estatua de Crist\u00f3foro Colombo. Entonces habr\u00e1 una Asamblea P\u00fablica, en defensa del Patrimonio Art\u00edstico de la Ciudad y \u201ccontra el vaciamiento de nuestra identidad\u201d. Ser\u00e1 en el Palacio del Museo Hist\u00f3rico de la Boca, Av. Almirante Brown 1399, esquina Lamadrid.<\/p>\n<p>Informaci\u00f3n en la Fundaci\u00f3n Museo Historico De La Boca, Lamadrid 431, esq. Av. Alte. Brown, Barrio de la Boca del Riachuelo, Ciudad Aut\u00f3noma de Buenos Aires, Tel\u00e9fono 4302-6215<br \/>\nEl mail es infomuseodelaboca@gmail.com y su publicaci\u00f3n online, http:\/\/museohistoricodelaboca.blogspot.com<\/p>","protected":false},"excerpt":{"rendered":"<p>La Fundaci\u00f3n Museo Hist\u00f3rico De La Boca, el primer Museo de la Inmigraci\u00f3n Ligure en el Mundo, tiene todo listo para los actos celebratorios que finalizar\u00e1n en el DIA DE LA BOCA, el pr\u00f3ximo s\u00e1bado 24, en cuya programaci\u00f3n general de actividades, la primera fecha ser\u00e1 este lunes, 19 de Agosto. A las 18:30 en [&hellip;]<\/p>","protected":false},"author":1,"featured_media":4724,"comment_status":"open","ping_status":"open","sticky":false,"template":"","format":"standard","meta":[],"categories":[1],"tags":[],"series":[],"_links":{"self":[{"href":"https:\/\/www.diario5.com.ar\/es\/wp-json\/wp\/v2\/posts\/4723"}],"collection":[{"href":"https:\/\/www.diario5.com.ar\/es\/wp-json\/wp\/v2\/posts"}],"about":[{"href":"https:\/\/www.diario5.com.ar\/es\/wp-json\/wp\/v2\/types\/post"}],"author":[{"embeddable":true,"href":"https:\/\/www.diario5.com.ar\/es\/wp-json\/wp\/v2\/users\/1"}],"replies":[{"embeddable":true,"href":"https:\/\/www.diario5.com.ar\/es\/wp-json\/wp\/v2\/comments?post=4723"}],"version-history":[{"count":3,"href":"https:\/\/www.diario5.com.ar\/es\/wp-json\/wp\/v2\/posts\/4723\/revisions"}],"predecessor-version":[{"id":4727,"href":"https:\/\/www.diario5.com.ar\/es\/wp-json\/wp\/v2\/posts\/4723\/revisions\/4727"}],"wp:featuredmedia":[{"embeddable":true,"href":"https:\/\/www.diario5.com.ar\/es\/wp-json\/wp\/v2\/media\/4724"}],"wp:attachment":[{"href":"https:\/\/www.diario5.com.ar\/es\/wp-json\/wp\/v2\/media?parent=4723"}],"wp:term":[{"taxonomy":"category","embeddable":true,"href":"https:\/\/www.diario5.com.ar\/es\/wp-json\/wp\/v2\/categories?post=4723"},{"taxonomy":"post_tag","embeddable":true,"href":"https:\/\/www.diario5.com.ar\/es\/wp-json\/wp\/v2\/tags?post=4723"},{"taxonomy":"series","embeddable":true,"href":"https:\/\/www.diario5.com.ar\/es\/wp-json\/wp\/v2\/series?post=4723"}],"curies":[{"name":"wp","href":"https:\/\/api.w.org\/{rel}","templated":true}]}}