{"id":4648,"date":"2013-08-02T04:25:58","date_gmt":"2013-08-02T04:25:58","guid":{"rendered":"http:\/\/diario5.com.ar\/?p=4648"},"modified":"2013-08-02T04:48:29","modified_gmt":"2013-08-02T04:48:29","slug":"centenario-del-mono-villegas","status":"publish","type":"post","link":"https:\/\/www.diario5.com.ar\/es\/centenario-del-mono-villegas\/","title":{"rendered":"Centenario del Mono Villegas"},"content":{"rendered":"<h2 class=\"sub-title-primary\"><\/h2> <p><a href=\"https:\/\/www.diario5.com.ar\/wp-content\/uploads\/2013\/08\/monovllegas1.jpg\"><img decoding=\"async\" loading=\"lazy\" class=\"size-full wp-image-4655 alignright\" title=\"monovllegas1\" src=\"http:\/\/diario5.com.ar\/wp-content\/uploads\/2013\/08\/monovllegas1.jpg\" alt=\"\" width=\"318\" height=\"306\" srcset=\"https:\/\/www.diario5.com.ar\/wp-content\/uploads\/2013\/08\/monovllegas1.jpg 318w, https:\/\/www.diario5.com.ar\/wp-content\/uploads\/2013\/08\/monovllegas1-300x289.jpg 300w, https:\/\/www.diario5.com.ar\/wp-content\/uploads\/2013\/08\/monovllegas1-260x250.jpg 260w, https:\/\/www.diario5.com.ar\/wp-content\/uploads\/2013\/08\/monovllegas1-160x154.jpg 160w\" sizes=\"(max-width: 318px) 100vw, 318px\" \/><\/a>EL CENTENARIO DE ENRIQUE VILLEGAS EN JAZZOLOGIA<br \/>\nSERA EL MARTES 6 DE AGOSTO, EN EL COMPLEJO CULTURAL 25 DE MAYO, AV. TRIUNVIRATO 4444, A LAS 20,30 HS, CON ENTRADA GRATUITA.<\/p>\n<p>Con la reuni\u00f3n N\u00ba 1942, proseguir\u00e1 el ciclo Jazzolog\u00eda en su 29\u00aa temporada consecutiva en el C.C.G.S.M.<br \/>\nParticipar\u00e1n del tributo talentosos artistas: el d\u00fao de pianos Jorge Navarro \u2013 Manuel Fraga, Egle Martin, Jorge L\u00f3pez Ruiz, N\u00e9stor Astarita, Manolo Ju\u00e1rez, Grupo Elegante Sport , Roxana Font\u00e1n , Oscar Alem, Lilian Saba, Guillermo Zarba, Miguel Angel Zabaleta, Ricardo Pellican, Daniela Salinas, Cuarteto Argentino de Saxos, Amilcar Abalos, Nancy Abalos y otros, muchos vinculados con la vida y carrera de Villegas.<br \/>\nColaboran en la conducci\u00f3n Guillermo Fuentes Rey, Jos\u00e9 Luis Ajzenmesser y Alberto Gerding y en la<br \/>\nproducci\u00f3n Selma Henry, Eduardo Furia y Gustavo Mart\u00ednez Liberace.<br \/>\nEl pr\u00f3ximo s\u00e1bado 3 de agosto, se cumplir\u00e1n 100 a\u00f1os del nacimiento del gran pianista argentino Enrique \u00abMono\u00bb Villegas, nacido en Buenos Aires en 1913. Un hombre creativo, culto y honrado a carta cabal, tanto en la m\u00fasica como en la vida, incapaz de transigir con sus ideales. Artista sensible, inconformista y abierto a distintas tendencias, estren\u00f3 en Argentina el Concierto en Sol de Ravel (1932) y toc\u00f3 la Rhapsody in Blue, de Gershwin, junto a la Orquesta Filarm\u00f3nica de Bs. As. en el Teatro Col\u00f3n (1971). Sin dudas, su gran pasi\u00f3n fue el jazz, donde dej\u00f3 reflejada su faceta de improvisador nato. Pero tambi\u00e9n incursion\u00f3 en el folklore argentino, colaborando y grabando con el D\u00fao Mart\u00ednez- Ledesma la m\u00fasica de los Hermanos Abalos<br \/>\nEn 1943 form\u00f3 el legendario Sexteto Santa Anita y en 1944 comparti\u00f3 grupo con el creativo saxofonista \u00abBebe\u201d Egu\u00eda.En 1955 viaj\u00f3 a Nueva York, para grabar un par de discos acompa\u00f1ado por dos figuras legendarias del jazz: el contrabajista Milton Hinton y el baterista Cozy Cole: Introducing Villegas (1955) y Very, Very Villegas (1957), editados por el sello Columbia Records.En 1958 toc\u00f3 jazz, por primera vez, en el Festival Casals, en Puerto Rico.Desde 1970 se radic\u00f3 definitivamente en Buenos Aires, realizando innumerables grabaciones y conciertos.Fue nombrado, con toda justicia, Ciudadano Ilustre de la Ciudad de Buenos Aires.En diciembre de 1985, poco antes de su muerte acaecida el 10 de Julio de 1986, recibi\u00f3 un Tributo P\u00fablico en el Ciclo Jazzolog\u00eda, en la Sala A-B del Centro Cultural General San Mart\u00edn. All\u00ed, premonitoriamente, se despidi\u00f3 de su gente con el tango \u00abAdi\u00f3s Muchachos\u00bb.<br \/>\n.<br \/>\nCoordinaci\u00f3n y comentarios: Carlos Inzillo.<br \/>\nLas entradas se retiran en boleter\u00eda dos horas antes de la sesi\u00f3n (capacidad 550 localidades) Informes: 4374-1251 al 59 Int. 2135 y 2269 y 4524-7997<\/p>","protected":false},"excerpt":{"rendered":"<p>EL CENTENARIO DE ENRIQUE VILLEGAS EN JAZZOLOGIA SERA EL MARTES 6 DE AGOSTO, EN EL COMPLEJO CULTURAL 25 DE MAYO, AV. TRIUNVIRATO 4444, A LAS 20,30 HS, CON ENTRADA GRATUITA. Con la reuni\u00f3n N\u00ba 1942, proseguir\u00e1 el ciclo Jazzolog\u00eda en su 29\u00aa temporada consecutiva en el C.C.G.S.M. Participar\u00e1n del tributo talentosos artistas: el d\u00fao de [&hellip;]<\/p>","protected":false},"author":1,"featured_media":4655,"comment_status":"open","ping_status":"open","sticky":false,"template":"","format":"standard","meta":[],"categories":[1],"tags":[],"series":[],"_links":{"self":[{"href":"https:\/\/www.diario5.com.ar\/es\/wp-json\/wp\/v2\/posts\/4648"}],"collection":[{"href":"https:\/\/www.diario5.com.ar\/es\/wp-json\/wp\/v2\/posts"}],"about":[{"href":"https:\/\/www.diario5.com.ar\/es\/wp-json\/wp\/v2\/types\/post"}],"author":[{"embeddable":true,"href":"https:\/\/www.diario5.com.ar\/es\/wp-json\/wp\/v2\/users\/1"}],"replies":[{"embeddable":true,"href":"https:\/\/www.diario5.com.ar\/es\/wp-json\/wp\/v2\/comments?post=4648"}],"version-history":[{"count":6,"href":"https:\/\/www.diario5.com.ar\/es\/wp-json\/wp\/v2\/posts\/4648\/revisions"}],"predecessor-version":[{"id":4651,"href":"https:\/\/www.diario5.com.ar\/es\/wp-json\/wp\/v2\/posts\/4648\/revisions\/4651"}],"wp:featuredmedia":[{"embeddable":true,"href":"https:\/\/www.diario5.com.ar\/es\/wp-json\/wp\/v2\/media\/4655"}],"wp:attachment":[{"href":"https:\/\/www.diario5.com.ar\/es\/wp-json\/wp\/v2\/media?parent=4648"}],"wp:term":[{"taxonomy":"category","embeddable":true,"href":"https:\/\/www.diario5.com.ar\/es\/wp-json\/wp\/v2\/categories?post=4648"},{"taxonomy":"post_tag","embeddable":true,"href":"https:\/\/www.diario5.com.ar\/es\/wp-json\/wp\/v2\/tags?post=4648"},{"taxonomy":"series","embeddable":true,"href":"https:\/\/www.diario5.com.ar\/es\/wp-json\/wp\/v2\/series?post=4648"}],"curies":[{"name":"wp","href":"https:\/\/api.w.org\/{rel}","templated":true}]}}