{"id":4580,"date":"2013-02-09T05:50:20","date_gmt":"2013-02-09T05:50:20","guid":{"rendered":"http:\/\/diario5.com.ar\/?p=4580"},"modified":"2014-08-25T04:23:37","modified_gmt":"2014-08-25T07:23:37","slug":"debate-caliente-en-los-super","status":"publish","type":"post","link":"https:\/\/www.diario5.com.ar\/es\/debate-caliente-en-los-super\/","title":{"rendered":"DEBATE CALIENTE EN LOS SUPER"},"content":{"rendered":"<h2 class=\"sub-title-primary\"><\/h2> <p align=\"center\"><span style=\"font-family: 'Arial Narrow';\"><a href=\"https:\/\/www.diario5.com.ar\/wp-content\/uploads\/2013\/02\/roberto_c_neira.jpg\"><img decoding=\"async\" loading=\"lazy\" class=\"size-full wp-image-6438 alignleft\" src=\"http:\/\/diario5.com.ar\/wp-content\/uploads\/2013\/02\/roberto_c_neira.jpg\" alt=\"roberto_c_neira\" width=\"132\" height=\"176\" \/><\/a>Un poco de fiebre opositora. Roberto, hombre de la entra\u00f1a gen\u00e9tica de E19, hoy en su estaci\u00f3n period\u00edstica auton\u00f3mica nos hace llegar su mirada, conocida ya por su inclinaci\u00f3n cr\u00edtica a la conducci\u00f3n de la econom\u00eda nacional.<\/span><\/p>\n<p align=\"center\"><span style=\"font-family: 'Arial Narrow';\"><strong>DEBATE CALIENTE EN LOS SUPER<\/strong><\/span><\/p>\n<p align=\"center\"><span style=\"font-family: 'Arial Narrow';\"><strong>Por Roberto C. Neira\u00a0<\/strong><\/span><\/p>\n<p><span style=\"font-family: 'Arial Narrow';\">Como era de suponer ning\u00fan ciudadano con dos dedos de frente pod\u00eda quedarse al margen del desbarajuste que provocaron las medidas del gobierno de los \u00faltimos d\u00edas. Si pensaban que la gente se iba a quedar en el molde y aplaudir la medida del \u00abcongelamiento de precios\u00bb, el tiro les sali\u00f3 por la culata. <\/span><\/p>\n<p><span style=\"font-family: 'Arial Narrow';\">Guillermo Moreno deber\u00eda ir a comprobar los efectos de su pol\u00edtica de precios yendo de inc\u00f3gnito a un super, solito y sin custodia, para ver que est\u00e1 pasando. Eso s\u00ed, el riesgo es grande porque si alguien lo identifica, lo m\u00e1s probable es que tenga que ser socorrido por los guardias de seguridad, aunque dudo que cuando recapaciten y sepan qui\u00e9n es no lo entreguen como pasto a las fieras, porque los vigiladores tambi\u00e9n son ciudadanos y viven el martirologio diario de un modelo de pa\u00eds que se hunde irremediablemente.<\/span><\/p>\n<p><span style=\"font-family: 'Arial Narrow';\">Esta semana en los super sucedieron cosas extra\u00f1as. <\/span><\/p>\n<p><span style=\"font-family: 'Arial Narrow';\">En principio, el congelamiento de precios retroactivo al 1 de febrero no fue uniforme. El \u00faltimo fin de semana se remarcaron precios a diestra y siniestra. Reci\u00e9n a partir de ese colch\u00f3n se fij\u00f3 la nueva base de precios al consumidor y comenz\u00f3 este supuesto congelamiento por 60 d\u00edas. Como era de suponer, las empresas sacaron ventaja anticipada del compromiso y el gobierno mir\u00f3 para otro lado. \u00a1El efecto Menem&#8230;! \u00bfSe acuerdan?<\/span><\/p>\n<p><span style=\"font-family: 'Arial Narrow';\">Carrefour y Coto, coinciden en un tope fijo en algunos productos: <\/span><\/p>\n<p><span style=\"font-family: 'Arial Narrow';\">1) Fideos Matarazzo (paq. x 500) $ 7.75<\/span><\/p>\n<p><span style=\"font-family: 'Arial Narrow';\">2) Harina Pureza 0000 (paq. x 1000 g) $ 4.75<\/span><\/p>\n<p><span style=\"font-family: 'Arial Narrow';\">3) Arroz Gallo Oro (caja x kg) $ 14.99<\/span><\/p>\n<p><span style=\"font-family: 'Arial Narrow';\">4) Asado novillo (por Kg.) $ 39.90<\/span><\/p>\n<p><span style=\"font-family: 'Arial Narrow';\">5) Tomates redondos o perita (por Kg) $ 14.90. La calidad de los de Coto es p\u00e9sima.<\/span><\/p>\n<p><span style=\"font-family: 'Arial Narrow';\">6) Pollo fresco (por Kg) $ 14.90<\/span><\/p>\n<p><span style=\"font-family: 'Arial Narrow';\">En productos como pan mignon, leche, aceite, papa, naranja para jugo, az\u00facar&#8230; hay peque\u00f1as diferencias hacia arriba o abajo, pero diferencias al fin.<\/span><\/p>\n<p><span style=\"font-family: 'Arial Narrow';\">Despu\u00e9s cualquier comprador puede encontrar desfasajes como este: Caf\u00e9 Dolca suave (Nestl\u00e9) que Carrefour lo vende a 24.99 en Coto cuesta 31.25 \u00bf25% m\u00e1s caro? Es obvio que Coto, uno de los empresarios m\u00e1s amigos de la presidente, le est\u00e1 robando al consumidor, porque los distribuidores e intermediarios son los mismos. Alegar\u00e1n, sin duda, que no se trata de un producto de primera necesidad.<\/span><\/p>\n<p><span style=\"font-family: 'Arial Narrow';\">Se me ocurri\u00f3 que no estar\u00eda mal para estos casos confeccionar impresos y colocarlos en la g\u00f3ndola en forma visible: <\/span><\/p>\n<p><span style=\"font-family: 'Arial Narrow';\">\u00abEste mismo producto en Carrefour, a dos cuadras de aqu\u00ed, cuesta $ 6.26 menos&#8230;\u00bb y si lo quitan renovarlo hasta que se cansen o cambien el precio. Esto lo deber\u00eda hacer alguna asociaci\u00f3n de consumidores, por supuesto. <\/span><\/p>\n<p><span style=\"font-family: 'Arial Narrow';\">Otra cuesti\u00f3n es la desaparici\u00f3n inmediata de los productos m\u00e1s baratos de las g\u00f3ndolas. El az\u00facar marca Chango, en Carrefour cuesta $ 4.70, pero no hay. <\/span><\/p>\n<p><span style=\"font-family: 'Arial Narrow';\">Un repositor me advirti\u00f3 que env\u00edan menos cantidad (\u00bfespeculaci\u00f3n?) y por eso se agota r\u00e1pidamente. Sin embargo, algunos clientes aseguran que el precio lo ponen de \u00abgancho\u00bb y como no hay el p\u00fablico termina llev\u00e1ndose lo que tiene a mano. En Coto, no hay az\u00facar a precio econ\u00f3mico, solamente az\u00facar \u00abLeach\u00bb a $ 7.39 y Real Ledesma, m\u00e1s o menos al mismo precio.<\/span><\/p>\n<p><span style=\"font-family: 'Arial Narrow';\">Otra avivada de los super para evitar la comparaci\u00f3n de precios (y joder al que suscribe que los viene siguiendo), es comercializar la misma marca pero con diferentes contenidos o peso. De ese modo tambi\u00e9n a veces se disfrazan los aumentos.<\/span><\/p>\n<p><span style=\"font-family: 'Arial Narrow';\">Veamos el aceite de girasol primera marca. En Carrefour la botella de Cocinero (1500 cc) se vende a $8.39. En Coto no hay de ese contenido y entonces vende la de 900cc a $ 5.21.<\/span><\/p>\n<p><span style=\"font-family: 'Arial Narrow';\">Pero hay m\u00e1s. La prohibici\u00f3n de la publicidad en los medios de Capital y Gran Buenos Aires, principalmente, Clar\u00edn, La Naci\u00f3n y Perfil, obliga al consumidor a recorrer el barrio para conocer los precios y lo que dif\u00edcilmente antes hubiera pasado inadvertido, clientes tomando nota de precios aqu\u00ed y all\u00e1, ahora es moda. <\/span><\/p>\n<p><span style=\"font-family: 'Arial Narrow';\">Una persona con algo de tino me confi\u00f3 ayer , \u00absi entr\u00e1s en la web de las empresas ten\u00e9s todos los precios y pod\u00e9s comparar&#8230;\u00bb. El problema se resume a que no toda la gente tiene Internet. Precisamente en los sectores de bajos recursos es m\u00e1s dif\u00edcil hacer este tipo de averiguaciones y tienen que salir a comprar donde sea y sin miramientos. No es ning\u00fan descubrimiento que siempre se perjudican los mismos estratos sociales, aunque digan que los protejen y ayudan. <\/span><\/p>\n<p><span style=\"font-family: 'Arial Narrow';\">Tomen nota: ma\u00f1ana cuando vayan de compras advertir\u00e1n otro de los resultados del \u00absindrome del congelamiento de precios\u00bb de Moreno. Aument\u00f3 la cantidad de hombres que van a comprar al super y muchos van solitos y con los dientes apretados, ni siquiera los acompa\u00f1an sus esposas. Dejemos de lado a los jubilados que tambi\u00e9n son los que pagan los platos rotos pero tienen tiempo para ir de compras y d\u00edganme con una mano en el coraz\u00f3n y otra en el bolsillo: \u00bfcu\u00e1ndo el hombre de la casa se iba a preocupar por hacer las compras? Cuando descubri\u00f3 que tiene un agujero fenomenal en su cuenta de caja de ahorros por las tarjetas de cr\u00e9dito y d\u00e9bito o por haber manoteado sin demasiados proleg\u00f3menos los billetes guardados en la caja de zapatos o en el cofre de seguridad de su casa. <\/span><\/p>\n<p><span style=\"font-family: 'Arial Narrow';\">La discusi\u00f3n entre la mujer y el marido: \u00bfcu\u00e1nto gastaste hoy?, seguido de la respuesta: \u00a1Y que quer\u00e9s todo aumenta&#8230;qu\u00e9 voy a hacer, no me voy a pasar el d\u00eda caminando y buscando precios, tengo que hacer la comida, asear la casa&#8230; fui a Disco, compr\u00e9, pagu\u00e9 y listo&#8230;! es casi general en todos los hogares.<\/span><\/p>\n<p><span style=\"font-family: 'Arial Narrow';\">De manera que tras puteadas varias, el jefe de familia decide de mala gana: \u00a1Dej\u00e1, ma\u00f1ana voy yo&#8230;.! <\/span><\/p>\n<p><span style=\"font-family: 'Arial Narrow';\">Y a esta gente (como uno) la encontr\u00e9 en estos d\u00edas entre las g\u00f3ndolas ocupando los espacios que ahora no ocupan los empleados de los super por no estar remarcando. Van de un lado a otro con el carrito y miran cada precio con lupa. Casi no encuentro vecinos conocidos, hasta es posible que sean for\u00e1neos que vienen de recorrer otros super. Si te acerc\u00e1s a alguno, al menor comentario que hac\u00e9s, a\u00fan el m\u00e1s risue\u00f1o, provoca que el tipo se saque los lentes, te mire y comience a largar su rollo. Si la seguis un ratito, en menos que canta un gallo hay una asamblea (lo cuento tal cual porque me pasa todo el tiempo). A veces tambi\u00e9n se suma el repositor de carnes o de verduras y cinco o seis personas intercambian comentarios que van subiendo de tono tratando de adivinar el futuro. La opini\u00f3n general es p\u00e9sima, el des\u00e1nimo y la apat\u00eda cunde porque nadie le ve salida a la crisis. La mayor\u00eda descuenta que el d\u00eda D estallar\u00e1 en abril pr\u00f3ximo o quiz\u00e1 antes.<\/span><\/p>\n<p><span style=\"font-family: 'Arial Narrow';\">Entre las opiniones que he escuchado muchos coinciden que el pa\u00eds no estall\u00f3 en llamas todav\u00eda porque precisamente en esta ocasi\u00f3n est\u00e1 sostenido por las empresas que como alguna vez dijo la presidente, nunca ganaron tanto dinero como en esta d\u00e9cada. Esto hay que reconocerlo, sobre todo cuando uno ve c\u00f3mo acatan todo lo que les dice el gobierno e incluso pasan por cagones (muchos empresarios lo son) cuando los inhiben de hacer publicidad para sus productos por razones que todav\u00eda nadie entiende pero que tienen que ver m\u00e1s con silenciar a los medios independientes que a razones econ\u00f3micas. <\/span><\/p>\n<p><span style=\"font-family: 'Arial Narrow';\">La pol\u00edtica de gobernar con un rev\u00f3lver en la cabeza de los empresarios a este gobierno le ha dado sus frutos pero el riesgo es superlativo. Se bancan el rev\u00f3lver mientras apilan los billetes y aumentan sus inversiones, pero en cuanto alg\u00fan hilo de esta cadena se rompa, o alguien cometa un traspi\u00e9&#8230; mejor ni pensarlo.<\/span><\/p>\n<p><span style=\"font-family: 'Arial Narrow';\">Por \u00faltimo, otra de las rarezas es el acopio de mercader\u00eda imperecedera en los hogares. Las compras en grandes cantidades han aumentado. Salsa de tomates, aceite, vinagre, fideos, vinos, productos de limpieza&#8230; son algunos de los rubros m\u00e1s buscados. \u00bfSe acuerdan cuando hab\u00eda rumores de golpe y la gente echaba mano a los fideos como s\u00edmbolo del despelote que se avecinaba? Bueno, ahora milicos no hay a la vista, pero los golpes pueden venir por otro lado.<\/span><\/p>\n<p><span style=\"font-family: 'Arial Narrow';\">Cuando la casa no est\u00e1 en orden y los que la manejan s\u00f3lo est\u00e1n all\u00ed para ir por todo y saquearla, se puede esperar cualquier cosa.<\/span><\/p>","protected":false},"excerpt":{"rendered":"<p>Un poco de fiebre opositora. Roberto, hombre de la entra\u00f1a gen\u00e9tica de E19, hoy en su estaci\u00f3n period\u00edstica auton\u00f3mica nos hace llegar su mirada, conocida ya por su inclinaci\u00f3n cr\u00edtica a la conducci\u00f3n de la econom\u00eda nacional. DEBATE CALIENTE EN LOS SUPER Por Roberto C. Neira\u00a0 Como era de suponer ning\u00fan ciudadano con dos dedos [&hellip;]<\/p>","protected":false},"author":1,"featured_media":6438,"comment_status":"open","ping_status":"open","sticky":false,"template":"","format":"standard","meta":[],"categories":[9],"tags":[],"series":[],"_links":{"self":[{"href":"https:\/\/www.diario5.com.ar\/es\/wp-json\/wp\/v2\/posts\/4580"}],"collection":[{"href":"https:\/\/www.diario5.com.ar\/es\/wp-json\/wp\/v2\/posts"}],"about":[{"href":"https:\/\/www.diario5.com.ar\/es\/wp-json\/wp\/v2\/types\/post"}],"author":[{"embeddable":true,"href":"https:\/\/www.diario5.com.ar\/es\/wp-json\/wp\/v2\/users\/1"}],"replies":[{"embeddable":true,"href":"https:\/\/www.diario5.com.ar\/es\/wp-json\/wp\/v2\/comments?post=4580"}],"version-history":[{"count":6,"href":"https:\/\/www.diario5.com.ar\/es\/wp-json\/wp\/v2\/posts\/4580\/revisions"}],"predecessor-version":[{"id":6439,"href":"https:\/\/www.diario5.com.ar\/es\/wp-json\/wp\/v2\/posts\/4580\/revisions\/6439"}],"wp:featuredmedia":[{"embeddable":true,"href":"https:\/\/www.diario5.com.ar\/es\/wp-json\/wp\/v2\/media\/6438"}],"wp:attachment":[{"href":"https:\/\/www.diario5.com.ar\/es\/wp-json\/wp\/v2\/media?parent=4580"}],"wp:term":[{"taxonomy":"category","embeddable":true,"href":"https:\/\/www.diario5.com.ar\/es\/wp-json\/wp\/v2\/categories?post=4580"},{"taxonomy":"post_tag","embeddable":true,"href":"https:\/\/www.diario5.com.ar\/es\/wp-json\/wp\/v2\/tags?post=4580"},{"taxonomy":"series","embeddable":true,"href":"https:\/\/www.diario5.com.ar\/es\/wp-json\/wp\/v2\/series?post=4580"}],"curies":[{"name":"wp","href":"https:\/\/api.w.org\/{rel}","templated":true}]}}