{"id":4328,"date":"2012-09-03T20:36:00","date_gmt":"2012-09-03T20:36:00","guid":{"rendered":"http:\/\/diario5.com.ar\/?p=4328"},"modified":"2013-09-02T09:41:15","modified_gmt":"2013-09-02T09:41:15","slug":"la-psicosomatica-del-adulto","status":"publish","type":"post","link":"https:\/\/www.diario5.com.ar\/es\/la-psicosomatica-del-adulto\/","title":{"rendered":"Quieren poner bares en parques"},"content":{"rendered":"<h2 class=\"sub-title-primary\"><\/h2> <p><img decoding=\"async\" class=\"alignright\" alt=\"\" src=\"http:\/\/t3.gstatic.com\/images?q=tbn:ANd9GcTsOVGM8tZAjluJQrXWVexZz1taLpDmF20_TB2E8Q2EraK2bAWk9A\" \/>La legislatura porte\u00f1a volver\u00e1 a discutir hoy un proyecto impulsado por el macrismo para instalar bares en las plazas y parques de la Ciudad. Se trata de una iniciativa que el PRO intenta aprobar desde 2008, pero que siempre gener\u00f3 resistencia de la oposici\u00f3n y se fue modificando. En este caso, la nueva norma contempla la habilitaci\u00f3n de \u00ab\u00e1reas de descanso, esparcimiento y servicios\u00bb, que cuenten con ba\u00f1os p\u00fablicos gratuitos, mesas, reposeras, alquiler de bicicletas y wi-fi.<\/p>\n<p>La discusi\u00f3n de esta tarde se realizar\u00e1 en una reuni\u00f3n conjunta de las comisiones de Espacio P\u00fablico, Presupuesto y Desarrollo Econ\u00f3mico, donde adem\u00e1s habr\u00e1 varias ONG y vecinos. La iniciativa fue presentada por el legislador oficialista Jos\u00e9 Luis Acevedo, que propone regular los \u00abservicios\u00bb en los espacios verdes porte\u00f1os de m\u00e1s de 5.000 metros cuadrados, es decir media manzana.<\/p>\n<p>Seg\u00fan contempla el proyecto, las \u00e1reas que se dar\u00edan en concesi\u00f3n deber\u00edan tener bajo impacto en el espacio verde y criterios \u00absustentables\u00bb para la separaci\u00f3n de residuos. Y precisa que las zonas para venta de alimentos y bebidas podr\u00e1n tener entre 20 y 30 m2 (seg\u00fan el tama\u00f1o del espacio verde), a los que se podr\u00e1n agregar espacios para entre 9 y 12 mesas con sillas, que ocupen entre 50 y 60 m2. A eso habr\u00e1 que sumar los ba\u00f1os, que deber\u00e1n estar abiertos durante el horario de atenci\u00f3n al p\u00fablico (con la limpieza a cargo del concesionario) y en total se podr\u00e1n ocupar entre 100 y 120 metros cuadrados.<\/p>\n<p>Adem\u00e1s, la norma prev\u00e9 colocar un sector de ejercitaci\u00f3n f\u00edsica, un estacionamiento para bicicletas con la posibilidad de alquilarlas (donde no funcione el bicing oficial) y reposeras, con opci\u00f3n a colocar decks, sombrillas o p\u00e9rgolas. Las concesiones ser\u00edan por 20 a\u00f1os, el 20% deber\u00eda ser para ONG y entidades sin fines de lucro y quedar\u00eda prohibida la venta de bebidas alcoh\u00f3licas.<\/p>\n<p>Desde algunos sectores de la oposici\u00f3n ya adelantaron sus objeciones al plan oficial. \u00abBuenos Aires tiene una carencia de espacios verdes: hay s\u00f3lo 1,8 m2 por habitante, cuando se recomiendan por lo menos 10 m2 de verde. El macrismo pretende favorecer negocios privados entregando espacios p\u00fablicos con son de todos los ciudadanos\u00bb, se\u00f1al\u00f3 Adri\u00e1n Camps (PSA), integrante de la Comisi\u00f3n de Espacio P\u00fablico.<\/p>\n<p>La propuesta del PRO obliga a quien obtenga la concesi\u00f3n a hacerse cargo de las inversiones para el \u00e1rea de servicio, aunque plantea otro punto cuestionado desde la oposici\u00f3n: que el primer pago se podr\u00eda hacer \u00aben especies\u00bb, es decir que esas obras se podr\u00e1n tomar a cuenta de lo que habr\u00e1 que abonar. Y reci\u00e9n en los a\u00f1os siguientes la Ciudad recibir\u00eda dinero a cambio.\/ Clar\u00edn<\/p>","protected":false},"excerpt":{"rendered":"<p>La legislatura porte\u00f1a volver\u00e1 a discutir hoy un proyecto impulsado por el macrismo para instalar bares en las plazas y parques de la Ciudad. Se trata de una iniciativa que el PRO intenta aprobar desde 2008, pero que siempre gener\u00f3 resistencia de la oposici\u00f3n y se fue modificando. En este caso, la nueva norma contempla [&hellip;]<\/p>","protected":false},"author":1,"featured_media":0,"comment_status":"open","ping_status":"open","sticky":false,"template":"","format":"standard","meta":[],"categories":[7,6],"tags":[],"series":[],"_links":{"self":[{"href":"https:\/\/www.diario5.com.ar\/es\/wp-json\/wp\/v2\/posts\/4328"}],"collection":[{"href":"https:\/\/www.diario5.com.ar\/es\/wp-json\/wp\/v2\/posts"}],"about":[{"href":"https:\/\/www.diario5.com.ar\/es\/wp-json\/wp\/v2\/types\/post"}],"author":[{"embeddable":true,"href":"https:\/\/www.diario5.com.ar\/es\/wp-json\/wp\/v2\/users\/1"}],"replies":[{"embeddable":true,"href":"https:\/\/www.diario5.com.ar\/es\/wp-json\/wp\/v2\/comments?post=4328"}],"version-history":[{"count":2,"href":"https:\/\/www.diario5.com.ar\/es\/wp-json\/wp\/v2\/posts\/4328\/revisions"}],"predecessor-version":[{"id":5096,"href":"https:\/\/www.diario5.com.ar\/es\/wp-json\/wp\/v2\/posts\/4328\/revisions\/5096"}],"wp:attachment":[{"href":"https:\/\/www.diario5.com.ar\/es\/wp-json\/wp\/v2\/media?parent=4328"}],"wp:term":[{"taxonomy":"category","embeddable":true,"href":"https:\/\/www.diario5.com.ar\/es\/wp-json\/wp\/v2\/categories?post=4328"},{"taxonomy":"post_tag","embeddable":true,"href":"https:\/\/www.diario5.com.ar\/es\/wp-json\/wp\/v2\/tags?post=4328"},{"taxonomy":"series","embeddable":true,"href":"https:\/\/www.diario5.com.ar\/es\/wp-json\/wp\/v2\/series?post=4328"}],"curies":[{"name":"wp","href":"https:\/\/api.w.org\/{rel}","templated":true}]}}