{"id":4241,"date":"2011-10-27T11:51:00","date_gmt":"2011-10-27T14:51:00","guid":{"rendered":"http:\/\/diario5.com.ar\/?p=4241"},"modified":"2015-08-26T19:19:57","modified_gmt":"2015-08-26T22:19:57","slug":"etnopsicoanalisis-complementarista","status":"publish","type":"post","link":"https:\/\/www.diario5.com.ar\/es\/etnopsicoanalisis-complementarista\/","title":{"rendered":"D\u00eda de los Caf\u00e9s \/ Descuentos"},"content":{"rendered":"<h2 class=\"sub-title-primary\"><\/h2> <p><a href=\"https:\/\/www.diario5.com.ar\/wp-content\/uploads\/2015\/10\/voucher_cafe.jpg\"><img decoding=\"async\" loading=\"lazy\" class=\"wp-image-7589 alignright\" src=\"http:\/\/diario5.com.ar\/wp-content\/uploads\/2015\/10\/voucher_cafe-300x110.jpg\" alt=\"Web\" width=\"454\" height=\"168\" srcset=\"https:\/\/www.diario5.com.ar\/wp-content\/uploads\/2015\/10\/voucher_cafe-300x110.jpg 300w, https:\/\/www.diario5.com.ar\/wp-content\/uploads\/2015\/10\/voucher_cafe-400x147.jpg 400w, https:\/\/www.diario5.com.ar\/wp-content\/uploads\/2015\/10\/voucher_cafe-260x96.jpg 260w, https:\/\/www.diario5.com.ar\/wp-content\/uploads\/2015\/10\/voucher_cafe-160x59.jpg 160w, https:\/\/www.diario5.com.ar\/wp-content\/uploads\/2015\/10\/voucher_cafe.jpg 650w\" sizes=\"(max-width: 454px) 100vw, 454px\" \/><\/a>Una promoci\u00f3n que puede alivianar el bolsillo a la hora de encontrarse con amigos fue lanzada por el Gobiernos de la Ciudad de Buenos Aires. Enterate aqu\u00ed, pens\u00e1 la respuesta y linkeate para ganar los descuentos.<\/p>\n<p>El Caf\u00e9 como espacio de v\u00ednculo social es anterior a la Revoluci\u00f3n de 1810. El de los Catalanes y el de Marcos fueron los m\u00e1ximos referentes de la Buenos Aires colonial. Con la irrupci\u00f3n del tango, se constituy\u00f3 en el lugar de encuentro al que poetas y compositores del 2&#215;4 le dedicaron sus p\u00e1ginas m\u00e1s\u00a0bonitas.<\/p>\n<p>Hoy, sentarse en un caf\u00e9 se ha convertido en un ritual que nos identifica como argentinos, ya que representa nuestro culto a la amistad y la excusa perfecta para compartir con el otro. Es por eso que te invitamos a compartir con tu c\u00edrculo de amigos un lindo momento en el d\u00eda de los caf\u00e9s de Buenos\u00a0Aires.*<\/p>\n<p>Conoc\u00e9 qu\u00e9 locales adhieren a la promoci\u00f3n y cu\u00e1les son los m\u00e1s cercanos a tu\u00a0barrio:<\/p>\n<p>Vos, \u00bfCu\u00e1nto sab\u00e9s de los caf\u00e9s porte\u00f1os? Contest\u00e1 la pregunta y\u00a0gan\u00e1:<\/p>\n<p>Si conoces la respuesta, envi\u00e1 un mail a: promocion2x4@buenosaires.gob.ar y particip\u00e1 por el sorteo de un kit\u00a02&#215;4**.<\/p>\n<p>Te invitamos el Viernes 26 de octubre, a disfrutar de los shows que se ofrecer\u00e1n de 18 a 20 hs. en algunos de los caf\u00e9s adheridos en el marco del D\u00eda de los Caf\u00e9s de Buenos\u00a0Aires:<\/p>\n<p>Programaci\u00f3n. Viernes 26 de\u00a0Octubre<\/p>\n<p>18:30<\/p>\n<p>\u2022 ESTABLECIMIENTO GENERAL DE CAF\u00c9. Reconquista 591 (Y Tucum\u00e0n). D\u00fao Fuertes Varner\u00edn. Agust\u00edn Fuertes (guitarra y voz) y Ariel Varner\u00edn (guitarra y\u00a0voz).<\/p>\n<p>\u2022 THE COFFEE STORE. Per\u00fa y Moreno (Frente a la Manzana de las Luces). D\u00fao Luis Filipeli (voz) y Juli\u00e1n Hermida\u00a0(guitarra)<\/p>\n<p>\u2022 HAVANNA. Defensa 1084 (frente a Plaza Dorrego- San Telmo). Presentador Jos\u00e9 Manuel Cataldo (palabras sobre el tango y el caf\u00e9) y Lucio Arce (voz y\u00a0guitarra)<\/p>\n<p>\u2022 CAF\u00c9 MARTINEZ. Talcahuano 948. D\u00fao Musas Orilleras. Andrea Bollof (voz) y Sandra Antonuci\u00a0(guitarra).<\/p>\n<p>19:00<\/p>\n<p>\u2022 CONFITER\u00cdA IDEAL. Suipacha 384 \u2013 San Nicol\u00e1s. EVENTO PRINCIPAL EN CONMEMORACI\u00d3N DE SU CENTENARIO. PARTICIPACION DEL CORO KENNEDY QUINTETO VICEVERSA \u2013\u00a0Tango<\/p>\n<p>20\u00a0hs.<\/p>\n<p>\u2022 CONFITER\u00cdA DEL HOTEL CASTELAR. Av. de Mayo 1050 \u2013 Monserrat. PARTICIPACION DEL CORO KENNEDY QUIQUE CONDOMI \u2013 SAMY MIELGO \u2013 OSVALDO BELMONTE -Fusi\u00f3n\u00a0Folkl\u00f3rica<\/p>\n<p>21\u00a0hs<\/p>\n<p>\u2022 CAFF\u00c9 TABAC. Av. del Libertador 2300 \u2013 Recoleta. PARTICIPACION DEL CORO KENNEDY SOL MIHANOVICH. (Canciones y temas\u00a0propios)<\/p>\n<p>22hs.<\/p>\n<p>\u2022 LA BIELA. Av. Quintana 600 \u2013 Recoleta. PARTICIPACION DEL CORO KENNEDY SEGUNDO MUNDO \u2013 M\u00fasica de los Balcanes &#8211;\u00a0Klezmer<\/p>\n<p>Para m\u00e1s informaci\u00f3n sobre el D\u00eda de los Caf\u00e9s de Buenos Aires visit\u00e1 www.agendacultural.buenosaires.gob.ar<\/p>\n<p>*En el d\u00eda de la campa\u00f1a, el cliente que compre 2 caf\u00e9s en pocillo recibir\u00e1 2 caf\u00e9s adicionales en ese mismo momento de las mismas caracter\u00edsticas que los 2 adquiridos. La presente no es acumulable con otras ofertas y\/o promociones. La compra debe ser realizada en efectivo y\/o tarjeta aceptable en el comercio participante. La presente no se extiende a ning\u00fan otro producto que el cliente\u00a0adquiera.<\/p>\n<p>** Entre los que contesten de manera correcta la pregunta, se sortear\u00e1 el d\u00eda 30 de octubre, bajo el mecanismo random aleatorio, dos kit 2&#215;4 que incluye el libro \u201cTango y Fandango en el Caf\u00e9\u201d, m\u00e1s 2 CD de tango de Robustiano \u00c1lvarez . Concurso valido desde el 22 de octubre, hasta el 27 de octubre de 2012 inclusive. Los dos ganadores ser\u00e1n informados a trav\u00e9s del e-mail y tel\u00e9fono que hayan indicado en promocion2x4@buenosaires.gob.ar Ante cualquier duda, comunicarse al: 4331-6372, interno\u00a048.<\/p>","protected":false},"excerpt":{"rendered":"<p>Una promoci\u00f3n que puede alivianar el bolsillo a la hora de encontrarse con amigos fue lanzada por el Gobiernos de la Ciudad de Buenos Aires. Enterate aqu\u00ed, pens\u00e1 la respuesta y linkeate para ganar los descuentos. El Caf\u00e9 como espacio de v\u00ednculo social es anterior a la Revoluci\u00f3n de 1810. El de los Catalanes y [&hellip;]<\/p>","protected":false},"author":1,"featured_media":7589,"comment_status":"open","ping_status":"open","sticky":false,"template":"","format":"standard","meta":[],"categories":[7],"tags":[],"series":[],"_links":{"self":[{"href":"https:\/\/www.diario5.com.ar\/es\/wp-json\/wp\/v2\/posts\/4241"}],"collection":[{"href":"https:\/\/www.diario5.com.ar\/es\/wp-json\/wp\/v2\/posts"}],"about":[{"href":"https:\/\/www.diario5.com.ar\/es\/wp-json\/wp\/v2\/types\/post"}],"author":[{"embeddable":true,"href":"https:\/\/www.diario5.com.ar\/es\/wp-json\/wp\/v2\/users\/1"}],"replies":[{"embeddable":true,"href":"https:\/\/www.diario5.com.ar\/es\/wp-json\/wp\/v2\/comments?post=4241"}],"version-history":[{"count":4,"href":"https:\/\/www.diario5.com.ar\/es\/wp-json\/wp\/v2\/posts\/4241\/revisions"}],"predecessor-version":[{"id":7590,"href":"https:\/\/www.diario5.com.ar\/es\/wp-json\/wp\/v2\/posts\/4241\/revisions\/7590"}],"wp:featuredmedia":[{"embeddable":true,"href":"https:\/\/www.diario5.com.ar\/es\/wp-json\/wp\/v2\/media\/7589"}],"wp:attachment":[{"href":"https:\/\/www.diario5.com.ar\/es\/wp-json\/wp\/v2\/media?parent=4241"}],"wp:term":[{"taxonomy":"category","embeddable":true,"href":"https:\/\/www.diario5.com.ar\/es\/wp-json\/wp\/v2\/categories?post=4241"},{"taxonomy":"post_tag","embeddable":true,"href":"https:\/\/www.diario5.com.ar\/es\/wp-json\/wp\/v2\/tags?post=4241"},{"taxonomy":"series","embeddable":true,"href":"https:\/\/www.diario5.com.ar\/es\/wp-json\/wp\/v2\/series?post=4241"}],"curies":[{"name":"wp","href":"https:\/\/api.w.org\/{rel}","templated":true}]}}