{"id":4239,"date":"2011-10-22T00:06:00","date_gmt":"2011-10-22T00:06:00","guid":{"rendered":"http:\/\/diario5.com.ar\/?p=4239"},"modified":"2015-08-26T19:21:17","modified_gmt":"2015-08-26T22:21:17","slug":"sociologia-del-rito","status":"publish","type":"post","link":"https:\/\/www.diario5.com.ar\/es\/sociologia-del-rito\/","title":{"rendered":"Festival en el CMD"},"content":{"rendered":"<h2 class=\"sub-title-primary\"><\/h2> <p>Desde el viernes y hasta el domingo se realizar\u00e1 la tercera edici\u00f3n del Festival Internacional de Dise\u00f1o en el Centro Metropolitano de Dise\u00f1o -CMD, Algarrobo 1041-, dentro del distrito de dise\u00f1o, en el barrio de Barracas.<\/p>\n<p>El festival ocupar\u00e1 otros espacios porte\u00f1os como la Ciudad Cultural Konex, el Malba, el CCEBA, o el barrio de Palermo donde se buscar\u00e1 mostrar c\u00f3mo ha crecido el dise\u00f1o en Buenos Aires. El principal escenario ser\u00e1 el CMD donde habr\u00e1 charlas, mesas redondas y conferencias de profesionales del dise\u00f1o, bajo la idea convocante: \u201cVen\u00ed a pensar la Ciudad en la que queremos vivir\u201d.<\/p>\n<p>Abrir\u00e1n una Calle del Dise\u00f1o en el CMD y en un gran mural se podr\u00e1 contestar \u00bfQu\u00e9 dise\u00f1o cambi\u00f3 tu vida?; adem\u00e1s exhibir\u00e1n las vidrieras de los emprendedores creativos del CMD, expondr\u00e1n los prototipos de workshop en el que se desarrollaron nuevos productos a partir de la seda y el bamb\u00fa, habr\u00e1 un espacio permanente para que las c\u00e1tedras de las instituciones de dise\u00f1o puedan desarrollar sus clases. M\u00e1s informaci\u00f3n en <a href=\"http:\/\/cmd.gov.ar\">cmd.gov.ar<\/a>.<\/p>\n<p>La bicicleta ser\u00e1 el medio de transporte del festival y durante los 3 d\u00edas funcionar\u00e1 una estaci\u00f3n con bicis gratuitas del Gobierno porte\u00f1o y se podr\u00e1n realizar circuitos creativos por la Ciudad guiados por dise\u00f1adores. Mart\u00edn Churba guiar\u00e1 el Circuito de Dise\u00f1o de Palermo y Emiliano Espasand\u00edn el de arquitectura en Barracas y La Boca. Adem\u00e1s la l\u00ednea 12 de colectivos llevar\u00e1 carteles con im\u00e1genes del Festival. El s\u00e1bado y domingo de 12 a 20 y cada hora y media partir\u00e1n buses gratuitos desde el Teatro Col\u00f3n.<\/p>","protected":false},"excerpt":{"rendered":"<p>Desde el viernes y hasta el domingo se realizar\u00e1 la tercera edici\u00f3n del Festival Internacional de Dise\u00f1o en el Centro Metropolitano de Dise\u00f1o -CMD, Algarrobo 1041-, dentro del distrito de dise\u00f1o, en el barrio de Barracas. El festival ocupar\u00e1 otros espacios porte\u00f1os como la Ciudad Cultural Konex, el Malba, el CCEBA, o el barrio de [&hellip;]<\/p>","protected":false},"author":1,"featured_media":0,"comment_status":"open","ping_status":"open","sticky":false,"template":"","format":"standard","meta":[],"categories":[7],"tags":[],"series":[],"_links":{"self":[{"href":"https:\/\/www.diario5.com.ar\/es\/wp-json\/wp\/v2\/posts\/4239"}],"collection":[{"href":"https:\/\/www.diario5.com.ar\/es\/wp-json\/wp\/v2\/posts"}],"about":[{"href":"https:\/\/www.diario5.com.ar\/es\/wp-json\/wp\/v2\/types\/post"}],"author":[{"embeddable":true,"href":"https:\/\/www.diario5.com.ar\/es\/wp-json\/wp\/v2\/users\/1"}],"replies":[{"embeddable":true,"href":"https:\/\/www.diario5.com.ar\/es\/wp-json\/wp\/v2\/comments?post=4239"}],"version-history":[{"count":4,"href":"https:\/\/www.diario5.com.ar\/es\/wp-json\/wp\/v2\/posts\/4239\/revisions"}],"predecessor-version":[{"id":7591,"href":"https:\/\/www.diario5.com.ar\/es\/wp-json\/wp\/v2\/posts\/4239\/revisions\/7591"}],"wp:attachment":[{"href":"https:\/\/www.diario5.com.ar\/es\/wp-json\/wp\/v2\/media?parent=4239"}],"wp:term":[{"taxonomy":"category","embeddable":true,"href":"https:\/\/www.diario5.com.ar\/es\/wp-json\/wp\/v2\/categories?post=4239"},{"taxonomy":"post_tag","embeddable":true,"href":"https:\/\/www.diario5.com.ar\/es\/wp-json\/wp\/v2\/tags?post=4239"},{"taxonomy":"series","embeddable":true,"href":"https:\/\/www.diario5.com.ar\/es\/wp-json\/wp\/v2\/series?post=4239"}],"curies":[{"name":"wp","href":"https:\/\/api.w.org\/{rel}","templated":true}]}}