{"id":4236,"date":"2011-10-04T01:58:00","date_gmt":"2011-10-04T04:58:00","guid":{"rendered":"http:\/\/diario5.com.ar\/?p=4236"},"modified":"2015-10-17T00:55:58","modified_gmt":"2015-10-17T03:55:58","slug":"el-projimo","status":"publish","type":"post","link":"https:\/\/www.diario5.com.ar\/es\/el-projimo\/","title":{"rendered":"La L\u00ednea H llega a Parque Patricios"},"content":{"rendered":"<h2 class=\"sub-title-primary\"><\/h2> <p><a href=\"https:\/\/www.diario5.com.ar\/wp-content\/uploads\/2016\/10\/subte06.jpg\"><img decoding=\"async\" loading=\"lazy\" class=\"wp-image-7849 alignright\" src=\"http:\/\/diario5.com.ar\/wp-content\/uploads\/2016\/10\/subte06-300x225.jpg\" alt=\"subte06\" width=\"420\" height=\"315\" srcset=\"https:\/\/www.diario5.com.ar\/wp-content\/uploads\/2016\/10\/subte06-300x225.jpg 300w, https:\/\/www.diario5.com.ar\/wp-content\/uploads\/2016\/10\/subte06-400x300.jpg 400w, https:\/\/www.diario5.com.ar\/wp-content\/uploads\/2016\/10\/subte06-260x195.jpg 260w, https:\/\/www.diario5.com.ar\/wp-content\/uploads\/2016\/10\/subte06-160x120.jpg 160w, https:\/\/www.diario5.com.ar\/wp-content\/uploads\/2016\/10\/subte06.jpg 500w\" sizes=\"(max-width: 420px) 100vw, 420px\" \/><\/a>Desde hoy, los vecinos de Parque Patricios tendr\u00e1n finalmente una nueva estaci\u00f3n de subte para conectarse con el norte de la Ciudad. Ubicada en la avenida Caseros y La Rioja, la nueva estaci\u00f3n Parque Patricios ser\u00e1 la<b>s\u00e9ptima de la l\u00ednea H<\/b>\u00a0y la nueva cabecera para esa traza que hasta ahora llega a Corrientes y Pueyrred\u00f3n. En pocas semanas, adem\u00e1s, est\u00e1 previsto que la empresa estatal Subterr\u00e1neos de Buenos Aires (SBASE) comience la construcci\u00f3n de seis nuevas estaciones de esa l\u00ednea, que fue concebida para unir Pompeya con Figueroa Alcorta y Pueyrred\u00f3n.<\/p>\n<p>La inauguraci\u00f3n de la estaci\u00f3n Parque Patricios era una de las demandas m\u00e1s importantes de ese barrio y llega con\u00a0<b>a\u00f1os de atraso<\/b>\u00a0. En rigor, la obra se hab\u00eda iniciado a fines de 2005 durante la administraci\u00f3n de An\u00edbal Ibarra pero debi\u00f3 soportar varios frenos por recortes de los fondos y hasta correcciones al proyecto de ingenier\u00eda por la interferencia de un acu\u00edfero. Ahora ser\u00e1 la cuarta estaci\u00f3n que Mauricio Macri inaugurar\u00e1 en su gesti\u00f3n como jefe de Gobierno (las anteriores fueron Pu\u00e1n y Carabobo, de la l\u00ednea A y Corrientes, de la H). Y si todo avanza como est\u00e1 previsto, en mayo de 2012 la lista sumar\u00e1 tambi\u00e9n la octava estaci\u00f3n de la H, Hospitales, otra promesa para el barrio. En las otras l\u00edneas, en cambio, las inauguraciones vienen m\u00e1s lentas. Seg\u00fan se inform\u00f3, las aperturas de cuatro estaciones prometidas para este a\u00f1o (dos de la A y dos de la B) reci\u00e9n estar\u00e1n para el primer semestre de 2012. Telam\/Clar\u00edn<\/p>","protected":false},"excerpt":{"rendered":"<p>Desde hoy, los vecinos de Parque Patricios tendr\u00e1n finalmente una nueva estaci\u00f3n de subte para conectarse con el norte de la Ciudad. Ubicada en la avenida Caseros y La Rioja, la nueva estaci\u00f3n Parque Patricios ser\u00e1 las\u00e9ptima de la l\u00ednea H\u00a0y la nueva cabecera para esa traza que hasta ahora llega a Corrientes y Pueyrred\u00f3n. [&hellip;]<\/p>","protected":false},"author":1,"featured_media":7849,"comment_status":"open","ping_status":"open","sticky":false,"template":"","format":"standard","meta":[],"categories":[7],"tags":[],"series":[],"_links":{"self":[{"href":"https:\/\/www.diario5.com.ar\/es\/wp-json\/wp\/v2\/posts\/4236"}],"collection":[{"href":"https:\/\/www.diario5.com.ar\/es\/wp-json\/wp\/v2\/posts"}],"about":[{"href":"https:\/\/www.diario5.com.ar\/es\/wp-json\/wp\/v2\/types\/post"}],"author":[{"embeddable":true,"href":"https:\/\/www.diario5.com.ar\/es\/wp-json\/wp\/v2\/users\/1"}],"replies":[{"embeddable":true,"href":"https:\/\/www.diario5.com.ar\/es\/wp-json\/wp\/v2\/comments?post=4236"}],"version-history":[{"count":4,"href":"https:\/\/www.diario5.com.ar\/es\/wp-json\/wp\/v2\/posts\/4236\/revisions"}],"predecessor-version":[{"id":7850,"href":"https:\/\/www.diario5.com.ar\/es\/wp-json\/wp\/v2\/posts\/4236\/revisions\/7850"}],"wp:featuredmedia":[{"embeddable":true,"href":"https:\/\/www.diario5.com.ar\/es\/wp-json\/wp\/v2\/media\/7849"}],"wp:attachment":[{"href":"https:\/\/www.diario5.com.ar\/es\/wp-json\/wp\/v2\/media?parent=4236"}],"wp:term":[{"taxonomy":"category","embeddable":true,"href":"https:\/\/www.diario5.com.ar\/es\/wp-json\/wp\/v2\/categories?post=4236"},{"taxonomy":"post_tag","embeddable":true,"href":"https:\/\/www.diario5.com.ar\/es\/wp-json\/wp\/v2\/tags?post=4236"},{"taxonomy":"series","embeddable":true,"href":"https:\/\/www.diario5.com.ar\/es\/wp-json\/wp\/v2\/series?post=4236"}],"curies":[{"name":"wp","href":"https:\/\/api.w.org\/{rel}","templated":true}]}}