{"id":42,"date":"2014-04-14T08:27:24","date_gmt":"2014-04-14T11:27:24","guid":{"rendered":"http:\/\/diario5.com.ar\/?p=42"},"modified":"2016-07-27T11:54:19","modified_gmt":"2016-07-27T14:54:19","slug":"ruido-una-calamidad","status":"publish","type":"post","link":"https:\/\/www.diario5.com.ar\/es\/ruido-una-calamidad\/","title":{"rendered":"Voz cuidada y o\u00eddo sensible"},"content":{"rendered":"<h2 class=\"sub-title-primary\"><\/h2> <p><a href=\"https:\/\/www.diario5.com.ar\/wp-content\/uploads\/2012\/03\/ruido.jpg\"><img decoding=\"async\" loading=\"lazy\" class=\"wp-image-6371 alignleft\" src=\"http:\/\/diario5.com.ar\/wp-content\/uploads\/2012\/03\/ruido.jpg\" alt=\"ruido\" width=\"292\" height=\"331\" srcset=\"https:\/\/www.diario5.com.ar\/wp-content\/uploads\/2012\/03\/ruido.jpg 211w, https:\/\/www.diario5.com.ar\/wp-content\/uploads\/2012\/03\/ruido-160x181.jpg 160w\" sizes=\"(max-width: 292px) 100vw, 292px\" \/><\/a><\/p>\n<p>Florencia Ib\u00e1\u00f1ez, reconocida locutora radial, miembro del staff de Diario 5, analiza sin decibel\u00edmetro uno de los factores que implican, en gran medida una merma en la calidad de vida en las grandes ciudades, incluyendo, muy particularmente, la nuestra.<\/p>\n<p><strong><span style=\"font-size: large;\">Ruido: Una calamidad<\/span><\/strong><\/p>\n<p>Escribe Florencia Ib\u00e1\u00f1ez.<\/p>\n<p>Alguien sol\u00eda comparar la destrucci\u00f3n que producen los ruidos con la acci\u00f3n de las termitas, que avanzan implacablemente y carcomen los cimientos -por m\u00e1s poderosos que sean- abatiendo colosos de cualquier estructura. Ellas lo hacen silenciosamente. Es la \u00fanica diferencia con los ruidos que, con absoluta impunidad y desverg\u00fcenza, afluyen por todas partes.<\/p>\n<p>La ciudad de Buenos Aires sigue sobreviviendo en medio de ruidos, muchas veces de gran magnitud, provocados no solamente por la actividad normal de sus habitantes, sino tambi\u00e9n por la moda (por ejemplo, motos y a\u00fan autos con escape abierto). Si bien el sonido podr\u00eda definirse como una vibraci\u00f3n mec\u00e1nica que se propaga en el aire, el ruido es un sonido no deseado, que de acuerdo a su magnitud interfiere en la calidad de vida de las personas, pudiendo producir desde ligeras molestias hasta el deterioro del \u00f3rgano auditivo. El ruido es medido a trav\u00e9s de la magnitud dB (decibeJ) y su efecto var\u00eda de acuerdo a la cantidad de energ\u00eda recibida por el o\u00eddo.<\/p>\n<p>Seg\u00fan dec\u00eda Julio Mafud, el hombre actual (y hac\u00eda esta referencia hace ya muchos a\u00f1os) recurre al est\u00edmulo sonoro para poder evadirse de la soledad y el aburrimiento. \u00abEl ruido comienza con la televisi\u00f3n, un fen\u00f3meno que desintegra todo tipo de conversaci\u00f3n y la sustituye por el ruido permanente\u00bb. En la ciudad, al ruido persistente de los aparatos de televisi\u00f3n se a\u00f1aden los ruidos de los autom\u00f3viles, que llegan al individuo a nivel inconsciente, pero que se van internalizando en su conducta. Mafud sostiene que \u00abesta actitud de permanente est\u00edmulo para la exteriorizaci\u00f3n lleva al ser humano a poder evadirse de sus silencios o sus reflexiones.<\/p>\n<p>Este fen\u00f3meno se evidencia tambi\u00e9n en los bailes de gente joven en que la danza est\u00e1 asociada a los ruidos y no al acorde musical y en que las parejas no conversan por la intensidad sonora y por el est\u00edmulo del juego de luces en el medio \u00f3ptico. No es raro escuchar decir a los j\u00f3venes que se trata de m\u00fasica para escuchar a muy alto volumen. Los m\u00e9dicos anticipan en los adolescentes de hoy, los sordos de ma\u00f1ana.<br \/>\nPor otra parte, es necesario diferenciar entre ruido industrial y ruido comunitario. El primero considera las intensidades sonoras elevadas en los lugares de trabajo y la legislaci\u00f3n establece l\u00edmites de exposici\u00f3n y protecci\u00f3n a trav\u00e9s de distintos elementos. El segundo, en cambio, resulta m\u00e1s dif\u00edcil de limitar o reducir. \u00danicamente en las zonas rurales o semiurbanas los ruidos son menores. En la ciudad el individuo vive constantemente acompa\u00f1ado por el ruido que es causante de afecciones nerviosas como el surmenage y el stress.<\/p>\n<p>El hombre de la ciudad ha perdido el gusto por el sonido de la naturaleza: el suave roce de las hojas de los \u00e1rboles cuando hay brisa, el canto de alg\u00fan p\u00e1jaro o, simplemente, el profundo silencio que protege al hombre de campo y devuelve fuerzas en las horas de descanso, tantas veces interrumpidas por las fiestas ruidosas de alg\u00fan vecino.<\/p>\n<p>No hace falta llegar al silencio. La salud est\u00e1 en aquietar, bajar decibeles, aflojar. No lo olvidemos.<\/p>\n<p>Florencia Ib\u00e1\u00f1ez \/ Revista Transacci\u00f3n (1985)<\/p>","protected":false},"excerpt":{"rendered":"<p>Florencia Ib\u00e1\u00f1ez, reconocida locutora radial, miembro del staff de Diario 5, analiza sin decibel\u00edmetro uno de los factores que implican, en gran medida una merma en la calidad de vida en las grandes ciudades, incluyendo, muy particularmente, la nuestra. Ruido: Una calamidad Escribe Florencia Ib\u00e1\u00f1ez. Alguien sol\u00eda comparar la destrucci\u00f3n que producen los ruidos con [&hellip;]<\/p>","protected":false},"author":1,"featured_media":6371,"comment_status":"open","ping_status":"open","sticky":false,"template":"","format":"standard","meta":[],"categories":[4],"tags":[],"series":[],"_links":{"self":[{"href":"https:\/\/www.diario5.com.ar\/es\/wp-json\/wp\/v2\/posts\/42"}],"collection":[{"href":"https:\/\/www.diario5.com.ar\/es\/wp-json\/wp\/v2\/posts"}],"about":[{"href":"https:\/\/www.diario5.com.ar\/es\/wp-json\/wp\/v2\/types\/post"}],"author":[{"embeddable":true,"href":"https:\/\/www.diario5.com.ar\/es\/wp-json\/wp\/v2\/users\/1"}],"replies":[{"embeddable":true,"href":"https:\/\/www.diario5.com.ar\/es\/wp-json\/wp\/v2\/comments?post=42"}],"version-history":[{"count":7,"href":"https:\/\/www.diario5.com.ar\/es\/wp-json\/wp\/v2\/posts\/42\/revisions"}],"predecessor-version":[{"id":6372,"href":"https:\/\/www.diario5.com.ar\/es\/wp-json\/wp\/v2\/posts\/42\/revisions\/6372"}],"wp:featuredmedia":[{"embeddable":true,"href":"https:\/\/www.diario5.com.ar\/es\/wp-json\/wp\/v2\/media\/6371"}],"wp:attachment":[{"href":"https:\/\/www.diario5.com.ar\/es\/wp-json\/wp\/v2\/media?parent=42"}],"wp:term":[{"taxonomy":"category","embeddable":true,"href":"https:\/\/www.diario5.com.ar\/es\/wp-json\/wp\/v2\/categories?post=42"},{"taxonomy":"post_tag","embeddable":true,"href":"https:\/\/www.diario5.com.ar\/es\/wp-json\/wp\/v2\/tags?post=42"},{"taxonomy":"series","embeddable":true,"href":"https:\/\/www.diario5.com.ar\/es\/wp-json\/wp\/v2\/series?post=42"}],"curies":[{"name":"wp","href":"https:\/\/api.w.org\/{rel}","templated":true}]}}