{"id":3664,"date":"2013-03-19T14:40:00","date_gmt":"2013-03-19T14:40:00","guid":{"rendered":"http:\/\/diario5.com.ar\/?p=3664"},"modified":"2014-08-01T03:48:13","modified_gmt":"2014-08-01T06:48:13","slug":"victoria-un-instante","status":"publish","type":"post","link":"https:\/\/www.diario5.com.ar\/es\/victoria-un-instante\/","title":{"rendered":"Asumi\u00f3 Franciso &#8211; Emoci\u00f3n porte\u00f1a"},"content":{"rendered":"<h2 class=\"sub-title-primary\"><\/h2> <p><a href=\"https:\/\/www.diario5.com.ar\/wp-content\/uploads\/2013\/03\/francisco03.jpg\"><img decoding=\"async\" loading=\"lazy\" class=\"wp-image-6225 alignleft\" src=\"http:\/\/diario5.com.ar\/wp-content\/uploads\/2013\/03\/francisco03-300x200.jpg\" alt=\"francisco03\" width=\"498\" height=\"332\" srcset=\"https:\/\/www.diario5.com.ar\/wp-content\/uploads\/2013\/03\/francisco03-300x200.jpg 300w, https:\/\/www.diario5.com.ar\/wp-content\/uploads\/2013\/03\/francisco03-400x267.jpg 400w, https:\/\/www.diario5.com.ar\/wp-content\/uploads\/2013\/03\/francisco03-260x173.jpg 260w, https:\/\/www.diario5.com.ar\/wp-content\/uploads\/2013\/03\/francisco03-160x107.jpg 160w, https:\/\/www.diario5.com.ar\/wp-content\/uploads\/2013\/03\/francisco03.jpg 645w\" sizes=\"(max-width: 498px) 100vw, 498px\" \/><\/a>As\u00ed lo vivi\u00f3 la ciuidadan\u00eda en Buenos Aires.<\/p>\n<p>Este es un testimonio gr\u00e1fico que quedar\u00e1 en la historia de la Rep\u00fablica Argentina: El d\u00eda en que los argentinos asistieron a la inauguraci\u00f3n del papado por parte de un compatriota, un paisano, un cura cercano, un obispo amigo&#8230; el mismo de las pol\u00e9micas frente a un gobierno y a otro, el consultor, el se\u00f1alado, el terco que no quiere que nadie se ponga a su servicio. Bergoglio Papa. Papa Francisco. El Papa argentino. El Papa Latinoamericano, el Papa de la esperanza y el que a todos ya desconcierta. No es una humildad de postura. Parece que est\u00e1 decidido a hacer limpieza fuerte en el Vaticano.<\/p>\n<p>Pero hay una limpieza importante que esperamos: volver a decir \u00abperdona nuestras deudas como nosotros perdonamos a nuestros deudores\u00bb, cmo corresponde, en el <em>Padre Nuestro<\/em> y no \u00abperdona nuestras ofensas\u00bb. Hasta que no se reponga en la oraci\u00f3n principal del Cristianismo el sentido real de las palabras de Jes\u00fas en el Serm\u00f3n de la Monta\u00f1a, la Iglesia no estar\u00e1 cerca de los pobres, como Francisco anhela.<\/p>\n<p>Ser\u00e1 \u00e9sta, quiz\u00e1s, la gran diferencia que el popular Juan Pablo II, quien era Papa cuando se corrigi\u00f3 el texto del Padre Nuestro, tenga con la popularidad que, a su vez, pueda proyectar a Francisco hacia un poder real en la Iglesia. Es un secreto a voces en todo el mundo que el cambio de \u00abperdona nuestras deudas\u00bb a \u00abperdona nuestra ofensas\u00bb, (m\u00e1s all\u00e1 de que alguna vez se haya considerado que la traducci\u00f3n de lo que Jes\u00fas hab\u00eda dicho significaba \u00abofender\u00bb) fue una presi\u00f3n del universo banquero especulador cercano al Vaticano, por no sospechar directamente del Directorio del Banco Ambrosiano. Estaremos con este tema. Mucho. Es que una oraci\u00f3n tan, tan importante predispone al que la pronuncia, de una manera diferente si dice un verbo u otro. Cualquiera lo entiende<\/p>\n<p>Carlos Allo<\/p>","protected":false},"excerpt":{"rendered":"<p>As\u00ed lo vivi\u00f3 la ciuidadan\u00eda en Buenos Aires. Este es un testimonio gr\u00e1fico que quedar\u00e1 en la historia de la Rep\u00fablica Argentina: El d\u00eda en que los argentinos asistieron a la inauguraci\u00f3n del papado por parte de un compatriota, un paisano, un cura cercano, un obispo amigo&#8230; el mismo de las pol\u00e9micas frente a un [&hellip;]<\/p>","protected":false},"author":1,"featured_media":6225,"comment_status":"open","ping_status":"open","sticky":false,"template":"","format":"standard","meta":[],"categories":[5,7],"tags":[],"series":[],"_links":{"self":[{"href":"https:\/\/www.diario5.com.ar\/es\/wp-json\/wp\/v2\/posts\/3664"}],"collection":[{"href":"https:\/\/www.diario5.com.ar\/es\/wp-json\/wp\/v2\/posts"}],"about":[{"href":"https:\/\/www.diario5.com.ar\/es\/wp-json\/wp\/v2\/types\/post"}],"author":[{"embeddable":true,"href":"https:\/\/www.diario5.com.ar\/es\/wp-json\/wp\/v2\/users\/1"}],"replies":[{"embeddable":true,"href":"https:\/\/www.diario5.com.ar\/es\/wp-json\/wp\/v2\/comments?post=3664"}],"version-history":[{"count":7,"href":"https:\/\/www.diario5.com.ar\/es\/wp-json\/wp\/v2\/posts\/3664\/revisions"}],"predecessor-version":[{"id":6226,"href":"https:\/\/www.diario5.com.ar\/es\/wp-json\/wp\/v2\/posts\/3664\/revisions\/6226"}],"wp:featuredmedia":[{"embeddable":true,"href":"https:\/\/www.diario5.com.ar\/es\/wp-json\/wp\/v2\/media\/6225"}],"wp:attachment":[{"href":"https:\/\/www.diario5.com.ar\/es\/wp-json\/wp\/v2\/media?parent=3664"}],"wp:term":[{"taxonomy":"category","embeddable":true,"href":"https:\/\/www.diario5.com.ar\/es\/wp-json\/wp\/v2\/categories?post=3664"},{"taxonomy":"post_tag","embeddable":true,"href":"https:\/\/www.diario5.com.ar\/es\/wp-json\/wp\/v2\/tags?post=3664"},{"taxonomy":"series","embeddable":true,"href":"https:\/\/www.diario5.com.ar\/es\/wp-json\/wp\/v2\/series?post=3664"}],"curies":[{"name":"wp","href":"https:\/\/api.w.org\/{rel}","templated":true}]}}