{"id":3623,"date":"2012-12-14T18:01:00","date_gmt":"2012-12-14T18:01:00","guid":{"rendered":"http:\/\/diario5.com.ar\/?p=3623"},"modified":"2014-08-25T17:10:56","modified_gmt":"2014-08-25T20:10:56","slug":"tosco-el-grito-de-piedra","status":"publish","type":"post","link":"https:\/\/www.diario5.com.ar\/es\/tosco-el-grito-de-piedra\/","title":{"rendered":"Adi\u00f3s a los que molestan con m\u00fasica en transportes"},"content":{"rendered":"<h2 class=\"sub-title-primary\"><\/h2> <p><em><a href=\"https:\/\/www.diario5.com.ar\/wp-content\/uploads\/2012\/12\/prohibicion_auriculares.jpg\"><img decoding=\"async\" loading=\"lazy\" class=\"wp-image-6468 alignleft\" src=\"http:\/\/diario5.com.ar\/wp-content\/uploads\/2012\/12\/prohibicion_auriculares.jpg\" alt=\"prohibicion_auriculares\" width=\"474\" height=\"357\" srcset=\"https:\/\/www.diario5.com.ar\/wp-content\/uploads\/2012\/12\/prohibicion_auriculares.jpg 259w, https:\/\/www.diario5.com.ar\/wp-content\/uploads\/2012\/12\/prohibicion_auriculares-160x120.jpg 160w\" sizes=\"(max-width: 474px) 100vw, 474px\" \/><\/a>La Ley reci\u00e9n nace, pero ser\u00e1 chequeada su reglamentaci\u00f3n y su cumplimiento por parte de un portal del grupo Ensamble, ya que se trata de una de las norma de convivencia por las que venimos luchando a brazo partido junto a \u00a0organizaciones vecinales y analistas de la viabilidad de las reglas de convivencia moderna en la Ciudad de Buenos Aires<\/em><\/p>\n<p><span style=\"font-size: 13px;\">La normativa sancionada por los legisladores porte\u00f1os impedir\u00e1 que se utilicen equipos de reproducci\u00f3n musical o video que emitan sonido sin los correspondientes aud\u00edfonos.<\/span><\/p>\n<div>\n<p><a><span style=\"font-size: 13px;\">La normativa fue aprobada en la \u00faltima sesi\u00f3n ordinaria de la Legislatura que efectu\u00f3 modificaciones al C\u00f3digo de Tr\u00e1nsito y Transporte de la Ciudad impulsadas mediante expedientes de los diputados Maximiliano Ferraro, de la Coalici\u00f3n C\u00edvica; y Daniel Lipovetzky, del PRO.<\/span><\/a><\/p>\n<\/div>\n<div>Por un lado, qued\u00f3 firme la prohibici\u00f3n del uso de \u00abequipos de reproducci\u00f3n musical y video que emitan sonido, sin aud\u00edfonos o auriculares en todos los vagones de subterr\u00e1neos\u00bb para \u00abevitar ruidos molestos que perturben a la mayor\u00eda de los pasajeros como sucede habitualmente\u00bb.Asimismo, amplia el impedimento a los pasajeros de colectivos dado que \u201cestos dispositivos tecnol\u00f3gicos port\u00e1tiles que permiten reproducir m\u00fasica y videos en alto o bajo volumen, sin aud\u00edfonos o auriculares, donde hay gran concentraci\u00f3n de personas, generan molestias a quienes deciden no emplear dispositivos de ning\u00fan tipo\u201d.Asimismo, los legisladores establecieron que tanto las empresas due\u00f1as de las l\u00edneas de colectivos como en la red de subtes \u201cdeber\u00e1n exhibir un cartel, dentro de los habit\u00e1culos, en un lugar visible, haciendo constar en forma clara y legible, la prohibici\u00f3n\u201d.<\/p>\n<p>\u00abCreemos que por una `cuesti\u00f3n de derecho\u00b4 cada persona debe tener la posibilidad de escuchar lo que sea de su agrado, siempre y cuando esto no perturbe el medio ambiente ni a afecte a terceros\u201d, concluye el texto.<\/p>\n<\/div>\n<div><\/div>\n<div>Intro: Amalia Guti\u00e9rrez \/ Diario 5<\/div>\n<div>Fuente: Telam<\/div>","protected":false},"excerpt":{"rendered":"<p>La Ley reci\u00e9n nace, pero ser\u00e1 chequeada su reglamentaci\u00f3n y su cumplimiento por parte de un portal del grupo Ensamble, ya que se trata de una de las norma de convivencia por las que venimos luchando a brazo partido junto a \u00a0organizaciones vecinales y analistas de la viabilidad de las reglas de convivencia moderna en [&hellip;]<\/p>","protected":false},"author":1,"featured_media":6468,"comment_status":"open","ping_status":"open","sticky":false,"template":"","format":"standard","meta":[],"categories":[7],"tags":[],"series":[],"_links":{"self":[{"href":"https:\/\/www.diario5.com.ar\/es\/wp-json\/wp\/v2\/posts\/3623"}],"collection":[{"href":"https:\/\/www.diario5.com.ar\/es\/wp-json\/wp\/v2\/posts"}],"about":[{"href":"https:\/\/www.diario5.com.ar\/es\/wp-json\/wp\/v2\/types\/post"}],"author":[{"embeddable":true,"href":"https:\/\/www.diario5.com.ar\/es\/wp-json\/wp\/v2\/users\/1"}],"replies":[{"embeddable":true,"href":"https:\/\/www.diario5.com.ar\/es\/wp-json\/wp\/v2\/comments?post=3623"}],"version-history":[{"count":5,"href":"https:\/\/www.diario5.com.ar\/es\/wp-json\/wp\/v2\/posts\/3623\/revisions"}],"predecessor-version":[{"id":6470,"href":"https:\/\/www.diario5.com.ar\/es\/wp-json\/wp\/v2\/posts\/3623\/revisions\/6470"}],"wp:featuredmedia":[{"embeddable":true,"href":"https:\/\/www.diario5.com.ar\/es\/wp-json\/wp\/v2\/media\/6468"}],"wp:attachment":[{"href":"https:\/\/www.diario5.com.ar\/es\/wp-json\/wp\/v2\/media?parent=3623"}],"wp:term":[{"taxonomy":"category","embeddable":true,"href":"https:\/\/www.diario5.com.ar\/es\/wp-json\/wp\/v2\/categories?post=3623"},{"taxonomy":"post_tag","embeddable":true,"href":"https:\/\/www.diario5.com.ar\/es\/wp-json\/wp\/v2\/tags?post=3623"},{"taxonomy":"series","embeddable":true,"href":"https:\/\/www.diario5.com.ar\/es\/wp-json\/wp\/v2\/series?post=3623"}],"curies":[{"name":"wp","href":"https:\/\/api.w.org\/{rel}","templated":true}]}}