{"id":3587,"date":"2012-11-24T20:53:52","date_gmt":"2012-11-24T20:53:52","guid":{"rendered":"http:\/\/diario5.com.ar\/?p=3587"},"modified":"2015-08-26T19:32:31","modified_gmt":"2015-08-26T22:32:31","slug":"urgente-adolescente-extraviada","status":"publish","type":"post","link":"https:\/\/www.diario5.com.ar\/es\/urgente-adolescente-extraviada\/","title":{"rendered":"URGENTE: Adolescente extraviada"},"content":{"rendered":"<h2 class=\"sub-title-primary\"><\/h2> <div>\n<div>Carolina Christello Dumas, de 17 a\u00f1os, se extravi\u00f3 el 22 de noviembre en la zona de Palermo. Toma una medicaci\u00f3n prescripta. Cualquier informaci\u00f3n, comunicarla a la L\u00ednea 102.<\/div>\n<\/div>\n<div>\n<div id=\"thumbs\">\n<div id=\"back\">\u00a0El Consejo de los Derechos de Ni\u00f1os, Ni\u00f1as y Adolescentes del Gobierno de la Ciudad de Buenos Aires, se encuentra en estado de alerta y solicita colaboraci\u00f3n a los medios en la b\u00fasqueda de Carolina Chritallo Dumas de 17 a\u00f1os, quien se extravi\u00f3 el d\u00eda 22 del corriente. mes en la zona de Palermo. Carolina toma medicaci\u00f3n\u00a0m\u00e9dica.<\/div>\n<\/div>\n<\/div>\n<div>\n<p>Debido a la situaci\u00f3n de riesgo en la que se encontrar\u00edan estas adolescentes, se solicita la difusi\u00f3n y publicaci\u00f3n de la\u00a0campa\u00f1a.<\/p>\n<p>El Registro de Chicos Perdidos realiza las tareas necesarias para dar con el paradero de ni\u00f1os\/as y adolescentes y solicita que ante cualquier dato o informaci\u00f3n se comuniquen a la L\u00ednea telef\u00f3nica 102, que funciona las 24 horas y es gratuita y\/o a la Comisar\u00eda 23 de esta Capital a los n\u00fameros 1550098897 \u2013\u00a01531971256.<\/p>\n<\/div>","protected":false},"excerpt":{"rendered":"<p>Carolina Christello Dumas, de 17 a\u00f1os, se extravi\u00f3 el 22 de noviembre en la zona de Palermo. Toma una medicaci\u00f3n prescripta. Cualquier informaci\u00f3n, comunicarla a la L\u00ednea 102. \u00a0El Consejo de los Derechos de Ni\u00f1os, Ni\u00f1as y Adolescentes del Gobierno de la Ciudad de Buenos Aires, se encuentra en estado de alerta y solicita colaboraci\u00f3n [&hellip;]<\/p>","protected":false},"author":1,"featured_media":0,"comment_status":"open","ping_status":"open","sticky":false,"template":"","format":"standard","meta":[],"categories":[3],"tags":[],"series":[],"_links":{"self":[{"href":"https:\/\/www.diario5.com.ar\/es\/wp-json\/wp\/v2\/posts\/3587"}],"collection":[{"href":"https:\/\/www.diario5.com.ar\/es\/wp-json\/wp\/v2\/posts"}],"about":[{"href":"https:\/\/www.diario5.com.ar\/es\/wp-json\/wp\/v2\/types\/post"}],"author":[{"embeddable":true,"href":"https:\/\/www.diario5.com.ar\/es\/wp-json\/wp\/v2\/users\/1"}],"replies":[{"embeddable":true,"href":"https:\/\/www.diario5.com.ar\/es\/wp-json\/wp\/v2\/comments?post=3587"}],"version-history":[{"count":6,"href":"https:\/\/www.diario5.com.ar\/es\/wp-json\/wp\/v2\/posts\/3587\/revisions"}],"predecessor-version":[{"id":7600,"href":"https:\/\/www.diario5.com.ar\/es\/wp-json\/wp\/v2\/posts\/3587\/revisions\/7600"}],"wp:attachment":[{"href":"https:\/\/www.diario5.com.ar\/es\/wp-json\/wp\/v2\/media?parent=3587"}],"wp:term":[{"taxonomy":"category","embeddable":true,"href":"https:\/\/www.diario5.com.ar\/es\/wp-json\/wp\/v2\/categories?post=3587"},{"taxonomy":"post_tag","embeddable":true,"href":"https:\/\/www.diario5.com.ar\/es\/wp-json\/wp\/v2\/tags?post=3587"},{"taxonomy":"series","embeddable":true,"href":"https:\/\/www.diario5.com.ar\/es\/wp-json\/wp\/v2\/series?post=3587"}],"curies":[{"name":"wp","href":"https:\/\/api.w.org\/{rel}","templated":true}]}}