{"id":3478,"date":"2012-10-26T12:50:26","date_gmt":"2012-10-26T15:50:26","guid":{"rendered":"http:\/\/diario5.com.ar\/?p=3478"},"modified":"2014-08-28T14:37:52","modified_gmt":"2014-08-28T17:37:52","slug":"festival-de-la-bici","status":"publish","type":"post","link":"https:\/\/www.diario5.com.ar\/es\/festival-de-la-bici\/","title":{"rendered":"El Festival de la Bici 2012"},"content":{"rendered":"<h2 class=\"sub-title-primary\"><\/h2> <p><a href=\"https:\/\/www.diario5.com.ar\/wp-content\/uploads\/2012\/10\/bici.jpg\"><img decoding=\"async\" loading=\"lazy\" class=\"alignright size-full wp-image-3488\" title=\"bici\" src=\"http:\/\/diario5.com.ar\/wp-content\/uploads\/2012\/10\/bici.jpg\" alt=\"\" width=\"347\" height=\"145\" srcset=\"https:\/\/www.diario5.com.ar\/wp-content\/uploads\/2012\/10\/bici.jpg 347w, https:\/\/www.diario5.com.ar\/wp-content\/uploads\/2012\/10\/bici-300x125.jpg 300w, https:\/\/www.diario5.com.ar\/wp-content\/uploads\/2012\/10\/bici-260x109.jpg 260w, https:\/\/www.diario5.com.ar\/wp-content\/uploads\/2012\/10\/bici-160x67.jpg 160w\" sizes=\"(max-width: 347px) 100vw, 347px\" \/><\/a><span style=\"color: #444444;\">Se hace necesario que la bicicleta gane terreno como protagonista de la vida en la Ciudad. Ya no interesa qui\u00e9n plantee sistemas nuevos de acceso a los rodados p\u00fablicos, sino que se sigan discutiendo pol\u00edticas referidas a su uso, las nuevas reglamentaciones en las calles, las ciclov\u00edas que deben completarse y el financiamiento para su compra a favor de los vecinos decididos a movilizarse con el encantador veh\u00edculo.<\/span><\/p>\n<p>El Gobierno de la Ciudad presenta en este fin de semana el festival de la bici, que apunta a una definitiva inserci\u00f3n del uso de la Bicileta en el \u00e1rea metropolitana. En el portal del GCBA vienen anticipando la programaci\u00f3n y los distintos encuentros para este plan estrat\u00e9gico. Dice: Se\u00f1al de partida para el Festival de la Bici, con dos d\u00edas para disfrutar a pleno de espect\u00e1culos, juegos y exhibiciones en el Planetario, el Anfiteatro de Parque Centenario y el Distrito Audiovisual de la Ciudad.<\/p>\n<p>En el Planetario, desde las 14 h se podr\u00e1n presenciar exhibiciones de habilidad y demostraciones de estilos, admirar intervenciones art\u00edsticas sobre bicicletas a cargo de reconocidos dise\u00f1adores e ilustradores, participar de juegos para grandes y chicos, asistir a desfiles de moda y participar de encuentros de difusi\u00f3n, recorrer una feria con exhibici\u00f3n y venta de art\u00edculos, stands de ONGs y organismos p\u00fablicos y el BA Market para degustar exquisitos alimentos y bebidas org\u00e1nicas.<\/p>\n<p>Por si fuera poco, en la sala fulldome de este \u00edcono porte\u00f1o, se podr\u00e1 disfrutar de la proyecci\u00f3n de Bikestorming: En Bici al Futuro (a las 14.30, 16.30 y 18.30 h) y una muestra de fotograf\u00edas que acompa\u00f1a esta creaci\u00f3n especialmente realizada para el Festival. Adem\u00e1s, el lugar ser\u00e1 punto de partida para los circuitos tem\u00e1ticos Turismo Cultural en Dos Ruedas (14.30 h) y Buenos Aires en Bici: la belleza de una ciudad imperfecta (15.30 h).<\/p>\n<h2>EL MEJOR CINE SOBRE BICIS<\/h2>\n<p><a href=\"http:\/\/festivalbici.buenosaires.gob.ar\/photobase\/news\/1351294862.7832_full.jpg\" rel=\"photos\">\u00a0<\/a>Hoy a las <strong>15 h<\/strong> en el <strong>Distrito Audiovisual<\/strong> (Dorrego y Honduras) con el programa <strong>\u00abLa bici como arte\u00bb <\/strong>(que incluye trabajos sobre el talentoso ilustrador canadiense Kevin Cyr, un grupo de BMX australiano y la carrera retro italiana L&#8217;Eroica &#8211;foto&#8211; entre otros temas) comienza la secci\u00f3n de cine del Festival, que cuenta con pel\u00edculas especialmente seleccionadas por el <strong>Bicycle Film Festival<\/strong>.<\/p>\n<p>El BFF es el m\u00e1s importante y original del mundo en su tipo, que de esa manera suma a Buenos Aires a la lista de importantes ciudades del mundo en las que se presenta. El cronograma de hoy s\u00e1bado indica adem\u00e1s que a las <strong>17 h<\/strong> se ver\u00e1n <strong>Cortos divertidos de bicis<\/strong>, a las <strong>19 h<\/strong> <strong>Buenos Aires invita a Nueva York<\/strong> y a las <strong>21 h<\/strong> <strong>L\u00ednea de visi\u00f3n<\/strong>.<\/p>\n<p>En todos los casos, estos programas agrupan originales cortos y mediometrajes que muestran distintas formas de vivir la cultura de la bicicleta. Y a prepararse porque ma\u00f1ana <strong>domingo<\/strong> a las <strong>20 h<\/strong> en el <strong>Anfiteatro del Parque Centenario<\/strong>, como cierre especial de esta secci\u00f3n, se proyectar\u00e1 la multipremiada pel\u00edcula francesa de animaci\u00f3n <strong>Las trillizas de Belleville<\/strong>.<\/p>","protected":false},"excerpt":{"rendered":"<p>Se hace necesario que la bicicleta gane terreno como protagonista de la vida en la Ciudad. Ya no interesa qui\u00e9n plantee sistemas nuevos de acceso a los rodados p\u00fablicos, sino que se sigan discutiendo pol\u00edticas referidas a su uso, las nuevas reglamentaciones en las calles, las ciclov\u00edas que deben completarse y el financiamiento para su [&hellip;]<\/p>","protected":false},"author":1,"featured_media":3488,"comment_status":"open","ping_status":"open","sticky":false,"template":"","format":"standard","meta":[],"categories":[6],"tags":[],"series":[],"_links":{"self":[{"href":"https:\/\/www.diario5.com.ar\/es\/wp-json\/wp\/v2\/posts\/3478"}],"collection":[{"href":"https:\/\/www.diario5.com.ar\/es\/wp-json\/wp\/v2\/posts"}],"about":[{"href":"https:\/\/www.diario5.com.ar\/es\/wp-json\/wp\/v2\/types\/post"}],"author":[{"embeddable":true,"href":"https:\/\/www.diario5.com.ar\/es\/wp-json\/wp\/v2\/users\/1"}],"replies":[{"embeddable":true,"href":"https:\/\/www.diario5.com.ar\/es\/wp-json\/wp\/v2\/comments?post=3478"}],"version-history":[{"count":7,"href":"https:\/\/www.diario5.com.ar\/es\/wp-json\/wp\/v2\/posts\/3478\/revisions"}],"predecessor-version":[{"id":6516,"href":"https:\/\/www.diario5.com.ar\/es\/wp-json\/wp\/v2\/posts\/3478\/revisions\/6516"}],"wp:featuredmedia":[{"embeddable":true,"href":"https:\/\/www.diario5.com.ar\/es\/wp-json\/wp\/v2\/media\/3488"}],"wp:attachment":[{"href":"https:\/\/www.diario5.com.ar\/es\/wp-json\/wp\/v2\/media?parent=3478"}],"wp:term":[{"taxonomy":"category","embeddable":true,"href":"https:\/\/www.diario5.com.ar\/es\/wp-json\/wp\/v2\/categories?post=3478"},{"taxonomy":"post_tag","embeddable":true,"href":"https:\/\/www.diario5.com.ar\/es\/wp-json\/wp\/v2\/tags?post=3478"},{"taxonomy":"series","embeddable":true,"href":"https:\/\/www.diario5.com.ar\/es\/wp-json\/wp\/v2\/series?post=3478"}],"curies":[{"name":"wp","href":"https:\/\/api.w.org\/{rel}","templated":true}]}}