{"id":3449,"date":"2015-02-08T23:46:36","date_gmt":"2015-02-09T02:46:36","guid":{"rendered":"http:\/\/diario5.com.ar\/?p=3449"},"modified":"2015-08-26T19:39:14","modified_gmt":"2015-08-26T22:39:14","slug":"el-triangulo","status":"publish","type":"post","link":"https:\/\/www.diario5.com.ar\/es\/el-triangulo\/","title":{"rendered":"El Tri\u00e1ngulo"},"content":{"rendered":"<h2 class=\"sub-title-primary\"><\/h2> <p>A nivel dirigencial, los \u00fanicos que tienen derecho a identificarse con las mismas banderas del peronismo con la que lo hace orgullosamente el pueblo en la calle, son aquellos militantes que jam\u00e1s, o hasta el momento, hayan ejercido ning\u00fan cargo p\u00fablico o ninguna funci\u00f3n sindical. Es decir: casi nadie de los que detentan alg\u00fan poder importante. Ni Per\u00f3n mismo, hipot\u00e9ticamente en vida,\u00a0 podr\u00eda en junio de 2012 indicar cu\u00e1l de las ramas actuales de su multiderivado movimiento es el que responde verdaderamente a su doctrina. \u201cLos hay ortodoxos, los hay heterodoxos\u2026\u201d era la frase del l\u00edder para contemporizar y dejar muestra de que los aceptaba \u201cm\u00e1s o menos a todos\u201d.<\/p>\n<p><a href=\"https:\/\/www.diario5.com.ar\/wp-content\/uploads\/2012\/10\/triangulo01.jpg\"><img decoding=\"async\" loading=\"lazy\" class=\"alignright size-full wp-image-3450\" title=\"triangulo01\" src=\"http:\/\/diario5.com.ar\/wp-content\/uploads\/2012\/10\/triangulo01.jpg\" alt=\"\" width=\"582\" height=\"429\" srcset=\"https:\/\/www.diario5.com.ar\/wp-content\/uploads\/2012\/10\/triangulo01.jpg 582w, https:\/\/www.diario5.com.ar\/wp-content\/uploads\/2012\/10\/triangulo01-300x221.jpg 300w\" sizes=\"(max-width: 582px) 100vw, 582px\" \/><\/a><\/p>\n<p>La pregunta es: en el conflicto entre el sindicalismo camionero fogoneado por los Moyano y el gobierno de Cristina Fern\u00e1ndez de Kirchner\u2026 \u00bfqui\u00e9n es el \u201cDue\u00f1o de Per\u00f3n\u201d? \u00bfA qui\u00e9n apoyar\u00eda el viejo caudillo? \u00bfNadie se puso a pensar que si Per\u00f3n hubiese sido espectador en vida de los 13 paros generales que el ultra embanderado \u201cMovimiento Obrero\u201d le hizo a Alfons\u00edn, Per\u00f3n habr\u00eda aconsejado al presidente radical de 1985 correr a Ubaldini y los suyos \u201ccon la manguera de los bomberos\u201d? (buscar el discurso en el que Per\u00f3n juega con esa figura).<\/p>\n<p>&nbsp;<\/p>\n<p>La hipocres\u00eda de asociar a la organizaci\u00f3n obrera con un \u00fanico partido pol\u00edtico nos va a acompa\u00f1ar por muchas d\u00e9cadas m\u00e1s si ese partido mantiene intacta a trav\u00e9s del tiempo su deportivamente flexible capacidad de mutar hacia lo que sea menester, cada vez que el pais requiera de un cambio. Hay algunas corporaciones enfrentadas al gobierno con ganas de devor\u00e1rselo y un gobierno con ganas de devorarse las denuncias que vienen desde los que est\u00e1n en contra de ambos. \u00bfEn contra de ambos? \u00bfEn contra del Gobierno kirchnerista y en contra de Monsanto, Clar\u00edn y Techint? Desde los medios enrolados en las huestes kirchneristas dicen que eso no puede ser y Diario 5 ya demostr\u00f3 que s\u00ed, que no es cierto que sean s\u00f3lo dos las veredas a transitar. Diario 5 demuestra todos los d\u00edas que existe un tri\u00e1ngulo de opciones ideol\u00f3gicas y la poblaci\u00f3n debe elegir entre esas tres para alinearse. Pero revelar una tercera posici\u00f3n ideol\u00f3gica no le conviene ni a las corporaciones que combate el gobierno ni a las que representa.<\/p>\n<p>La posici\u00f3n es claramente socialista, pensante, equilibrada y combativa. Es tan \u201cliberal\u201d en lo pol\u00edtico, que se ve obligada a rechazar el liberalismo econ\u00f3mico. Es una posici\u00f3n que no chicanea, que no aporta confusi\u00f3n, que pretende influ\u00edr pero ense\u00f1a sin reclutar. Los j\u00f3venes con posici\u00f3n tomada son respetados todos, incluyendo los que creen en Morales Sol\u00e1, como los que celebran a Aliverti. M\u00e1s all\u00e1 del respeto, tenemos preferencias y, coincidentemente, no nos gusta ni Morales Sol\u00e1 ni Aliverti.<\/p>\n<p>Preferimos a Carlos Allo, quien lidera este grupo period\u00edstico sin tendencias caprichosas. Exactamente sobre la l\u00ednea roja del tri\u00e1ngulo.<\/p>\n<p>Natalia Mart\u00ednez<\/p>","protected":false},"excerpt":{"rendered":"<p>A nivel dirigencial, los \u00fanicos que tienen derecho a identificarse con las mismas banderas del peronismo con la que lo hace orgullosamente el pueblo en la calle, son aquellos militantes que jam\u00e1s, o hasta el momento, hayan ejercido ning\u00fan cargo p\u00fablico o ninguna funci\u00f3n sindical. Es decir: casi nadie de los que detentan alg\u00fan poder [&hellip;]<\/p>","protected":false},"author":1,"featured_media":0,"comment_status":"open","ping_status":"open","sticky":false,"template":"","format":"standard","meta":[],"categories":[1],"tags":[],"series":[],"_links":{"self":[{"href":"https:\/\/www.diario5.com.ar\/es\/wp-json\/wp\/v2\/posts\/3449"}],"collection":[{"href":"https:\/\/www.diario5.com.ar\/es\/wp-json\/wp\/v2\/posts"}],"about":[{"href":"https:\/\/www.diario5.com.ar\/es\/wp-json\/wp\/v2\/types\/post"}],"author":[{"embeddable":true,"href":"https:\/\/www.diario5.com.ar\/es\/wp-json\/wp\/v2\/users\/1"}],"replies":[{"embeddable":true,"href":"https:\/\/www.diario5.com.ar\/es\/wp-json\/wp\/v2\/comments?post=3449"}],"version-history":[{"count":2,"href":"https:\/\/www.diario5.com.ar\/es\/wp-json\/wp\/v2\/posts\/3449\/revisions"}],"predecessor-version":[{"id":3454,"href":"https:\/\/www.diario5.com.ar\/es\/wp-json\/wp\/v2\/posts\/3449\/revisions\/3454"}],"wp:attachment":[{"href":"https:\/\/www.diario5.com.ar\/es\/wp-json\/wp\/v2\/media?parent=3449"}],"wp:term":[{"taxonomy":"category","embeddable":true,"href":"https:\/\/www.diario5.com.ar\/es\/wp-json\/wp\/v2\/categories?post=3449"},{"taxonomy":"post_tag","embeddable":true,"href":"https:\/\/www.diario5.com.ar\/es\/wp-json\/wp\/v2\/tags?post=3449"},{"taxonomy":"series","embeddable":true,"href":"https:\/\/www.diario5.com.ar\/es\/wp-json\/wp\/v2\/series?post=3449"}],"curies":[{"name":"wp","href":"https:\/\/api.w.org\/{rel}","templated":true}]}}