{"id":3386,"date":"2011-10-02T19:29:23","date_gmt":"2011-10-02T19:29:23","guid":{"rendered":"http:\/\/diario5.com.ar\/?p=3386"},"modified":"2012-09-17T19:42:49","modified_gmt":"2012-09-17T19:42:49","slug":"3386","status":"publish","type":"post","link":"https:\/\/www.diario5.com.ar\/es\/3386\/","title":{"rendered":"Este mes en el Canal de la Ciudad"},"content":{"rendered":"<h2 class=\"sub-title-primary\"><\/h2> <p>D<\/p>\n<p>amos cuenta de la programaci\u00f3n que este mes pondr\u00e1 en el aire el Canal de la Ciudad. Prometen profundizaciones, variedad y especiales muy interesantes. Se prev\u00e9n trabajos conjuntos con organizaciones culturales e incluso con organismos del Gobierno Nacional. El PDF original distribuido por la organizaci\u00f3n de prensa del canal dice:<\/p>\n<p>El canal de la ciudad, presenta su nueva programaci\u00f3n, gestada con el objetivo de acercar a los vecinos de la ciudad de Buenos Aires contenidos culturales y de entretenimiento, haciendo \u00e9nfasis en la calidad sin perder de vista la pluralidad ideol\u00f3gica, la inclusi\u00f3n de los distintos actores sociales y el derecho de la ciudadan\u00eda a mantenerse informada.<\/p>\n<p>En la emisi\u00f3n de estas nuevas producciones, se han rebasado los l\u00edmites de la ciudad, haciendo que Ciudad Abierta llegue con su programaci\u00f3n a varios puntos del pa\u00eds a trav\u00e9s de diferentes convenios, como consecuencia de pertenecer al Consejo Federal de Televisi\u00f3n P\u00fablica.<br \/>\nTambi\u00e9n comenzaremos a formar parte de la Telvisi\u00f3n Digital Terrestre a partir del 2012, emitiendo en la se\u00f1al n\u00famero 20.<\/p>\n<p>Panorama Argentino<br \/>\nNoticiero Nacional coproducido con los 14 canales miembros del Consejo Federal de la T.V. P\u00fablica. Se emite simult\u00e1neamente a todo el pa\u00eds.<\/p>\n<p>El Col\u00f3n en Casa<br \/>\nLas mejores obras de la temporada 2011 del Teatro Col\u00f3n por el Canal de la Ciudad. En Octubre, \u201cEl Carnaval de los Animales\u201d con textos de Mar\u00eda Elena Walsh y coreograf\u00eda de Oscar Araiz; y \u201cSim\u00f3n Boccanegra\u201d, una \u00f3pera con m\u00fasica de Giuseppe Verdi.<\/p>\n<p>Espacio INCAA<br \/>\nDocumentales de estreno, los mejores cortos de \u201cHistorias Breves\u201d, m\u00e1s las \u00faltimas noticias de la industria cinematogr\u00e1fica nacional y avances de futuras pel\u00edculas argentinas.<\/p>\n<p>MoMusi<br \/>\nCiclo de m\u00fasica para chicos producido por el Centro Cultural San Mart\u00edn y realizado por el Grupo MoMusi (Movimiento de M\u00fasica para Ni\u00f1os), declarado de Inter\u00e9s Social y Cultural por la Legislatura de la Ciudad.<\/p>\n<p>Tango 201<br \/>\nSegunda temporada del ciclo de \u201cTango del Bicentenario\u201d, una manera de celebrar, reflexionar y reconstruir nuestra identidad. Nuevas tendencias y figuras consagradas del g\u00e9nero conviven en conciertos, presentaciones de discos y milongas, a lo largo de todos los barrios porte\u00f1os.<\/p>\n<p>Lunfardo Argento<br \/>\nUn programa que registra puntos de vista sobre la realidad a trav\u00e9s del lunfardo y argot espec\u00edficos de distintos grupos sociales. Una atractiva propuesta para entender por qu\u00e9 hablamos como hablamos.<\/p>\n<p>Bienal de Flamenco de Buenos Aires 2011<br \/>\nLos acontecimientos m\u00e1s importantes de la segunda Bienal de<br \/>\nFlamenco de la Ciudad de Buenos Aires. Organizada por la<br \/>\nDirecci\u00f3n General de M\u00fasica en conjunto con la Embajada de<br \/>\nEspa\u00f1a, con figuras locales e invitados espa\u00f1oles.<\/p>\n<p>Jazzolog\u00eda<br \/>\nC\u00e9lebre ciclo de jazz del CCGSM, con grandes m\u00fasicos de la<br \/>\nciudad de Buenos Aires, interpretando las distintas facetas de este g\u00e9nero.<\/p>\n<p>Edificios<br \/>\nUn recorrido por los edificios hist\u00f3ricos de la ciudad, contextualizado por profesionales del urbanismo, arquitectura e historia de Buenos Aires.<\/p>\n<p>Hola Vecino<br \/>\nPrograma de inter\u00e9s general, realizado en conjunto con Radio de la Ciudad de Buenos Aires AM 1110, conducido por Alfredo Tabacman y Ricardo Carrasquet, grabado en diferentes Caf\u00e9s Notables de la ciudad.<\/p>\n<p>Caf\u00e9s Notables<br \/>\nUn programa que recrea los distintos caf\u00e9s y confiter\u00edas porte\u00f1as merecedores de este importante galard\u00f3n. Una recorrida por estos emblem\u00e1ticos rincones porte\u00f1os, con la presencia de especialistas, historiadores, propietarios y habitu\u00e9s. Nominado al Mart\u00edn Fierro 2010 como mejor programa Documental.<\/p>\n<p>Agenda Ciudad Abierta<br \/>\nMuseos, Teatros, visitas guiadas, espacios p\u00fablicos y otras<br \/>\npropuestas. Una s\u00edntesis de las diversas actividades culturales que nos propone Buenos Aires.<\/p>\n<p>Grandes Charlas con los Grandes<br \/>\nCharlas con los guionistas m\u00e1s destacados de la televisi\u00f3n<br \/>\nargentina, con la coordinaci\u00f3n del periodista Alberto Catena.<\/p>\n<p>Para Pensar el Pa\u00eds<br \/>\nUn espacio de entrevistas exclusivas a personalidades destacadas que conforman y piensan nuestro pa\u00eds desde diferentes \u00e1mbitos y regiones. En convenio con COLSECOR, el canal cooperativo m\u00e1s grande de Latinoam\u00e9rica.<\/p>\n<p>Cortos de la F.U.C.<br \/>\nLa Fundaci\u00f3n Universidad del Cine brinda sus mejores<br \/>\ncortometrajes para su difusi\u00f3n por Ciudad Abierta.<\/p>\n<p>Sesiones de la Legislatura en Vivo<br \/>\nTodos los Jueves a partir de las 17hs, las sesiones de la Legislatura son emitidas en vivo por Ciudad Abierta.<\/p>\n<p>En desarrollo<br \/>\nSe est\u00e1n desarrollando tres programas, uno de ellos de dise\u00f1o en coproducci\u00f3n con el CMD (Centro Metropolitano de<br \/>\nDise\u00f1o), mostrando Buenos Aires como una ciudad que marca tendencia en el mundo del dise\u00f1o.<\/p>\n<p>Un segundo programa con la Secretar\u00eda de Inclusi\u00f3n y Derechos Humanos, para promover las pol\u00edticas p\u00fablicas de promoci\u00f3n y protecci\u00f3n de los derechos humanos. Por una ciudad que incorpore pr\u00e1cticas y valores basaos en el respeto. El tercero sobre personas con capacidades diferentes, en coproducci\u00f3n con la COPIDIS, dando informaci\u00f3n sobre los distintos avances en la materia que la ciudad ha logrado en estos \u00faltimos a\u00f1os, para tener una Buenos Aires m\u00e1s inclusiva.<\/p>","protected":false},"excerpt":{"rendered":"<p>D amos cuenta de la programaci\u00f3n que este mes pondr\u00e1 en el aire el Canal de la Ciudad. Prometen profundizaciones, variedad y especiales muy interesantes. Se prev\u00e9n trabajos conjuntos con organizaciones culturales e incluso con organismos del Gobierno Nacional. El PDF original distribuido por la organizaci\u00f3n de prensa del canal dice: El canal de la [&hellip;]<\/p>","protected":false},"author":1,"featured_media":0,"comment_status":"open","ping_status":"open","sticky":false,"template":"","format":"standard","meta":[],"categories":[1],"tags":[],"series":[],"_links":{"self":[{"href":"https:\/\/www.diario5.com.ar\/es\/wp-json\/wp\/v2\/posts\/3386"}],"collection":[{"href":"https:\/\/www.diario5.com.ar\/es\/wp-json\/wp\/v2\/posts"}],"about":[{"href":"https:\/\/www.diario5.com.ar\/es\/wp-json\/wp\/v2\/types\/post"}],"author":[{"embeddable":true,"href":"https:\/\/www.diario5.com.ar\/es\/wp-json\/wp\/v2\/users\/1"}],"replies":[{"embeddable":true,"href":"https:\/\/www.diario5.com.ar\/es\/wp-json\/wp\/v2\/comments?post=3386"}],"version-history":[{"count":3,"href":"https:\/\/www.diario5.com.ar\/es\/wp-json\/wp\/v2\/posts\/3386\/revisions"}],"predecessor-version":[{"id":3389,"href":"https:\/\/www.diario5.com.ar\/es\/wp-json\/wp\/v2\/posts\/3386\/revisions\/3389"}],"wp:attachment":[{"href":"https:\/\/www.diario5.com.ar\/es\/wp-json\/wp\/v2\/media?parent=3386"}],"wp:term":[{"taxonomy":"category","embeddable":true,"href":"https:\/\/www.diario5.com.ar\/es\/wp-json\/wp\/v2\/categories?post=3386"},{"taxonomy":"post_tag","embeddable":true,"href":"https:\/\/www.diario5.com.ar\/es\/wp-json\/wp\/v2\/tags?post=3386"},{"taxonomy":"series","embeddable":true,"href":"https:\/\/www.diario5.com.ar\/es\/wp-json\/wp\/v2\/series?post=3386"}],"curies":[{"name":"wp","href":"https:\/\/api.w.org\/{rel}","templated":true}]}}