{"id":3247,"date":"2019-08-17T14:40:08","date_gmt":"2019-08-17T17:40:08","guid":{"rendered":"http:\/\/diario5.com.ar\/?p=3247"},"modified":"2019-02-25T12:42:07","modified_gmt":"2019-02-25T15:42:07","slug":"plazoletas-en-comuna-2-norte","status":"publish","type":"post","link":"https:\/\/www.diario5.com.ar\/es\/plazoletas-en-comuna-2-norte\/","title":{"rendered":"Monumento al abuelo Inmortal, exquisita escultura de Angel Ibarra Garc\u00eda"},"content":{"rendered":"<h2 class=\"sub-title-primary\"><\/h2> <figure id=\"attachment_7384\" aria-describedby=\"caption-attachment-7384\" style=\"width: 459px\" class=\"wp-caption alignleft\"><a href=\"https:\/\/www.diario5.com.ar\/wp-content\/uploads\/2016\/01\/abuelo_inmortal.jpg\"><img decoding=\"async\" loading=\"lazy\" class=\"wp-image-7384\" src=\"http:\/\/diario5.com.ar\/wp-content\/uploads\/2016\/01\/abuelo_inmortal-224x300.jpg\" alt=\"abuelo_inmortal\" width=\"459\" height=\"615\"\/><\/a><figcaption id=\"caption-attachment-7384\" class=\"wp-caption-text\">Monumento al Abuelo Inmortal<\/figcaption><\/figure>\n<p>El Leitmotiv de la obra es -nada menos- que la condici\u00f3n de abuelo del Gral Don Jos\u00e9 de San Mart\u00edn, sentado, con sus dos nietas.&nbsp;Se encuentra delimitada por las calles Mariscal Ram\u00f3n Castilla, Rufino de Elizalde y Alejandro M. &nbsp;Aguado (all\u00ed, el Monumento al Abuelo Inmortal).&nbsp;La superficie de este espacio p\u00fablico es de 712 m2 (0,0712 Ha).<\/p>\n<p>Cuando &nbsp;el&nbsp;escultor argentino Angel Ibarra Garc\u00eda, hizo el maravilloso Monumento al abuelo Inmortal, en 1955, comenzaba en la Argentina la etapa de la paulatina retracci\u00f3n del arte escult\u00f3rico de gran porte, con gran estilo cl\u00e1sico, al que Buenos Aires, muy especialmente, estaba acostumbrada. Es que en Palermo chico todo es lindo, elegante y algunas cosas, tambi\u00e9n, son grandiosas.<\/p>\n<p>Dada la fabulosa escultura, el espacio podr\u00eda adoptar su nombre y justificar en ese lugar las celebraciones porte\u00f1as en las que bien podr\u00edan ser homenajeados los abuelos.<\/p>\n<p>De hecho, es importante volver a las fuentes, tambi\u00e9n en este tema, como en tantos otros: al hacer referencia a las fuentes, remarcamos la valoraci\u00f3n especial a nuestros prohombres. Pues bien, discutamos. Discutamos m\u00e1s. Discutamos si est\u00e1 bien estar acordes con la fecha en que el D\u00eda del Padre se celebra en alg\u00fan que otro lugar del mundo o establecerlo el 24 de agosto, cuando &nbsp;San Mart\u00edn fue padre. Discutamos, quiere decir plantear los temas importantes del pa\u00eds en los medios de comunicaci\u00f3n y las redes sociales. Discutamos si el \u00e9xodo juje\u00f1o debe ser tomado como un manotazo de ahogado de Manuel Belgrano \u00abpara salvar las papas\u00bb (como dicen algunos revisionistas con quienes disentimos) o fue una estrategia militar genial que le peg\u00f3 al enemigo uno de los golpes desmoralizadores m\u00e1s efectivos que se hayan conocido desde que el mundo conoci\u00f3 las guerras.<\/p>\n<p>A pocos pasos de important\u00edsimo homenaje que significa&nbsp;\u00abEl abuelo inmortal\u00bb, en la Plaza Grand Bourg, se encuentra la r\u00e9plica de la casa que alberg\u00f3 aquella ancianidad del gran l\u00edder militar de la independencia argentina, chilena y peruana. La estatua de&nbsp;Ibarra Garc\u00eda qued\u00f3 en el centro de una interesante producci\u00f3n cultural a cielo abierto: estatuas del Mariscal Ram\u00f3n Castilla, del General Juan M. de Pueyrred\u00f3n, del General Las Heras, de&nbsp;Mart\u00edn Miguel de G\u00fcemes, de&nbsp;Alejandro Aguado, del General Arenales y de Nuestra Se\u00f1ora del Carmen de Cuyo, patrona del Ej\u00e9rcito de los Andes\u00bb.<\/p>","protected":false},"excerpt":{"rendered":"<p>El Leitmotiv de la obra es -nada menos- que la condici\u00f3n de abuelo del Gral Don Jos\u00e9 de San Mart\u00edn, sentado, con sus dos nietas.&nbsp;Se encuentra delimitada por las calles Mariscal Ram\u00f3n Castilla, Rufino de Elizalde y Alejandro M. &nbsp;Aguado (all\u00ed, el Monumento al Abuelo Inmortal).&nbsp;La superficie de este espacio p\u00fablico es de 712 m2 [&hellip;]<\/p>","protected":false},"author":1,"featured_media":7384,"comment_status":"open","ping_status":"open","sticky":false,"template":"","format":"standard","meta":[],"categories":[10],"tags":[],"series":[],"_links":{"self":[{"href":"https:\/\/www.diario5.com.ar\/es\/wp-json\/wp\/v2\/posts\/3247"}],"collection":[{"href":"https:\/\/www.diario5.com.ar\/es\/wp-json\/wp\/v2\/posts"}],"about":[{"href":"https:\/\/www.diario5.com.ar\/es\/wp-json\/wp\/v2\/types\/post"}],"author":[{"embeddable":true,"href":"https:\/\/www.diario5.com.ar\/es\/wp-json\/wp\/v2\/users\/1"}],"replies":[{"embeddable":true,"href":"https:\/\/www.diario5.com.ar\/es\/wp-json\/wp\/v2\/comments?post=3247"}],"version-history":[{"count":12,"href":"https:\/\/www.diario5.com.ar\/es\/wp-json\/wp\/v2\/posts\/3247\/revisions"}],"predecessor-version":[{"id":8997,"href":"https:\/\/www.diario5.com.ar\/es\/wp-json\/wp\/v2\/posts\/3247\/revisions\/8997"}],"wp:featuredmedia":[{"embeddable":true,"href":"https:\/\/www.diario5.com.ar\/es\/wp-json\/wp\/v2\/media\/7384"}],"wp:attachment":[{"href":"https:\/\/www.diario5.com.ar\/es\/wp-json\/wp\/v2\/media?parent=3247"}],"wp:term":[{"taxonomy":"category","embeddable":true,"href":"https:\/\/www.diario5.com.ar\/es\/wp-json\/wp\/v2\/categories?post=3247"},{"taxonomy":"post_tag","embeddable":true,"href":"https:\/\/www.diario5.com.ar\/es\/wp-json\/wp\/v2\/tags?post=3247"},{"taxonomy":"series","embeddable":true,"href":"https:\/\/www.diario5.com.ar\/es\/wp-json\/wp\/v2\/series?post=3247"}],"curies":[{"name":"wp","href":"https:\/\/api.w.org\/{rel}","templated":true}]}}