{"id":3182,"date":"2012-06-03T21:32:24","date_gmt":"2012-06-04T00:32:24","guid":{"rendered":"http:\/\/diario5.com.ar\/?p=3182"},"modified":"2021-01-19T11:47:39","modified_gmt":"2021-01-19T14:47:39","slug":"canteros-centrales-varios","status":"publish","type":"post","link":"https:\/\/www.diario5.com.ar\/es\/canteros-centrales-varios\/","title":{"rendered":"Bellos Canteros Centrales en Buenos Aires"},"content":{"rendered":"<h2 class=\"sub-title-primary\"><\/h2> <p><img decoding=\"async\" src=\"https:\/\/plazasdebuenosaires.com\/ev\/VICTOR-JARA-01.jpg\" alt=\"Cantero Central Victor Jara de Villa Devoto\" \/><br \/>\nTipo de Espacio P\u00fablico: Cantero Central<br \/>\nCorresponde al Centro de Gesti\u00f3n y Participaci\u00f3n Nro. 12.<br \/>\nEst\u00e1 a\u00fan sin nombre<br \/>\nSe encuentra delimitada por las calles LARRALDE, CRISOLOGO, Av. &#8211; PARQUE, Av. (denominaci\u00f3n propuesta) &#8211; JARAMILLO &#8211; DONADO<br \/>\nA\u00fan no hay un relevamiento de la superficie de este espacio p\u00fablico<\/p>\n<p>Tipo de Espacio P\u00fablico: Cantero Central<br \/>\nCorresponde al Centro de Gesti\u00f3n y Participaci\u00f3n Nro. 12.<br \/>\nEst\u00e1 a\u00fan sin nombre<br \/>\nSe encuentra delimitada por las calles NU\u00d1EZ &#8211; PARQUE, Av. (denominaci\u00f3n propuesta) &#8211; LARRALDE, CRISOLOGO, Av. &#8211; DONADO<br \/>\nA\u00fan no hay un relevamiento de la superficie de este espacio p\u00fablico<\/p>\n<p>Tipo de Espacio P\u00fablico: Cantero Central<br \/>\nCorresponde al Centro de Gesti\u00f3n y Participaci\u00f3n Nro. 11.<br \/>\nSu nombre es DE LA LEALTAD<br \/>\nSe encuentra delimitada por las calles ALVAREZ, DONATO, Tte. Gral., Av. e\/ TRELLES, MANUEL R. y A\u00d1ASCO<br \/>\nLa superficie de este espacio p\u00fablico es de 296 m2 (0,0296 Ha).<\/p>\n<p>Tipo de Espacio P\u00fablico: Cantero Central<br \/>\nCorresponde al Centro de Gesti\u00f3n y Participaci\u00f3n Nro. 1.<br \/>\nEst\u00e1 a\u00fan sin nombre<br \/>\nSe encuentra delimitada por las calles ANTARTIDA ARGENTINA, Av. e\/ CASTILLO, RAMON S., Pres., Av. y SAN MARTIN<br \/>\nLa superficie de este espacio p\u00fablico es de 10156 m2 (1,0156 Ha).<\/p>\n<p>Tipo de Espacio P\u00fablico: Cantero Central<br \/>\nCorresponde al Centro de Gesti\u00f3n y Participaci\u00f3n Nro. 1.<br \/>\nSu nombre es PASEO DE LOS INMIGRANTES<br \/>\nSe encuentra delimitada por las calles ANTARTIDA ARGENTINA, Av. &#8211; EDISON, THOMAS ALVA<br \/>\nLa superficie de este espacio p\u00fablico es de 5746 m2 (0,5746 Ha).<\/p>\n<p>Tipo de Espacio P\u00fablico: Cantero Central<br \/>\nCorresponde al Centro de Gesti\u00f3n y Participaci\u00f3n Nro. 12.<br \/>\nEst\u00e1 a\u00fan sin nombre<br \/>\nSe encuentra delimitada por las calles ARIAS &#8211; DONADO &#8211; BACH, JUAN S. &#8211; DONADO<br \/>\nA\u00fan no hay un relevamiento de la superficie de este espacio p\u00fablico<\/p>\n<p>Tipo de Espacio P\u00fablico: Cantero Central<br \/>\nCorresponde al Centro de Gesti\u00f3n y Participaci\u00f3n Nro. 8.<br \/>\nEst\u00e1 a\u00fan sin nombre<br \/>\nSe encuentra delimitada por las calles ASTURIAS, Av. e\/ DELLEPIANE, LUIS J., Tte. Gral., Av. y SANTANDER<br \/>\nLa superficie de este espacio p\u00fablico es de 2207 m2 (0,2207 Ha).<\/p>\n<p>Tipo de Espacio P\u00fablico: Cantero Central<br \/>\nCorresponde al Centro de Gesti\u00f3n y Participaci\u00f3n Nro. 8.<br \/>\nEst\u00e1 a\u00fan sin nombre<br \/>\nSe encuentra delimitada por las calles ASTURIAS, Av. e\/ SANTANDER y SANTIAGO de COMPOSTELA<br \/>\nLa superficie de este espacio p\u00fablico es de 2207 m2 (0,2207 Ha).<\/p>\n<p>Tipo de Espacio P\u00fablico: Cantero Central<br \/>\nCorresponde al Centro de Gesti\u00f3n y Participaci\u00f3n Nro. 8.<br \/>\nEst\u00e1 a\u00fan sin nombre<br \/>\nSe encuentra delimitada por las calles CAFAYATE e\/ FERNANDEZ de la CRUZ, FRANCISCO, Gral., Av. y BERON DE ASTRADA<br \/>\nLa superficie de este espacio p\u00fablico es de 2351 m2 (0,2351 Ha).<\/p>\n<p>Tipo de Espacio P\u00fablico: Cantero Central<br \/>\nCorresponde al Centro de Gesti\u00f3n y Participaci\u00f3n Nro. 5.<br \/>\nSu nombre es PASEO COMISARIO GRAL. JUAN ANGEL PIRKER<br \/>\nSe encuentra delimitada por las calles CARABOBO, Av. e\/ PERON, EVA, Av. &#8211; SARAZA<br \/>\nLa superficie de este espacio p\u00fablico es de 3120 m2 (0,312 Ha).<\/p>\n<p>Tipo de Espacio P\u00fablico: Cantero Central<br \/>\nCorresponde al Centro de Gesti\u00f3n y Participaci\u00f3n Nro. 1.<br \/>\nSu nombre es RUIZ MORENO, ISIDORO, Dr.<br \/>\nSe encuentra delimitada por las calles CERRITO &#8211; POSADAS &#8211; 9 DE JULIO, Av.<br \/>\nLa superficie de este espacio p\u00fablico es de 1172 m2 (0,1172 Ha).<\/p>\n<p>Tipo de Espacio P\u00fablico: Cantero Central<br \/>\nCorresponde al Centro de Gesti\u00f3n y Participaci\u00f3n Nro. 14 Oeste.<br \/>\nSu nombre es VARELA, HECTOR D., Tte. Gral.<br \/>\nSe encuentra delimitada por las calles CHENAUT, Av. e\/ CAMPOS, LUIS M., Av. y CAMPO HIPICO NACIONAL<br \/>\nLa superficie de este espacio p\u00fablico es de 2585 m2 (0,2585 Ha).<\/p>\n<p>Tipo de Espacio P\u00fablico: Cantero Central<br \/>\nCorresponde al Centro de Gesti\u00f3n y Participaci\u00f3n Nro. 1.<br \/>\nSu nombre es MAFIA, PEDRO<br \/>\nSe encuentra delimitada por las calles COMODORO PY, Av. e\/ CASTILLO, RAMON S., Pres. y ANTARTIDA ARGENTINA<br \/>\nLa superficie de este espacio p\u00fablico es de 2751 m2 (0,2751 Ha).<\/p>\n<p>Tipo de Espacio P\u00fablico: Cantero Central<br \/>\nCorresponde al Centro de Gesti\u00f3n y Participaci\u00f3n Nro. 12.<br \/>\nEst\u00e1 a\u00fan sin nombre<br \/>\nSe encuentra delimitada por las calles CONGRESO, Av. &#8211; PARQUE, Av. (denominaci\u00f3n propuesta) &#8211; QUESADA &#8211; DONADO<br \/>\nLa superficie de este espacio p\u00fablico es de 4771 m2 (0,4771 Ha).<\/p>\n<p>Tipo de Espacio P\u00fablico: Cantero Central<br \/>\nCorresponde al Centro de Gesti\u00f3n y Participaci\u00f3n Nro. 5.<br \/>\nEst\u00e1 a\u00fan sin nombre<br \/>\nSe encuentra delimitada por las calles COOKE J. W. e\/ SAN PEDRITO, Av. y PERGAMINO<br \/>\nA\u00fan no hay un relevamiento de la superficie de este espacio p\u00fablico<\/p>\n<p>Tipo de Espacio P\u00fablico: Cantero Central<br \/>\nCorresponde al Centro de Gesti\u00f3n y Participaci\u00f3n Nro. 1.<br \/>\nSu nombre es URONDO, FRANCISCO \u00abPACO\u00bb<br \/>\nSe encuentra delimitada por las calles DE LOS ITALIANOS, Av. &#8211; G<\/p>\n<p>&nbsp;<\/p>\n<p>Foto; SM del Carril entre Cervantes y Berm\u00fadez<\/p>\n<p>Fuente:<a href=\"http:\/\/plazasdebuenosaires.com\" target=\"_blank\" rel=\"noopener noreferrer\">plazasdebuenosaires.com<\/a><\/p>\n<p>&nbsp;<\/p>","protected":false},"excerpt":{"rendered":"<p>Tipo de Espacio P\u00fablico: Cantero Central Corresponde al Centro de Gesti\u00f3n y Participaci\u00f3n Nro. 12. Est\u00e1 a\u00fan sin nombre Se encuentra delimitada por las calles LARRALDE, CRISOLOGO, Av. &#8211; PARQUE, Av. (denominaci\u00f3n propuesta) &#8211; JARAMILLO &#8211; DONADO A\u00fan no hay un relevamiento de la superficie de este espacio p\u00fablico Tipo de Espacio P\u00fablico: Cantero Central [&hellip;]<\/p>","protected":false},"author":1,"featured_media":0,"comment_status":"open","ping_status":"open","sticky":false,"template":"","format":"standard","meta":[],"categories":[10],"tags":[],"series":[],"_links":{"self":[{"href":"https:\/\/www.diario5.com.ar\/es\/wp-json\/wp\/v2\/posts\/3182"}],"collection":[{"href":"https:\/\/www.diario5.com.ar\/es\/wp-json\/wp\/v2\/posts"}],"about":[{"href":"https:\/\/www.diario5.com.ar\/es\/wp-json\/wp\/v2\/types\/post"}],"author":[{"embeddable":true,"href":"https:\/\/www.diario5.com.ar\/es\/wp-json\/wp\/v2\/users\/1"}],"replies":[{"embeddable":true,"href":"https:\/\/www.diario5.com.ar\/es\/wp-json\/wp\/v2\/comments?post=3182"}],"version-history":[{"count":3,"href":"https:\/\/www.diario5.com.ar\/es\/wp-json\/wp\/v2\/posts\/3182\/revisions"}],"predecessor-version":[{"id":621930,"href":"https:\/\/www.diario5.com.ar\/es\/wp-json\/wp\/v2\/posts\/3182\/revisions\/621930"}],"wp:attachment":[{"href":"https:\/\/www.diario5.com.ar\/es\/wp-json\/wp\/v2\/media?parent=3182"}],"wp:term":[{"taxonomy":"category","embeddable":true,"href":"https:\/\/www.diario5.com.ar\/es\/wp-json\/wp\/v2\/categories?post=3182"},{"taxonomy":"post_tag","embeddable":true,"href":"https:\/\/www.diario5.com.ar\/es\/wp-json\/wp\/v2\/tags?post=3182"},{"taxonomy":"series","embeddable":true,"href":"https:\/\/www.diario5.com.ar\/es\/wp-json\/wp\/v2\/series?post=3182"}],"curies":[{"name":"wp","href":"https:\/\/api.w.org\/{rel}","templated":true}]}}