{"id":16905,"date":"2017-11-08T08:11:12","date_gmt":"2017-11-08T11:11:12","guid":{"rendered":"http:\/\/diario5.com.ar\/?p=16905"},"modified":"2023-11-09T20:46:32","modified_gmt":"2023-11-09T23:46:32","slug":"el-dia-de-la-tradicion-es-una-excepcion-a-la-regla","status":"publish","type":"post","link":"https:\/\/www.diario5.com.ar\/es\/el-dia-de-la-tradicion-es-una-excepcion-a-la-regla\/","title":{"rendered":"El D\u00eda de la Tradici\u00f3n es una excepci\u00f3n a la regla"},"content":{"rendered":"<h2 class=\"sub-title-primary\"><\/h2> <figure id=\"attachment_16905\" aria-describedby=\"caption-attachment-16905\" style=\"width: 274px\" class=\"wp-caption alignleft\"><img decoding=\"async\" loading=\"lazy\" class=\"aligncenter size-full wp-image-682480\" src=\"https:\/\/www.diario5.com.ar\/wp-content\/uploads\/2023\/11\/Jose_Hernandez120231109.jpg\" width=\"200\" height=\"257\" alt=\"Jose_Hernandez\" \/><figcaption id=\"caption-attachment-16905\" class=\"wp-caption-text\">Jos\u00e9 Hern\u00e1ndez<\/figcaption><\/figure>\n<p>Los homenajes a los considerados prohombres de la Patria, los grandes artistas y creadores, deportistas populares y cualquier hombre o mujer que amerite obtener el recuerdo en cualquier \u00e1mbito oficial o institucional, se realizan en la fecha de recordaci\u00f3n de su fallecimiento. Pruebas al canto: 20 de junio, fecha del fallecimiento del Doctor y General del Ej\u00e9rcito Manuel Belgrano, para establecer el D\u00eda del a Bandera; lo mismo el 17 de agosto, para recordar al General San Mart\u00edn, la fecha de su muerte. Y as\u00ed, sucesivamente, el 11 de septiembre, por Sarmiento para el D\u00eda del Maestro, \u00a026 de julio por Eva Per\u00f3n, m\u00e1s Troilo, Gilda, Sandro, Rodrigo, etc.<\/p>\n<p>Pero hay dos casos interesantes de recordaci\u00f3n a personalidades de la historia argentina que rompen gratamente con la regla. Uno de ellos es el del d\u00eda del tango, el 11 de diciembre, surgido de la coincidente fecha de nacimiento de Caros Gardel y de Julio de Caro. El otro es la fecha de pasado ma\u00f1ana, 10 de noviembre, establecida para celebrar en la Argentina el \u00abD\u00eda de la Tradici\u00f3n\u00bb e inspirada en la fecha de nacimiento de Jos\u00e9 Hern\u00e1ndez, autor de la saga po\u00e9tica Mart\u00edn Fierro, principal obra literaria de la bibliograf\u00eda popular nacional.<\/p>\n<p>Frente a la Casa de Gobierno, en la curva formada por el inicio de la Avenida Rivadavia, una placa recuerda que all\u00ed se erigi\u00f3 la casa natal del escritor, un hombre de alta formaci\u00f3n y marcado integrante de la \u00e9lite social del S XIX. Hab\u00eda nacido frente al fuerte que en 1867 se transform\u00f3 en la construcci\u00f3n de la actual sede gubernamental. Y la casa en la que Jos\u00e9 Hern\u00e1ndez vivi\u00f3 en su madurez, en las cercan\u00edas de Luis Mar\u00eda Campos y Olleros hoy atraviesa una curiosa situaci\u00f3n inmobiliaria: un edificio se proyect\u00f3 en el predio, amenazando la desaparici\u00f3n definitiva del inmueble original.<\/p>\n<p>Los habituales tr\u00e1mites de reclamo por parte de vecinos sensibles y organizaciones defensoras del patrimonio hist\u00f3rico consiguieron establecer que la moderna construcci\u00f3n haga base \u00a0en el frente de la calle y en los fondos del mismo terreno, se mantenga en pie la vieja residencia de la familia Hern\u00e1ndez.<\/p>\n<p>Es necesario que \u00a0este caso sirva de modelo para cada caso que en el futuro pueda envolver, entre sus opciones, la posibilidad de perder algo de lo que, cuando seamos un pa\u00eds definitivamente interesado en la cultura, nos arrepintamos si sucediera.<\/p>","protected":false},"excerpt":{"rendered":"<p>Los homenajes a los considerados prohombres de la Patria, los grandes artistas y creadores, deportistas populares y cualquier hombre o mujer que amerite obtener el recuerdo en cualquier \u00e1mbito oficial o institucional, se realizan en la fecha de recordaci\u00f3n de su fallecimiento. Pruebas al canto: 20 de junio, fecha del fallecimiento del Doctor y General [&hellip;]<\/p>","protected":false},"author":1,"featured_media":682480,"comment_status":"open","ping_status":"closed","sticky":false,"template":"","format":"standard","meta":[],"categories":[5],"tags":[883,395,71,884,817,885],"series":[],"_links":{"self":[{"href":"https:\/\/www.diario5.com.ar\/es\/wp-json\/wp\/v2\/posts\/16905"}],"collection":[{"href":"https:\/\/www.diario5.com.ar\/es\/wp-json\/wp\/v2\/posts"}],"about":[{"href":"https:\/\/www.diario5.com.ar\/es\/wp-json\/wp\/v2\/types\/post"}],"author":[{"embeddable":true,"href":"https:\/\/www.diario5.com.ar\/es\/wp-json\/wp\/v2\/users\/1"}],"replies":[{"embeddable":true,"href":"https:\/\/www.diario5.com.ar\/es\/wp-json\/wp\/v2\/comments?post=16905"}],"version-history":[{"count":5,"href":"https:\/\/www.diario5.com.ar\/es\/wp-json\/wp\/v2\/posts\/16905\/revisions"}],"predecessor-version":[{"id":682481,"href":"https:\/\/www.diario5.com.ar\/es\/wp-json\/wp\/v2\/posts\/16905\/revisions\/682481"}],"wp:featuredmedia":[{"embeddable":true,"href":"https:\/\/www.diario5.com.ar\/es\/wp-json\/wp\/v2\/media\/682480"}],"wp:attachment":[{"href":"https:\/\/www.diario5.com.ar\/es\/wp-json\/wp\/v2\/media?parent=16905"}],"wp:term":[{"taxonomy":"category","embeddable":true,"href":"https:\/\/www.diario5.com.ar\/es\/wp-json\/wp\/v2\/categories?post=16905"},{"taxonomy":"post_tag","embeddable":true,"href":"https:\/\/www.diario5.com.ar\/es\/wp-json\/wp\/v2\/tags?post=16905"},{"taxonomy":"series","embeddable":true,"href":"https:\/\/www.diario5.com.ar\/es\/wp-json\/wp\/v2\/series?post=16905"}],"curies":[{"name":"wp","href":"https:\/\/api.w.org\/{rel}","templated":true}]}}