{"id":15757,"date":"2017-07-19T01:46:57","date_gmt":"2017-07-19T04:46:57","guid":{"rendered":"http:\/\/diario5.com.ar\/?p=15757"},"modified":"2017-07-19T01:59:52","modified_gmt":"2017-07-19T04:59:52","slug":"programacion-de-un-teatro-coliseo-renovado","status":"publish","type":"post","link":"https:\/\/www.diario5.com.ar\/es\/programacion-de-un-teatro-coliseo-renovado\/","title":{"rendered":"Programaci\u00f3n de un Teatro Coliseo renovado"},"content":{"rendered":"<h2 class=\"sub-title-primary\"><\/h2> <figure id=\"attachment_15758\" aria-describedby=\"caption-attachment-15758\" style=\"width: 607px\" class=\"wp-caption alignright\"><img decoding=\"async\" loading=\"lazy\" class=\"wp-image-15758\" src=\"http:\/\/diario5.com.ar\/wp-content\/uploads\/2017\/07\/teatrocoliseo1-1024x573.jpg\" alt=\"El frente del Teatro Coliseo mientras dur\u00f3 la obra\" width=\"607\" height=\"340\" srcset=\"https:\/\/www.diario5.com.ar\/wp-content\/uploads\/2017\/07\/teatrocoliseo1-1024x573.jpg 1024w, https:\/\/www.diario5.com.ar\/wp-content\/uploads\/2017\/07\/teatrocoliseo1-300x168.jpg 300w, https:\/\/www.diario5.com.ar\/wp-content\/uploads\/2017\/07\/teatrocoliseo1-768x430.jpg 768w, https:\/\/www.diario5.com.ar\/wp-content\/uploads\/2017\/07\/teatrocoliseo1-400x224.jpg 400w, https:\/\/www.diario5.com.ar\/wp-content\/uploads\/2017\/07\/teatrocoliseo1-260x146.jpg 260w, https:\/\/www.diario5.com.ar\/wp-content\/uploads\/2017\/07\/teatrocoliseo1-160x90.jpg 160w, https:\/\/www.diario5.com.ar\/wp-content\/uploads\/2017\/07\/teatrocoliseo1.jpg 1432w\" sizes=\"(max-width: 607px) 100vw, 607px\" \/><figcaption id=\"caption-attachment-15758\" class=\"wp-caption-text\">El frente del Teatro Coliseo mientras dur\u00f3 la obra<\/figcaption><\/figure>\n<p>Hay una gran actividad en la gran sala de la calle Marcelo T de Alvear 1111. La renovaci\u00f3n le sienta bien y se est\u00e1n presentado espect\u00e1culos variados. En estos d\u00edas, naturalmente, la oferta para los m\u00e1s chicos domina las tardes pero aqu\u00ed presentamos parte de la cartelera\u00a0que se cumplir\u00e1 hasta fin de a\u00f1os y encontramos un promedio de alta jerarqu\u00eda, como no se observa en la mayor\u00eda de las salas del pa\u00eds.<\/p>\n<p>A principios de mes, con la\u00a0presencia del Ministro de Cultura de la Ciudad de Buenos Aires, \u00c1ngel Mahler, el Embajador de Italia Teresa Castaldo, el C\u00f3nsul General Riccardo Smimmo y el director del Teatro Coliseo Elisabetta Riva se inaugur\u00f3 la nueva fachada del Teatro Coliseo.<\/p>\n<p>Se trata del \u00fanico teatro propiedad del Estado italiano fuera de su territorio nacional. Ha recuperado su esplendor tras tres a\u00f1os de renovaciones intensivas, financiado por la Ciudad de Buenos Aires. LA fachada conform\u00f3 la \u00faltima etapa de trabajos.<\/p>\n<p>S\u00edmbolo del v\u00ednculo entre italianos y argentinos en Buenos Aires, se trata de uno de los teatros m\u00e1s antiguos de la ciudad.<\/p>\n<p><a href=\"http:\/\/www.teatrocoliseo.org.ar\/paw-patrol-carrera-al-rescate-15-al-23-de-julio-15-hs-y-1730-hs\/\"><img decoding=\"async\" loading=\"lazy\" class=\"attachment-cb-360-156 wp-post-image alignleft\" src=\"http:\/\/www.teatrocoliseo.org.ar\/wp-content\/uploads\/2017\/05\/1200x400.jpg\" sizes=\"(max-width: 1200px) 100vw, 1200px\" srcset=\"http:\/\/www.teatrocoliseo.org.ar\/wp-content\/uploads\/2017\/05\/1200x400.jpg 1200w, http:\/\/www.teatrocoliseo.org.ar\/wp-content\/uploads\/2017\/05\/1200x400-300x100.jpg 300w, http:\/\/www.teatrocoliseo.org.ar\/wp-content\/uploads\/2017\/05\/1200x400-768x256.jpg 768w, http:\/\/www.teatrocoliseo.org.ar\/wp-content\/uploads\/2017\/05\/1200x400-1024x341.jpg 1024w\" alt=\"\" width=\"354\" height=\"118\" \/><\/a><\/p>\n<div class=\"cb-line clearfix\">\n<article class=\"cb-article no-1 clearfix\">\n<div class=\"cb-meta\">\n<h3 class=\"h4\">PAW PATROL: CARRERA AL RESCATE<br \/>\nDel 15 al 23 de Julio<\/h3>\n<\/div>\n<\/article>\n<div class=\"cb-mask\"><\/div>\n<div class=\"cb-mask\"><\/div>\n<div class=\"cb-mask\"><\/div>\n<div class=\"cb-mask\"><\/div>\n<div class=\"cb-mask\"><\/div>\n<div class=\"cb-mask\"><img decoding=\"async\" loading=\"lazy\" class=\"attachment-cb-360-156 wp-post-image alignleft alignright\" src=\"http:\/\/www.teatrocoliseo.org.ar\/wp-content\/uploads\/2017\/05\/web-coliseo-1200x400.jpg\" sizes=\"(max-width: 1200px) 100vw, 1200px\" srcset=\"http:\/\/www.teatrocoliseo.org.ar\/wp-content\/uploads\/2017\/05\/web-coliseo-1200x400.jpg 1200w, http:\/\/www.teatrocoliseo.org.ar\/wp-content\/uploads\/2017\/05\/web-coliseo-1200x400-300x100.jpg 300w, http:\/\/www.teatrocoliseo.org.ar\/wp-content\/uploads\/2017\/05\/web-coliseo-1200x400-768x256.jpg 768w, http:\/\/www.teatrocoliseo.org.ar\/wp-content\/uploads\/2017\/05\/web-coliseo-1200x400-1024x341.jpg 1024w\" alt=\"\" width=\"354\" height=\"118\" \/><\/div>\n<div class=\"cb-meta\">\n<h3 class=\"h4\">MY LITTLE PONY &amp; EQUESTRIA GIRLS<br \/>\n1, 2, 8 y 9 de Julio 15 hs.<br \/>\n26 al 30 de Julio 15 hs. y 17:30 hs.<\/h3>\n<\/div>\n<h3 class=\"cb-mask\"><\/h3>\n<h3 class=\"cb-mask\"><\/h3>\n<h3 class=\"cb-mask\"><img decoding=\"async\" loading=\"lazy\" class=\"attachment-cb-360-156 wp-post-image alignleft\" src=\"http:\/\/www.teatrocoliseo.org.ar\/wp-content\/uploads\/2017\/03\/Coliseo-Web-1200x400-07-07.jpg\" sizes=\"(max-width: 1200px) 100vw, 1200px\" srcset=\"http:\/\/www.teatrocoliseo.org.ar\/wp-content\/uploads\/2017\/03\/Coliseo-Web-1200x400-07-07.jpg 1200w, http:\/\/www.teatrocoliseo.org.ar\/wp-content\/uploads\/2017\/03\/Coliseo-Web-1200x400-07-07-300x100.jpg 300w, http:\/\/www.teatrocoliseo.org.ar\/wp-content\/uploads\/2017\/03\/Coliseo-Web-1200x400-07-07-768x256.jpg 768w, http:\/\/www.teatrocoliseo.org.ar\/wp-content\/uploads\/2017\/03\/Coliseo-Web-1200x400-07-07-1024x341.jpg 1024w\" alt=\"\" width=\"354\" height=\"118\" \/><\/h3>\n<h3 class=\"h4\">LUDMILA PAGLIERO \u201cLA SYLPHIDE\u201d<br \/>\nViernes 28 y S\u00e1bado 29 de Julio 21 hs.<\/h3>\n<\/div>\n<article class=\"cb-article no-1 clearfix\">\n<h3 class=\"cb-mask\"><\/h3>\n<h3 class=\"cb-mask\"><\/h3>\n<h3 class=\"cb-mask\"><\/h3>\n<h3 class=\"cb-mask\"><img decoding=\"async\" loading=\"lazy\" class=\"attachment-cb-360-156 wp-post-image alignright\" src=\"http:\/\/www.teatrocoliseo.org.ar\/wp-content\/uploads\/2017\/05\/1200-x-400.jpg\" sizes=\"(max-width: 1200px) 100vw, 1200px\" srcset=\"http:\/\/www.teatrocoliseo.org.ar\/wp-content\/uploads\/2017\/05\/1200-x-400.jpg 1200w, http:\/\/www.teatrocoliseo.org.ar\/wp-content\/uploads\/2017\/05\/1200-x-400-300x100.jpg 300w, http:\/\/www.teatrocoliseo.org.ar\/wp-content\/uploads\/2017\/05\/1200-x-400-768x256.jpg 768w, http:\/\/www.teatrocoliseo.org.ar\/wp-content\/uploads\/2017\/05\/1200-x-400-1024x341.jpg 1024w\" alt=\"\" width=\"354\" height=\"118\" \/><\/h3>\n<div class=\"cb-meta\">\n<h3 class=\"h4\">VII GALA INTERNACIONAL DE BALLET DE BUENOS AIRES<br \/>\nViernes 11 y S\u00e1bado 12 de Agosto, 20.30 hs<\/h3>\n<\/div>\n<\/article>\n<article class=\"cb-article no-2 clearfix\">\n<div class=\"cb-mask\"><\/div>\n<div class=\"cb-mask\"><\/div>\n<div class=\"cb-mask\"><\/div>\n<div class=\"cb-mask\"><\/div>\n<div class=\"cb-mask\"><img decoding=\"async\" loading=\"lazy\" class=\"attachment-cb-360-156 wp-post-image alignleft\" src=\"http:\/\/www.teatrocoliseo.org.ar\/wp-content\/uploads\/2016\/11\/SHIFF-1200x400.jpg\" sizes=\"(max-width: 1200px) 100vw, 1200px\" srcset=\"http:\/\/www.teatrocoliseo.org.ar\/wp-content\/uploads\/2016\/11\/SHIFF-1200x400.jpg 1200w, http:\/\/www.teatrocoliseo.org.ar\/wp-content\/uploads\/2016\/11\/SHIFF-1200x400-300x100.jpg 300w, http:\/\/www.teatrocoliseo.org.ar\/wp-content\/uploads\/2016\/11\/SHIFF-1200x400-768x256.jpg 768w, http:\/\/www.teatrocoliseo.org.ar\/wp-content\/uploads\/2016\/11\/SHIFF-1200x400-1024x341.jpg 1024w\" alt=\"\" width=\"351\" height=\"117\" \/><\/div>\n<div class=\"cb-mask\"><\/div>\n<div class=\"cb-meta\">\n<h3 class=\"h4\">ANDRAS SCHIFF (Recital de Piano)<br \/>\nLunes 14 de Agosto 20 hs.<\/h3>\n<\/div>\n<\/article>\n<article class=\"cb-article no-3 clearfix\">\n<h3 class=\"cb-mask\"><\/h3>\n<h3 class=\"cb-mask\"><\/h3>\n<h3 class=\"cb-mask\"><\/h3>\n<h3 class=\"cb-mask\"><img decoding=\"async\" loading=\"lazy\" class=\"attachment-cb-360-156 wp-post-image alignleft alignright\" src=\"http:\/\/www.teatrocoliseo.org.ar\/wp-content\/uploads\/2017\/06\/1200-x-400-Roy-mudo.jpg\" sizes=\"(max-width: 1200px) 100vw, 1200px\" srcset=\"http:\/\/www.teatrocoliseo.org.ar\/wp-content\/uploads\/2017\/06\/1200-x-400-Roy-mudo.jpg 1200w, http:\/\/www.teatrocoliseo.org.ar\/wp-content\/uploads\/2017\/06\/1200-x-400-Roy-mudo-300x100.jpg 300w, http:\/\/www.teatrocoliseo.org.ar\/wp-content\/uploads\/2017\/06\/1200-x-400-Roy-mudo-768x256.jpg 768w, http:\/\/www.teatrocoliseo.org.ar\/wp-content\/uploads\/2017\/06\/1200-x-400-Roy-mudo-1024x341.jpg 1024w\" alt=\"\" width=\"351\" height=\"117\" \/><\/h3>\n<div class=\"cb-meta\">\n<h3 class=\"h4\">ROY HARGROVE<br \/>\nMartes 15 de Agosto 21 hs.<\/h3>\n<\/div>\n<\/article>\n<article class=\"cb-article no-1 clearfix\">\n<div class=\"cb-mask\"><\/div>\n<div class=\"cb-mask\"><\/div>\n<div class=\"cb-mask\"><\/div>\n<div class=\"cb-mask\"><img decoding=\"async\" loading=\"lazy\" class=\"attachment-cb-360-156 wp-post-image alignleft\" src=\"http:\/\/www.teatrocoliseo.org.ar\/wp-content\/uploads\/2017\/06\/G_I_T-1200-x-400.jpg\" sizes=\"(max-width: 1200px) 100vw, 1200px\" srcset=\"http:\/\/www.teatrocoliseo.org.ar\/wp-content\/uploads\/2017\/06\/G_I_T-1200-x-400.jpg 1200w, http:\/\/www.teatrocoliseo.org.ar\/wp-content\/uploads\/2017\/06\/G_I_T-1200-x-400-300x100.jpg 300w, http:\/\/www.teatrocoliseo.org.ar\/wp-content\/uploads\/2017\/06\/G_I_T-1200-x-400-768x256.jpg 768w, http:\/\/www.teatrocoliseo.org.ar\/wp-content\/uploads\/2017\/06\/G_I_T-1200-x-400-1024x341.jpg 1024w\" alt=\"\" width=\"348\" height=\"116\" \/><\/div>\n<div class=\"cb-meta\">\n<h3 class=\"h4\">GIT<br \/>\nS\u00e1bado 26 de Agosto 21 hs.<\/h3>\n<\/div>\n<\/article>\n<article class=\"cb-article no-2 clearfix\">\n<div class=\"cb-mask\"><\/div>\n<div class=\"cb-mask\"><\/div>\n<div class=\"cb-mask\"><\/div>\n<div class=\"cb-mask\"><\/div>\n<div class=\"cb-mask\"><img decoding=\"async\" loading=\"lazy\" class=\"attachment-cb-360-156 wp-post-image alignright\" src=\"http:\/\/www.teatrocoliseo.org.ar\/wp-content\/uploads\/2016\/11\/AMERICAN-STR-1200x400.jpg\" sizes=\"(max-width: 1200px) 100vw, 1200px\" srcset=\"http:\/\/www.teatrocoliseo.org.ar\/wp-content\/uploads\/2016\/11\/AMERICAN-STR-1200x400.jpg 1200w, http:\/\/www.teatrocoliseo.org.ar\/wp-content\/uploads\/2016\/11\/AMERICAN-STR-1200x400-300x100.jpg 300w, http:\/\/www.teatrocoliseo.org.ar\/wp-content\/uploads\/2016\/11\/AMERICAN-STR-1200x400-768x256.jpg 768w, http:\/\/www.teatrocoliseo.org.ar\/wp-content\/uploads\/2016\/11\/AMERICAN-STR-1200x400-1024x341.jpg 1024w\" alt=\"\" width=\"348\" height=\"116\" \/><\/div>\n<div class=\"cb-meta\">\n<h3 class=\"h4\">AMERICAN STRING QUARTET<br \/>\nMartes 29 de Agosto 20:30 hs.<\/h3>\n<\/div>\n<\/article>\n<article class=\"cb-article no-3 clearfix\">\n<div class=\"cb-mask\"><\/div>\n<div class=\"cb-mask\"><\/div>\n<div class=\"cb-mask\"><\/div>\n<div class=\"cb-mask\"><\/div>\n<div class=\"cb-mask\"><img decoding=\"async\" loading=\"lazy\" class=\"attachment-cb-360-156 wp-post-image alignleft\" src=\"http:\/\/www.teatrocoliseo.org.ar\/wp-content\/uploads\/2017\/07\/afc-Maceo-Parker_1200x400-web-coliseo.jpg\" sizes=\"(max-width: 1200px) 100vw, 1200px\" srcset=\"http:\/\/www.teatrocoliseo.org.ar\/wp-content\/uploads\/2017\/07\/afc-Maceo-Parker_1200x400-web-coliseo.jpg 1200w, http:\/\/www.teatrocoliseo.org.ar\/wp-content\/uploads\/2017\/07\/afc-Maceo-Parker_1200x400-web-coliseo-300x100.jpg 300w, http:\/\/www.teatrocoliseo.org.ar\/wp-content\/uploads\/2017\/07\/afc-Maceo-Parker_1200x400-web-coliseo-768x256.jpg 768w, http:\/\/www.teatrocoliseo.org.ar\/wp-content\/uploads\/2017\/07\/afc-Maceo-Parker_1200x400-web-coliseo-1024x341.jpg 1024w\" alt=\"\" width=\"348\" height=\"116\" \/><\/div>\n<div class=\"cb-meta\">\n<h3 class=\"h4\">MACEO PARKER<br \/>\nS\u00e1bado 2 de Septiembre 21 hs.<\/h3>\n<\/div>\n<\/article>\n<div class=\"cb-mask\"><\/div>\n<div class=\"cb-mask\"><\/div>\n<div class=\"cb-mask\"><img decoding=\"async\" loading=\"lazy\" class=\"attachment-cb-360-156 wp-post-image alignright\" src=\"http:\/\/www.teatrocoliseo.org.ar\/wp-content\/uploads\/2017\/06\/1200x400-Letter-New.jpg\" sizes=\"(max-width: 1200px) 100vw, 1200px\" srcset=\"http:\/\/www.teatrocoliseo.org.ar\/wp-content\/uploads\/2017\/06\/1200x400-Letter-New.jpg 1200w, http:\/\/www.teatrocoliseo.org.ar\/wp-content\/uploads\/2017\/06\/1200x400-Letter-New-300x100.jpg 300w, http:\/\/www.teatrocoliseo.org.ar\/wp-content\/uploads\/2017\/06\/1200x400-Letter-New-768x256.jpg 768w, http:\/\/www.teatrocoliseo.org.ar\/wp-content\/uploads\/2017\/06\/1200x400-Letter-New-1024x341.jpg 1024w\" alt=\"\" width=\"348\" height=\"116\" \/><\/div>\n<div class=\"cb-meta\">\n<h3 class=\"h4\">LETTER TO A MAN<br \/>\nRobert Wilson \u2013 Mikhail Baryshnikov<br \/>\n7, 8, 9 y 10 de Septiembre<\/h3>\n<\/div>\n<article class=\"cb-article no-2 clearfix\">\n<h3 class=\"cb-mask\"><\/h3>\n<h3 class=\"cb-mask\"><\/h3>\n<h3 class=\"cb-mask\"><img decoding=\"async\" loading=\"lazy\" class=\"attachment-cb-360-156 wp-post-image alignleft\" src=\"http:\/\/www.teatrocoliseo.org.ar\/wp-content\/uploads\/2017\/05\/1200x400-Cuarteto-Petrus-Daniel-Levy.jpg\" sizes=\"(max-width: 1200px) 100vw, 1200px\" srcset=\"http:\/\/www.teatrocoliseo.org.ar\/wp-content\/uploads\/2017\/05\/1200x400-Cuarteto-Petrus-Daniel-Levy.jpg 1200w, http:\/\/www.teatrocoliseo.org.ar\/wp-content\/uploads\/2017\/05\/1200x400-Cuarteto-Petrus-Daniel-Levy-300x100.jpg 300w, http:\/\/www.teatrocoliseo.org.ar\/wp-content\/uploads\/2017\/05\/1200x400-Cuarteto-Petrus-Daniel-Levy-768x256.jpg 768w, http:\/\/www.teatrocoliseo.org.ar\/wp-content\/uploads\/2017\/05\/1200x400-Cuarteto-Petrus-Daniel-Levy-1024x341.jpg 1024w\" alt=\"\" width=\"348\" height=\"116\" \/><\/h3>\n<div class=\"cb-meta\">\n<h3 class=\"h4\">DANIEL LEVY &amp; CUARTETO PETRUS<br \/>\nMi\u00e9rcoles 20 de Septiembre 20:30 hs.<\/h3>\n<\/div>\n<\/article>\n<article class=\"cb-article no-3 clearfix\">\n<div class=\"cb-mask\"><\/div>\n<div class=\"cb-mask\"><\/div>\n<div class=\"cb-mask\"><\/div>\n<div class=\"cb-mask\"><\/div>\n<div class=\"cb-mask\"><img decoding=\"async\" loading=\"lazy\" class=\"attachment-cb-360-156 wp-post-image alignleft alignright\" src=\"http:\/\/www.teatrocoliseo.org.ar\/wp-content\/uploads\/2017\/07\/1200-x-400.jpg\" sizes=\"(max-width: 1200px) 100vw, 1200px\" srcset=\"http:\/\/www.teatrocoliseo.org.ar\/wp-content\/uploads\/2017\/07\/1200-x-400.jpg 1200w, http:\/\/www.teatrocoliseo.org.ar\/wp-content\/uploads\/2017\/07\/1200-x-400-300x100.jpg 300w, http:\/\/www.teatrocoliseo.org.ar\/wp-content\/uploads\/2017\/07\/1200-x-400-768x256.jpg 768w, http:\/\/www.teatrocoliseo.org.ar\/wp-content\/uploads\/2017\/07\/1200-x-400-1024x341.jpg 1024w\" alt=\"\" width=\"348\" height=\"116\" \/><\/div>\n<div class=\"cb-meta\">\n<h3 class=\"h4\">LOGITECH G CHALLENGE<br \/>\nS\u00e1bado 23 de Septiembre 12:30 hs.<\/h3>\n<\/div>\n<\/article>\n<article class=\"cb-article no-1 clearfix\">\n<h3 class=\"cb-mask\"><\/h3>\n<h3 class=\"cb-mask\"><\/h3>\n<h3 class=\"cb-mask\"><\/h3>\n<h3 class=\"cb-mask\"><img decoding=\"async\" loading=\"lazy\" class=\"attachment-cb-360-156 wp-post-image alignleft\" src=\"http:\/\/www.teatrocoliseo.org.ar\/wp-content\/uploads\/2017\/03\/Santaolalla-new.jpg\" sizes=\"(max-width: 1200px) 100vw, 1200px\" srcset=\"http:\/\/www.teatrocoliseo.org.ar\/wp-content\/uploads\/2017\/03\/Santaolalla-new.jpg 1200w, http:\/\/www.teatrocoliseo.org.ar\/wp-content\/uploads\/2017\/03\/Santaolalla-new-300x100.jpg 300w, http:\/\/www.teatrocoliseo.org.ar\/wp-content\/uploads\/2017\/03\/Santaolalla-new-768x256.jpg 768w, http:\/\/www.teatrocoliseo.org.ar\/wp-content\/uploads\/2017\/03\/Santaolalla-new-1024x341.jpg 1024w\" alt=\"\" width=\"348\" height=\"116\" \/><\/h3>\n<div class=\"cb-meta\">\n<h3 class=\"h4\">GUSTAVO SANTAOLALLA<br \/>\nS\u00e1bado 30 de Septiembre 21 hs.<\/h3>\n<\/div>\n<\/article>\n<article class=\"cb-article no-2 clearfix\">\n<div class=\"cb-mask\"><\/div>\n<div class=\"cb-mask\"><\/div>\n<div class=\"cb-mask\"><\/div>\n<div class=\"cb-mask\"><\/div>\n<div class=\"cb-mask\"><img decoding=\"async\" loading=\"lazy\" class=\"attachment-cb-360-156 wp-post-image alignright\" src=\"http:\/\/www.teatrocoliseo.org.ar\/wp-content\/uploads\/2016\/11\/ZURICH-1200x400.jpg\" sizes=\"(max-width: 1200px) 100vw, 1200px\" srcset=\"http:\/\/www.teatrocoliseo.org.ar\/wp-content\/uploads\/2016\/11\/ZURICH-1200x400.jpg 1200w, http:\/\/www.teatrocoliseo.org.ar\/wp-content\/uploads\/2016\/11\/ZURICH-1200x400-300x100.jpg 300w, http:\/\/www.teatrocoliseo.org.ar\/wp-content\/uploads\/2016\/11\/ZURICH-1200x400-768x256.jpg 768w, http:\/\/www.teatrocoliseo.org.ar\/wp-content\/uploads\/2016\/11\/ZURICH-1200x400-1024x341.jpg 1024w\" alt=\"\" width=\"348\" height=\"116\" \/><\/div>\n<div class=\"cb-meta\">\n<h3 class=\"h4\">ZURICH CHAMBER ORCHESTRA \u2013 SWISS PIANO TRIO<br \/>\nMartes 3 de Octubre 20:30 hs.<\/h3>\n<\/div>\n<\/article>\n<article class=\"cb-article no-3 clearfix\">\n<h3 class=\"cb-mask\"><\/h3>\n<h3 class=\"cb-mask\"><\/h3>\n<h3 class=\"cb-mask\"><\/h3>\n<h3 class=\"cb-mask\"><\/h3>\n<h3 class=\"cb-mask\"><img decoding=\"async\" loading=\"lazy\" class=\"attachment-cb-360-156 wp-post-image alignleft\" src=\"http:\/\/www.teatrocoliseo.org.ar\/wp-content\/uploads\/2017\/05\/teatro_web_1200X400.jpg\" sizes=\"(max-width: 1200px) 100vw, 1200px\" srcset=\"http:\/\/www.teatrocoliseo.org.ar\/wp-content\/uploads\/2017\/05\/teatro_web_1200X400.jpg 1200w, http:\/\/www.teatrocoliseo.org.ar\/wp-content\/uploads\/2017\/05\/teatro_web_1200X400-300x100.jpg 300w, http:\/\/www.teatrocoliseo.org.ar\/wp-content\/uploads\/2017\/05\/teatro_web_1200X400-768x256.jpg 768w, http:\/\/www.teatrocoliseo.org.ar\/wp-content\/uploads\/2017\/05\/teatro_web_1200X400-1024x341.jpg 1024w\" alt=\"\" width=\"351\" height=\"117\" \/><\/h3>\n<div class=\"cb-meta\">\n<h3 class=\"h4\">GREGORY PORTER<br \/>\nDomingo 8 de Octubre 20 hs.<\/h3>\n<\/div>\n<\/article>\n<article class=\"cb-article no-1 clearfix\">\n<div class=\"cb-mask\"><\/div>\n<div class=\"cb-mask\"><\/div>\n<div class=\"cb-mask\"><\/div>\n<div class=\"cb-mask\"><img decoding=\"async\" loading=\"lazy\" class=\"attachment-cb-360-156 wp-post-image alignright\" src=\"http:\/\/www.teatrocoliseo.org.ar\/wp-content\/uploads\/2017\/06\/Z_1200x400.jpg\" sizes=\"(max-width: 1201px) 100vw, 1201px\" srcset=\"http:\/\/www.teatrocoliseo.org.ar\/wp-content\/uploads\/2017\/06\/Z_1200x400.jpg 1201w, http:\/\/www.teatrocoliseo.org.ar\/wp-content\/uploads\/2017\/06\/Z_1200x400-300x100.jpg 300w, http:\/\/www.teatrocoliseo.org.ar\/wp-content\/uploads\/2017\/06\/Z_1200x400-768x256.jpg 768w, http:\/\/www.teatrocoliseo.org.ar\/wp-content\/uploads\/2017\/06\/Z_1200x400-1024x342.jpg 1024w, http:\/\/www.teatrocoliseo.org.ar\/wp-content\/uploads\/2017\/06\/Z_1200x400-1198x400.jpg 1198w, http:\/\/www.teatrocoliseo.org.ar\/wp-content\/uploads\/2017\/06\/Z_1200x400-1200x401.jpg 1200w\" alt=\"\" width=\"350\" height=\"117\" \/><\/div>\n<div class=\"cb-meta\">\n<h3 class=\"h4\">ZUCCHERO<br \/>\nViernes 13 y S\u00e1bado 14 de Octubre 21 hs.<\/h3>\n<\/div>\n<\/article>\n<article class=\"cb-article no-2 clearfix\">\n<div class=\"cb-mask\"><\/div>\n<div class=\"cb-mask\"><\/div>\n<div class=\"cb-mask\"><\/div>\n<div class=\"cb-mask\"><\/div>\n<div class=\"cb-mask\"><img decoding=\"async\" loading=\"lazy\" class=\"attachment-cb-360-156 wp-post-image alignleft\" src=\"http:\/\/www.teatrocoliseo.org.ar\/wp-content\/uploads\/2016\/11\/BUKAREST-1200x400.jpg\" sizes=\"(max-width: 1200px) 100vw, 1200px\" srcset=\"http:\/\/www.teatrocoliseo.org.ar\/wp-content\/uploads\/2016\/11\/BUKAREST-1200x400.jpg 1200w, http:\/\/www.teatrocoliseo.org.ar\/wp-content\/uploads\/2016\/11\/BUKAREST-1200x400-300x100.jpg 300w, http:\/\/www.teatrocoliseo.org.ar\/wp-content\/uploads\/2016\/11\/BUKAREST-1200x400-768x256.jpg 768w, http:\/\/www.teatrocoliseo.org.ar\/wp-content\/uploads\/2016\/11\/BUKAREST-1200x400-1024x341.jpg 1024w\" alt=\"\" width=\"351\" height=\"117\" \/><\/div>\n<div class=\"cb-meta\">\n<h3 class=\"h4\">BUKAREST SYMPHONY ORCHESTRA-BENOIT FROMANGER (Director) JOANNA WOS (Soprano)-TADEUSZ SZLENKIER (Tenor)<br \/>\nLunes 6 de Noviembre 20:30 hs.<\/h3>\n<\/div>\n<\/article>\n<article class=\"cb-article no-3 clearfix\">\n<div class=\"cb-mask\"><\/div>\n<div class=\"cb-mask\"><\/div>\n<div class=\"cb-mask\"><\/div>\n<div class=\"cb-mask\"><\/div>\n<div class=\"cb-mask\"><img decoding=\"async\" loading=\"lazy\" class=\"attachment-cb-360-156 wp-post-image alignright\" src=\"http:\/\/www.teatrocoliseo.org.ar\/wp-content\/uploads\/2017\/06\/1200x400web-coliseo-2017-SROP-1.png\" sizes=\"(max-width: 1200px) 100vw, 1200px\" srcset=\"http:\/\/www.teatrocoliseo.org.ar\/wp-content\/uploads\/2017\/06\/1200x400web-coliseo-2017-SROP-1.png 1200w, http:\/\/www.teatrocoliseo.org.ar\/wp-content\/uploads\/2017\/06\/1200x400web-coliseo-2017-SROP-1-300x100.png 300w, http:\/\/www.teatrocoliseo.org.ar\/wp-content\/uploads\/2017\/06\/1200x400web-coliseo-2017-SROP-1-768x256.png 768w, http:\/\/www.teatrocoliseo.org.ar\/wp-content\/uploads\/2017\/06\/1200x400web-coliseo-2017-SROP-1-1024x341.png 1024w\" alt=\"\" width=\"360\" height=\"120\" \/><\/div>\n<h3 class=\"cb-meta\">A TROILO CON AMOR<br \/>\nS\u00e1bado 11 de Noviembre 21:30 hs.<\/h3>\n<\/article>\n<div class=\"cb-line clearfix\">\n<h3 class=\"cb-mask\"><\/h3>\n<h3 class=\"cb-mask\"><\/h3>\n<h3 class=\"cb-mask\"><\/h3>\n<h3 class=\"cb-mask\"><img decoding=\"async\" loading=\"lazy\" class=\"attachment-cb-360-156 wp-post-image alignleft\" src=\"http:\/\/www.teatrocoliseo.org.ar\/wp-content\/uploads\/2016\/11\/ROGGERI-CHAPLIN-1200x400.jpg\" sizes=\"(max-width: 1200px) 100vw, 1200px\" srcset=\"http:\/\/www.teatrocoliseo.org.ar\/wp-content\/uploads\/2016\/11\/ROGGERI-CHAPLIN-1200x400.jpg 1200w, http:\/\/www.teatrocoliseo.org.ar\/wp-content\/uploads\/2016\/11\/ROGGERI-CHAPLIN-1200x400-300x100.jpg 300w, http:\/\/www.teatrocoliseo.org.ar\/wp-content\/uploads\/2016\/11\/ROGGERI-CHAPLIN-1200x400-768x256.jpg 768w, http:\/\/www.teatrocoliseo.org.ar\/wp-content\/uploads\/2016\/11\/ROGGERI-CHAPLIN-1200x400-1024x341.jpg 1024w\" alt=\"\" width=\"360\" height=\"120\" \/><\/h3>\n<h3 class=\"cb-meta\"><\/h3>\n<h3 class=\"h4\">MARCELA ROGGERI (PIANO)-FRANCOIS CHAPLIN (PIANO)<br \/>\nMi\u00e9rcoles 15 de Noviembre 20:30 hs.<\/h3>\n<h3 class=\"cb-mask\"><\/h3>\n<h3 class=\"cb-mask\"><\/h3>\n<h3 class=\"cb-mask\"><\/h3>\n<h3 class=\"cb-mask\"><img decoding=\"async\" loading=\"lazy\" class=\"attachment-cb-360-156 wp-post-image alignright\" src=\"http:\/\/www.teatrocoliseo.org.ar\/wp-content\/uploads\/2017\/07\/piti-fernandez-conmigo-mismo-editable_1200-px-x-400-px-.jpg\" sizes=\"(max-width: 1201px) 100vw, 1201px\" srcset=\"http:\/\/www.teatrocoliseo.org.ar\/wp-content\/uploads\/2017\/07\/piti-fernandez-conmigo-mismo-editable_1200-px-x-400-px-.jpg 1201w, http:\/\/www.teatrocoliseo.org.ar\/wp-content\/uploads\/2017\/07\/piti-fernandez-conmigo-mismo-editable_1200-px-x-400-px--300x100.jpg 300w, http:\/\/www.teatrocoliseo.org.ar\/wp-content\/uploads\/2017\/07\/piti-fernandez-conmigo-mismo-editable_1200-px-x-400-px--768x256.jpg 768w, http:\/\/www.teatrocoliseo.org.ar\/wp-content\/uploads\/2017\/07\/piti-fernandez-conmigo-mismo-editable_1200-px-x-400-px--1024x342.jpg 1024w, http:\/\/www.teatrocoliseo.org.ar\/wp-content\/uploads\/2017\/07\/piti-fernandez-conmigo-mismo-editable_1200-px-x-400-px--1198x400.jpg 1198w, http:\/\/www.teatrocoliseo.org.ar\/wp-content\/uploads\/2017\/07\/piti-fernandez-conmigo-mismo-editable_1200-px-x-400-px--1200x401.jpg 1200w\" alt=\"\" width=\"362\" height=\"121\" \/><\/h3>\n<div class=\"cb-meta\">\n<h3 class=\"h4\">PITI FERN\u00c1NDEZ<\/h3>\n<h3 class=\"h4\">S\u00e1bado 25 de Noviembre 21 hs.<\/h3>\n<\/div>\n<article class=\"cb-article no-3 clearfix\">\n<h6 class=\"cb-mask\"><\/h6>\n<h3 class=\"cb-mask\"><img decoding=\"async\" loading=\"lazy\" class=\"attachment-cb-360-156 wp-post-image alignleft\" src=\"http:\/\/www.teatrocoliseo.org.ar\/wp-content\/uploads\/2016\/11\/NADIR-BONAZZI-1200x400.jpg\" sizes=\"(max-width: 1200px) 100vw, 1200px\" srcset=\"http:\/\/www.teatrocoliseo.org.ar\/wp-content\/uploads\/2016\/11\/NADIR-BONAZZI-1200x400.jpg 1200w, http:\/\/www.teatrocoliseo.org.ar\/wp-content\/uploads\/2016\/11\/NADIR-BONAZZI-1200x400-300x100.jpg 300w, http:\/\/www.teatrocoliseo.org.ar\/wp-content\/uploads\/2016\/11\/NADIR-BONAZZI-1200x400-768x256.jpg 768w, http:\/\/www.teatrocoliseo.org.ar\/wp-content\/uploads\/2016\/11\/NADIR-BONAZZI-1200x400-1024x341.jpg 1024w\" alt=\"\" width=\"363\" height=\"121\" \/><\/h3>\n<div class=\"cb-meta\">\n<h3 class=\"h4\">ATERBALLETTO-Fondazione Nazionale della Danza<br \/>\nViernes 1 de Diciembre 20:30 hs.<\/h3>\n<\/div>\n<\/article>\n<\/div>\n<p>&nbsp;<\/p>","protected":false},"excerpt":{"rendered":"<p>Hay una gran actividad en la gran sala de la calle Marcelo T de Alvear 1111. La renovaci\u00f3n le sienta bien y se est\u00e1n presentado espect\u00e1culos variados. En estos d\u00edas, naturalmente, la oferta para los m\u00e1s chicos domina las tardes pero aqu\u00ed presentamos parte de la cartelera\u00a0que se cumplir\u00e1 hasta fin de a\u00f1os y encontramos [&hellip;]<\/p>","protected":false},"author":1,"featured_media":15758,"comment_status":"open","ping_status":"closed","sticky":false,"template":"","format":"standard","meta":[],"categories":[24],"tags":[],"series":[],"_links":{"self":[{"href":"https:\/\/www.diario5.com.ar\/es\/wp-json\/wp\/v2\/posts\/15757"}],"collection":[{"href":"https:\/\/www.diario5.com.ar\/es\/wp-json\/wp\/v2\/posts"}],"about":[{"href":"https:\/\/www.diario5.com.ar\/es\/wp-json\/wp\/v2\/types\/post"}],"author":[{"embeddable":true,"href":"https:\/\/www.diario5.com.ar\/es\/wp-json\/wp\/v2\/users\/1"}],"replies":[{"embeddable":true,"href":"https:\/\/www.diario5.com.ar\/es\/wp-json\/wp\/v2\/comments?post=15757"}],"version-history":[{"count":5,"href":"https:\/\/www.diario5.com.ar\/es\/wp-json\/wp\/v2\/posts\/15757\/revisions"}],"predecessor-version":[{"id":15763,"href":"https:\/\/www.diario5.com.ar\/es\/wp-json\/wp\/v2\/posts\/15757\/revisions\/15763"}],"wp:featuredmedia":[{"embeddable":true,"href":"https:\/\/www.diario5.com.ar\/es\/wp-json\/wp\/v2\/media\/15758"}],"wp:attachment":[{"href":"https:\/\/www.diario5.com.ar\/es\/wp-json\/wp\/v2\/media?parent=15757"}],"wp:term":[{"taxonomy":"category","embeddable":true,"href":"https:\/\/www.diario5.com.ar\/es\/wp-json\/wp\/v2\/categories?post=15757"},{"taxonomy":"post_tag","embeddable":true,"href":"https:\/\/www.diario5.com.ar\/es\/wp-json\/wp\/v2\/tags?post=15757"},{"taxonomy":"series","embeddable":true,"href":"https:\/\/www.diario5.com.ar\/es\/wp-json\/wp\/v2\/series?post=15757"}],"curies":[{"name":"wp","href":"https:\/\/api.w.org\/{rel}","templated":true}]}}