{"id":15722,"date":"2017-07-17T01:05:42","date_gmt":"2017-07-17T04:05:42","guid":{"rendered":"http:\/\/diario5.com.ar\/?p=15722"},"modified":"2017-07-17T01:05:42","modified_gmt":"2017-07-17T04:05:42","slug":"el-cuidado-de-las-paredes-durante-la-campana","status":"publish","type":"post","link":"https:\/\/www.diario5.com.ar\/es\/el-cuidado-de-las-paredes-durante-la-campana\/","title":{"rendered":"El cuidado de las paredes durante la campa\u00f1a"},"content":{"rendered":"<h2 class=\"sub-title-primary\"><\/h2> <figure id=\"attachment_15744\" aria-describedby=\"caption-attachment-15744\" style=\"width: 692px\" class=\"wp-caption alignright\"><img decoding=\"async\" loading=\"lazy\" class=\"wp-image-15744\" src=\"http:\/\/diario5.com.ar\/wp-content\/uploads\/2017\/07\/foto0211-1024x768.jpg\" alt=\"Las pintadas pueden oscilar entre la violencia gr\u00e1fica y la estupidez\" width=\"692\" height=\"519\" srcset=\"https:\/\/www.diario5.com.ar\/wp-content\/uploads\/2017\/07\/foto0211-1024x768.jpg 1024w, https:\/\/www.diario5.com.ar\/wp-content\/uploads\/2017\/07\/foto0211-300x225.jpg 300w, https:\/\/www.diario5.com.ar\/wp-content\/uploads\/2017\/07\/foto0211-768x576.jpg 768w, https:\/\/www.diario5.com.ar\/wp-content\/uploads\/2017\/07\/foto0211-1536x1152.jpg 1536w, https:\/\/www.diario5.com.ar\/wp-content\/uploads\/2017\/07\/foto0211-400x300.jpg 400w, https:\/\/www.diario5.com.ar\/wp-content\/uploads\/2017\/07\/foto0211-260x195.jpg 260w, https:\/\/www.diario5.com.ar\/wp-content\/uploads\/2017\/07\/foto0211-160x120.jpg 160w, https:\/\/www.diario5.com.ar\/wp-content\/uploads\/2017\/07\/foto0211.jpg 2048w\" sizes=\"(max-width: 692px) 100vw, 692px\" \/><figcaption id=\"caption-attachment-15744\" class=\"wp-caption-text\">Las pintadas pueden oscilar entre la violencia gr\u00e1fica y la estupidez<\/figcaption><\/figure>\n<p>Lo anticipamos la semana en que cerraban las listas. Ya es oficial. El Ministerio de Ambiente y Espacio P\u00fablico porte\u00f1o inform\u00f3 que la Ciudad de Buenos Aires se encuentra completamente limpia de afiches pol\u00edticos ilegales durante el comienzo de la\u00a0campa\u00f1a electoral para las PASO.<\/p>\n<p>Hay que respetar el compromiso que asumieron las agrupaciones y organizaciones partidarias, llevado adelante en la Legislatura.<\/p>\n<p>Previo a haber firmado el compromiso de \u201cCiudad Limpia\u201d,\u00a0en el \u00faltimo mes se realizaron tareas de limpieza y mantenimiento frente a la cantidad de afiches, pegatinas y pintadas que invadieron el espacio p\u00fablico. En este marco se labraron\u00a0actas porque se encontraron\u00a0m\u00e1s de 700 afiches en elementos del mobiliario urbano.<\/p>\n<p><strong>\u201cAntes del inicio de la campa\u00f1a electoral, todas las cuadrillas del Ministerio limpiaron la Ciudad y realizaron actas de infracci\u00f3n a los partidos que no preservaron el espacio p\u00fablico. Esperamos que a partir de esta acci\u00f3n y del compromiso \u2018Ciudad limpia y campa\u00f1a responsable\u2019 que firmamos esta semana, se comience a respetar las normas de convivencia para una campa\u00f1a democr\u00e1tica y participativa\u201d,<\/strong> expres\u00f3\u00a0Eduardo Macchiavelli, ministro de Ambiente y Espacio P\u00fablico.<\/p>\n<p>El compromiso \u201cCiudad limpia, campa\u00f1a responsable\u201d se firm\u00f3 el pasado lunes 10 de julio entre la Ciudad de Buenos Aires y los partidos pol\u00edticos porte\u00f1os, con el objetivo de garantizar la preservaci\u00f3n del espacio p\u00fablico de cara a la campa\u00f1a de las elecciones legislativas.<\/p>\n<p>Seg\u00fan el documento, las fuerzas pol\u00edticas se comprometieron a priorizar el cuidado del ambiente y de la higiene de espacios p\u00fablicos en la planificaci\u00f3n e implementaci\u00f3n de actividades de campa\u00f1a. En ese marco, controlar\u00e1n que todas las personas y contratistas que realicen actividades de campa\u00f1a en su nombre respeten el marco normativo correspondiente a la preservaci\u00f3n de la limpieza de la Ciudad.<\/p>\n<p>Tambi\u00e9n generar\u00e1n acciones de concientizaci\u00f3n y respeto del espacio p\u00fablico entre los afiliados, adherentes y militantes, participar\u00e1n de capacitaciones y cooperar\u00e1n con la limpieza del espacio p\u00fablico durante la campa\u00f1a a trav\u00e9s de acciones voluntarias y multipartidarias de retiro de pegatinas, grafitis y\/o publicidades en espacios no autorizados.<\/p>\n<p>Por su parte, la Ciudad buscar\u00e1 los recursos necesarios para ampliar los espacios gratuitos de publicidad en v\u00eda p\u00fablica para los partidos y alianzas durante la segunda mitad de cada per\u00edodo de campa\u00f1a y los repartir\u00e1 equitativamente.<\/p>\n<p>Asimismo, facilitar\u00e1 la coordinaci\u00f3n de actividades voluntarias de capacitaci\u00f3n para equipos de campa\u00f1a y limpieza; verificar\u00e1 el uso de la publicidad oficial conforme a la normativa vigente; y promover\u00e1 el di\u00e1logo y el monitoreo del cumplimiento de los consensos mediante la conformaci\u00f3n de un consejo de seguimiento, que incluya representantes de los partidos y alianzas con el objetivo de emitir recomendaciones peri\u00f3dicas sobre el uso de la publicidad oficial durante el periodo de campa\u00f1a electoral 2017.<\/p>\n<div><\/div>\n<p><!-- Check out https:\/\/getreactionbuttons.com --><\/p>","protected":false},"excerpt":{"rendered":"<p>Lo anticipamos la semana en que cerraban las listas. Ya es oficial. El Ministerio de Ambiente y Espacio P\u00fablico porte\u00f1o inform\u00f3 que la Ciudad de Buenos Aires se encuentra completamente limpia de afiches pol\u00edticos ilegales durante el comienzo de la\u00a0campa\u00f1a electoral para las PASO. Hay que respetar el compromiso que asumieron las agrupaciones y organizaciones [&hellip;]<\/p>","protected":false},"author":2,"featured_media":15744,"comment_status":"closed","ping_status":"closed","sticky":false,"template":"","format":"standard","meta":[],"categories":[7],"tags":[],"series":[],"_links":{"self":[{"href":"https:\/\/www.diario5.com.ar\/es\/wp-json\/wp\/v2\/posts\/15722"}],"collection":[{"href":"https:\/\/www.diario5.com.ar\/es\/wp-json\/wp\/v2\/posts"}],"about":[{"href":"https:\/\/www.diario5.com.ar\/es\/wp-json\/wp\/v2\/types\/post"}],"author":[{"embeddable":true,"href":"https:\/\/www.diario5.com.ar\/es\/wp-json\/wp\/v2\/users\/2"}],"replies":[{"embeddable":true,"href":"https:\/\/www.diario5.com.ar\/es\/wp-json\/wp\/v2\/comments?post=15722"}],"version-history":[{"count":2,"href":"https:\/\/www.diario5.com.ar\/es\/wp-json\/wp\/v2\/posts\/15722\/revisions"}],"predecessor-version":[{"id":15745,"href":"https:\/\/www.diario5.com.ar\/es\/wp-json\/wp\/v2\/posts\/15722\/revisions\/15745"}],"wp:featuredmedia":[{"embeddable":true,"href":"https:\/\/www.diario5.com.ar\/es\/wp-json\/wp\/v2\/media\/15744"}],"wp:attachment":[{"href":"https:\/\/www.diario5.com.ar\/es\/wp-json\/wp\/v2\/media?parent=15722"}],"wp:term":[{"taxonomy":"category","embeddable":true,"href":"https:\/\/www.diario5.com.ar\/es\/wp-json\/wp\/v2\/categories?post=15722"},{"taxonomy":"post_tag","embeddable":true,"href":"https:\/\/www.diario5.com.ar\/es\/wp-json\/wp\/v2\/tags?post=15722"},{"taxonomy":"series","embeddable":true,"href":"https:\/\/www.diario5.com.ar\/es\/wp-json\/wp\/v2\/series?post=15722"}],"curies":[{"name":"wp","href":"https:\/\/api.w.org\/{rel}","templated":true}]}}