{"id":15388,"date":"2017-06-23T16:34:01","date_gmt":"2017-06-23T19:34:01","guid":{"rendered":"http:\/\/diario5.com.ar\/?p=15388"},"modified":"2017-06-23T16:36:52","modified_gmt":"2017-06-23T19:36:52","slug":"ba-elige-pedidos-de-caniles","status":"publish","type":"post","link":"https:\/\/www.diario5.com.ar\/es\/ba-elige-pedidos-de-caniles\/","title":{"rendered":"BA Elige: Pedidos de caniles"},"content":{"rendered":"<h2 class=\"sub-title-primary\"><\/h2> <figure id=\"attachment_15389\" aria-describedby=\"caption-attachment-15389\" style=\"width: 606px\" class=\"wp-caption alignright\"><img decoding=\"async\" loading=\"lazy\" class=\"wp-image-15389\" src=\"http:\/\/diario5.com.ar\/wp-content\/uploads\/2017\/06\/Foto3004-1024x768.jpg\" alt=\"Poldy\" width=\"606\" height=\"455\" srcset=\"https:\/\/www.diario5.com.ar\/wp-content\/uploads\/2017\/06\/Foto3004-1024x768.jpg 1024w, https:\/\/www.diario5.com.ar\/wp-content\/uploads\/2017\/06\/Foto3004-300x225.jpg 300w, https:\/\/www.diario5.com.ar\/wp-content\/uploads\/2017\/06\/Foto3004-768x576.jpg 768w, https:\/\/www.diario5.com.ar\/wp-content\/uploads\/2017\/06\/Foto3004-1536x1152.jpg 1536w, https:\/\/www.diario5.com.ar\/wp-content\/uploads\/2017\/06\/Foto3004-400x300.jpg 400w, https:\/\/www.diario5.com.ar\/wp-content\/uploads\/2017\/06\/Foto3004-260x195.jpg 260w, https:\/\/www.diario5.com.ar\/wp-content\/uploads\/2017\/06\/Foto3004-160x120.jpg 160w, https:\/\/www.diario5.com.ar\/wp-content\/uploads\/2017\/06\/Foto3004.jpg 2048w\" sizes=\"(max-width: 606px) 100vw, 606px\" \/><figcaption id=\"caption-attachment-15389\" class=\"wp-caption-text\">Poldy<\/figcaption><\/figure>\n<p>El Gobierno porte\u00f1o est\u00e1 publicando las propuestas presentadas por la comunidad en BA Elige. V\u00eda mail, los vecinos reciben, en estos d\u00edas, la lista de peque\u00f1os y grandes proyectos con los que se manifestaron los porte\u00f1os de todas las comunas. Hasta el 31 de julio se seguir\u00e1n analizando la viabilidad de las ideas y de all\u00ed habr\u00e1 aprobaciones para que se puedan convertir en proyectosde ley.<\/p>\n<p>Hoy comenzamos con el repaso de ideas referidas a la convivencia en la Ciudad de Buenos Aires con las mascotas. Espec\u00edficamente, tomaremos las referidas a caniles o espacios especiales para perros en las plazas y parques.No identificamos a los autores de las ideas. Para tal acci\u00f3n, visitar la p\u00e1gina oficial.<\/p>\n<p>Caniles para Parque Las Heras. Los coordinadores de BA Elige publicaron: \u201cLos vecinos de Palermo proponen que en el parque las Heras ubicado en Av. general \u00a0Las Heras y coronel D\u00edaz se pueda colocar un canil para mascotas ya que muchas mascotas habitan ese parque y seria de mucha utilidad que tengan su propio espacio de juego\u201d. Y un vecino dej\u00f3 su plan: \u201ccerrar una parte del Parque Las Heras y hacer una plaza para que las mascotas paseen libremente\u201d.<\/p>\n<p>Con el t\u00edtulo \u201cSumar Caniles a los Espacios Verdes de la Comuna 6\u201d, un vecino expres\u00f3: \u201cMi propuesta es que se agreguen caniles, bebederos y dispensadores de bolsitas. Que todo espacio verde tenga su sector para mascotas. Dice el siguiente (fan de la palabra \u201cespacio\u201d): \u201cSumemos caniles a Paseo Olleros, Palermo. Debido a que en este espacio verde no hay un lugar destinado a las mascotas, las mismas ensucian el espacio y es inaccesible para los vecinos cercanos. Es por eso que se gener\u00f3 la idea de implementar caniles. Separando el espacio de las personas del de las mascotas\u201d.<\/p>\n<p>Tambi\u00e9n sugieren Caniles en ciertas veredas de Palermo. \u201cPropongo que agreguen caniles en las veredas del barrio de Palermo, por lo menos una franja cerca de los cordones\u201d. Interesante, aunque no parece pr\u00e1ctico.<\/p>\n<p>Alguien de Comuna 1 habla, sin identificar cu\u00e1l, de un espacio p\u00fablico que \u201ctiene el canil en malas condiciones, de hecho no lo abren lo dejan cerrado y se necesita que implementen un bebedero para las mascotas y su abertura completa todos los d\u00edas. Un colega -en cuanto a todas las condiciones observadas al anterior- remarca: \u201cGenerar m\u00e1s caniles para el barrio de San Telmo\u201d.<\/p>\n<p>En barracas, Proponen que agreguen caniles en la plaza Jorge.<\/p>\n<p>Haciendo referencia a la plaza de Parque Avellaneda alguien dice: \u201cDebido a que las mascotas no tienen su espacio en la plaza Olivera de la zona, se propone implementarlo, mejorando as\u00ed limpieza del suelo y calidad de vida para aquellos que asisten\u201d.<\/p>\n<p>Reclaman Canil en Parque Rivadavia. \u201cEl parque lo utilizamos todos los vecinos para distintas actividades. Ser\u00eda de gran ayuda poder contar con un sector para las mascotas, as\u00ed no se ensucia ni se\u00a0 destruyen otros sectores\u201d. Otro, referido a lo mismo reclama Poner m\u00e1s caniles en el barrio de Caballito: Me gustar\u00eda que\u00a0 pongan un \u00e1rea en el Parque Rivadavia para los animales. Y que podamos lograr hacerlo.<\/p>\n<p>M\u00e1s sobre el pulm\u00f3n de Caballito: \u201cEl Parque Rivadavia tiene una zona para perros y hace un mont\u00f3n\u00a0 de a\u00f1os que est\u00e1. El problema es que la gente tira basura ah\u00ed y no se puede dejar a los perros en ese lugar para que disfruten. Y cuando llueve, se llena de barro\u201d.<\/p>\n<p>Tambi\u00e9n piden Canil en la Plaza Intendente Casares. Sencillito. Dice: \u201cPoner un canil en la Plaza Intendente Casares, para que los perros tengan su espacio\u201d.<\/p>\n<p>Un proyecto grande es el de la \u00a0Renovaci\u00f3n del Parque Chacabuco y agregado de caniles: \u201cEl Parque Chacabuco est\u00e1 en malas condiciones. Que se le haga una renovaci\u00f3n para disfrutarlo de mejor manera y se pueda asistir y agregar caniles para las mascotas.<\/p>\n<p>Tambi\u00e9n sugieren poner un Canil en la Plaza Alfonsina Storni: \u201cPoner un canil en la Plaza Alfonsina Storni, para que los perros tengan su espacio\u201d. La Plaza Alfonsina Storni es vecina de la Lola Mora, que s\u00ed tiene canil. Dif\u00edcilmente prospere este pedido<\/p>\n<p>Aqu\u00ed hay uno que parece que se lo van a cumplir muy pronto: Mejorar el canil de Paraguay y Rodr\u00edguez Pe\u00f1a. \u201cEn Paraguay y Rodr\u00edguez Pe\u00f1a hay un canil que no est\u00e1 en buen estado. Podr\u00eda agregarse pasto y uno o dos \u00e1rboles para que en verano haya algo de sombra\u201d. Ya se trabaja en ese lugar.<\/p>\n<p>Lo mismo se reclama para la plaza V\u00e9lez Sarsfield. Ela autor del proyecto lo justifica con claridad: \u201cPara que las personas que paseen sus mascotas tengan caniles para poder acceder\u201d.<\/p>\n<p>Siempre en el tema Caniles, una propuesta formal proviene de La Paternal: \u201cEl proyecto es incrementar mas caniles en la plaza de Av.Juan B. Justo entre Boyaca y Andr\u00e9s Lamas y, adem\u00e1s, en general sobre las plazas de la Comuna 7\u201d.<\/p>\n<p>Como remate, encontramos una propuesta realmente especial referida al tema de nuestros amigos no humanos, los mejores:<\/p>\n<p>Ejercicio con tu mascota y reuniones<\/p>\n<p>\u201cMaquinas donde se pueda colaborar para poder tener alimento balanceado , caminatas con clases de paseo y poder armar un equipo de rescate de mascotas p\u00e9rdidas y darles Chapita donde quede registrado cada due\u00f1o en BA con un c\u00f3digo donde puedan volver\u00a0 a su hogar. Caniles adecuados de grandes dimensiones de 50 x 100 mts con \u00e1rboles que tengan sombra y bebederos ; bancos para sentarse , juegos y una fuente para que puedan refrescarse , personas que cuiden y mantengan la limpieza , bolsitas adecuadas gruesas , personas que cuiden esos espacios y puedan asesorar a cada due\u00f1o como un parque privado . Soy adiestradora de la UBA y paseadora canina hace 27 a\u00f1os me gustar\u00eda trabajar para mascotas de la ciudad\u201d.<\/p>\n<p>Habr\u00e1 m\u00e1s-<\/p>","protected":false},"excerpt":{"rendered":"<p>El Gobierno porte\u00f1o est\u00e1 publicando las propuestas presentadas por la comunidad en BA Elige. V\u00eda mail, los vecinos reciben, en estos d\u00edas, la lista de peque\u00f1os y grandes proyectos con los que se manifestaron los porte\u00f1os de todas las comunas. Hasta el 31 de julio se seguir\u00e1n analizando la viabilidad de las ideas y de [&hellip;]<\/p>","protected":false},"author":1,"featured_media":15389,"comment_status":"open","ping_status":"closed","sticky":false,"template":"","format":"standard","meta":[],"categories":[1],"tags":[],"series":[],"_links":{"self":[{"href":"https:\/\/www.diario5.com.ar\/es\/wp-json\/wp\/v2\/posts\/15388"}],"collection":[{"href":"https:\/\/www.diario5.com.ar\/es\/wp-json\/wp\/v2\/posts"}],"about":[{"href":"https:\/\/www.diario5.com.ar\/es\/wp-json\/wp\/v2\/types\/post"}],"author":[{"embeddable":true,"href":"https:\/\/www.diario5.com.ar\/es\/wp-json\/wp\/v2\/users\/1"}],"replies":[{"embeddable":true,"href":"https:\/\/www.diario5.com.ar\/es\/wp-json\/wp\/v2\/comments?post=15388"}],"version-history":[{"count":5,"href":"https:\/\/www.diario5.com.ar\/es\/wp-json\/wp\/v2\/posts\/15388\/revisions"}],"predecessor-version":[{"id":15394,"href":"https:\/\/www.diario5.com.ar\/es\/wp-json\/wp\/v2\/posts\/15388\/revisions\/15394"}],"wp:featuredmedia":[{"embeddable":true,"href":"https:\/\/www.diario5.com.ar\/es\/wp-json\/wp\/v2\/media\/15389"}],"wp:attachment":[{"href":"https:\/\/www.diario5.com.ar\/es\/wp-json\/wp\/v2\/media?parent=15388"}],"wp:term":[{"taxonomy":"category","embeddable":true,"href":"https:\/\/www.diario5.com.ar\/es\/wp-json\/wp\/v2\/categories?post=15388"},{"taxonomy":"post_tag","embeddable":true,"href":"https:\/\/www.diario5.com.ar\/es\/wp-json\/wp\/v2\/tags?post=15388"},{"taxonomy":"series","embeddable":true,"href":"https:\/\/www.diario5.com.ar\/es\/wp-json\/wp\/v2\/series?post=15388"}],"curies":[{"name":"wp","href":"https:\/\/api.w.org\/{rel}","templated":true}]}}