{"id":15373,"date":"2017-06-22T20:24:44","date_gmt":"2017-06-22T23:24:44","guid":{"rendered":"http:\/\/diario5.com.ar\/?p=15373"},"modified":"2017-06-22T20:35:15","modified_gmt":"2017-06-22T23:35:15","slug":"nada-se-comparaba-con-la-ubicacion-de-la-salada","status":"publish","type":"post","link":"https:\/\/www.diario5.com.ar\/es\/nada-se-comparaba-con-la-ubicacion-de-la-salada\/","title":{"rendered":"La Salada: La triple Frontera"},"content":{"rendered":"<h2 class=\"sub-title-primary\"><\/h2> <figure id=\"attachment_15377\" aria-describedby=\"caption-attachment-15377\" style=\"width: 604px\" class=\"wp-caption alignright\"><img decoding=\"async\" loading=\"lazy\" class=\"wp-image-15377\" src=\"http:\/\/diario5.com.ar\/wp-content\/uploads\/2017\/06\/lasalada2.jpg\" alt=\"La triple frontera. La Salada est\u00e1 ubicada donde convergen los tres distritos m\u00e1s poblados del pa\u00eds.\" width=\"604\" height=\"407\" srcset=\"https:\/\/www.diario5.com.ar\/wp-content\/uploads\/2017\/06\/lasalada2.jpg 279w, https:\/\/www.diario5.com.ar\/wp-content\/uploads\/2017\/06\/lasalada2-260x175.jpg 260w, https:\/\/www.diario5.com.ar\/wp-content\/uploads\/2017\/06\/lasalada2-160x108.jpg 160w\" sizes=\"(max-width: 604px) 100vw, 604px\" \/><figcaption id=\"caption-attachment-15377\" class=\"wp-caption-text\">La triple frontera. La Salada est\u00e1 ubicada donde convergen los tres distritos m\u00e1s poblados del pa\u00eds.<\/figcaption><\/figure>\n<p>Con la indagatoria\u00a0a Jorge Castillo y a los detenidos por asociaci\u00f3n il\u00edcita y extorsi\u00f3n a los feriantes comienza un nuevo tiempo en la reacci\u00f3n social ante las ferias de comercializaci\u00f3n sin documentaci\u00f3n fiscal, sin certezas frente a la defensa de las marcas y, sobre todo, frente a las dudas con las que se queda en eventual comprador acerca de los posible vej\u00e1menes a los podr\u00edan ser sometidas determinadas personas que se involucren con la actividad.<\/p>\n<p>No es que se van a terminar las ferias truchas de la noche a la ma\u00f1ana. Pero de la noche a la ma\u00f1ana se produjo un ensombrecimiento sobre uno de los negocios m\u00e1s prol\u00edficos que jam\u00e1s nadie se habr\u00eda imaginado. Es que la feria redujo hoy dr\u00e1sticamente su cantidad de puestos abiertos, por los operativos operativos policiales, mientras que hubo una in\u00e9dita ca\u00edda de visitantes y ya est\u00e1n las topadoras frente a los sectores que se demoler\u00e1n. A su vez, contin\u00faa el desalojo de puestos ilegales.<\/p>\n<p>Tras la detenci\u00f3n del administrador del Centro Comercial Punta Mogote, la Polic\u00eda Federal secuestr\u00f3 dinero en efectivo, computadoras, cajas con documentaci\u00f3n y siete veh\u00edculos de variada gama y jerarqu\u00eda. La Salada es la organizaci\u00f3n m\u00e1s conocida de un comercio informal (ilegal, en gran parte) que mueve $71.500 millones por a\u00f1o.<\/p>\n<p>El punto en el que se encuentra La Salada, es el centro neur\u00e1lgico m\u00e1s importante entre los que vinculan la Ciudad Aut\u00f3noma de Buenos Aires y el Conurbano todo.<\/p>\n<p>Nunca se hace una comparaci\u00f3n, ya que en todos lados se venden productos pero se observa claramente que\u00a0Avellaneda y Liniers no clasifican al lado del predio de lo que fueron alguna vez los populares balnearios con piletas de Ing Budge. Por otro lado. La Salada -para este tipo de comercio- es m\u00e1s efectiva que Constituci\u00f3n, Once y Retiro por la sencilla raz\u00f3n de que no se trata de un v\u00ednculo por cercan\u00eda del transporte que moviliza a las personas sino que la cercan\u00eda de la intersecci\u00f3n entre Av. Gral Paz y Riachuelo implica una ubicaci\u00f3n real de frontera entre la Ciudad Aut\u00f3noma de Buenos Aires, el Partido de Lomas de Zamora y el Partido de La Matanza, es decir, la mejor ubicaci\u00f3n que se pueda obtener en todo el \u00e1mbito del AMBA. Por eso, pasa lo que pasa y pasar\u00e1 lo que pasar\u00e1.<\/p>","protected":false},"excerpt":{"rendered":"<p>Con la indagatoria\u00a0a Jorge Castillo y a los detenidos por asociaci\u00f3n il\u00edcita y extorsi\u00f3n a los feriantes comienza un nuevo tiempo en la reacci\u00f3n social ante las ferias de comercializaci\u00f3n sin documentaci\u00f3n fiscal, sin certezas frente a la defensa de las marcas y, sobre todo, frente a las dudas con las que se queda en [&hellip;]<\/p>","protected":false},"author":1,"featured_media":15377,"comment_status":"open","ping_status":"closed","sticky":false,"template":"","format":"standard","meta":[],"categories":[1],"tags":[],"series":[],"_links":{"self":[{"href":"https:\/\/www.diario5.com.ar\/es\/wp-json\/wp\/v2\/posts\/15373"}],"collection":[{"href":"https:\/\/www.diario5.com.ar\/es\/wp-json\/wp\/v2\/posts"}],"about":[{"href":"https:\/\/www.diario5.com.ar\/es\/wp-json\/wp\/v2\/types\/post"}],"author":[{"embeddable":true,"href":"https:\/\/www.diario5.com.ar\/es\/wp-json\/wp\/v2\/users\/1"}],"replies":[{"embeddable":true,"href":"https:\/\/www.diario5.com.ar\/es\/wp-json\/wp\/v2\/comments?post=15373"}],"version-history":[{"count":7,"href":"https:\/\/www.diario5.com.ar\/es\/wp-json\/wp\/v2\/posts\/15373\/revisions"}],"predecessor-version":[{"id":15384,"href":"https:\/\/www.diario5.com.ar\/es\/wp-json\/wp\/v2\/posts\/15373\/revisions\/15384"}],"wp:featuredmedia":[{"embeddable":true,"href":"https:\/\/www.diario5.com.ar\/es\/wp-json\/wp\/v2\/media\/15377"}],"wp:attachment":[{"href":"https:\/\/www.diario5.com.ar\/es\/wp-json\/wp\/v2\/media?parent=15373"}],"wp:term":[{"taxonomy":"category","embeddable":true,"href":"https:\/\/www.diario5.com.ar\/es\/wp-json\/wp\/v2\/categories?post=15373"},{"taxonomy":"post_tag","embeddable":true,"href":"https:\/\/www.diario5.com.ar\/es\/wp-json\/wp\/v2\/tags?post=15373"},{"taxonomy":"series","embeddable":true,"href":"https:\/\/www.diario5.com.ar\/es\/wp-json\/wp\/v2\/series?post=15373"}],"curies":[{"name":"wp","href":"https:\/\/api.w.org\/{rel}","templated":true}]}}