{"id":15317,"date":"2017-06-19T08:02:52","date_gmt":"2017-06-19T11:02:52","guid":{"rendered":"http:\/\/diario5.com.ar\/?p=15317"},"modified":"2021-02-04T15:19:34","modified_gmt":"2021-02-04T18:19:34","slug":"15317","status":"publish","type":"post","link":"https:\/\/www.diario5.com.ar\/es\/15317\/","title":{"rendered":"La Grieta Mayor"},"content":{"rendered":"<h2 class=\"sub-title-primary\">La feria de vanidades y la real divisi\u00f3n de pensamiento en el pa\u00eds<\/h2> <figure id=\"attachment_15319\" aria-describedby=\"caption-attachment-15319\" style=\"width: 300px\" class=\"wp-caption alignleft\"><img decoding=\"async\" loading=\"lazy\" class=\"size-full wp-image-15319\" src=\"http:\/\/diario5.com.ar\/wp-content\/uploads\/2017\/06\/martin_fierro-grieta.jpg\" alt=\"La mayor\u00eda de la far\u00e1ndula nunca ve la realidad y ama la grieta &quot;menor&quot;\" width=\"300\" height=\"618\" srcset=\"https:\/\/www.diario5.com.ar\/wp-content\/uploads\/2017\/06\/martin_fierro-grieta.jpg 300w, https:\/\/www.diario5.com.ar\/wp-content\/uploads\/2017\/06\/martin_fierro-grieta-146x300.jpg 146w, https:\/\/www.diario5.com.ar\/wp-content\/uploads\/2017\/06\/martin_fierro-grieta-260x536.jpg 260w, https:\/\/www.diario5.com.ar\/wp-content\/uploads\/2017\/06\/martin_fierro-grieta-160x330.jpg 160w\" sizes=\"(max-width: 300px) 100vw, 300px\" \/><figcaption id=\"caption-attachment-15319\" class=\"wp-caption-text\">La mayor\u00eda de la far\u00e1ndula nunca ve la realidad y ama la grieta \u00abestrecha\u00bb. Les resulta muy dif\u00edcil ver el canal mayor que los separa de la verdad.<\/figcaption><\/figure>\n<p>El alto grado de hipocres\u00eda , expuesto por un importante n\u00famero de\u00a0personas que subieron al escenario en la entrega de los premios Mart\u00edn Fierro respecto de algunos temas importantes en la Argentina, deja en claro de manera indiscutible, insoslayable y precisa, que por mucho que todos esos \u00abnotables\u00bb (exponentes de un est\u00e1ndar con promedio mediocre en m\u00faltiples artes menores que, por repetici\u00f3n de exposici\u00f3n en pantalla, obtienen una tasa de recordaci\u00f3n temporal por parte de los televidentes, a lo que cierto periodismo con sorprendente celeridad tilda de \u00abfamosos\u00bb) hagan el esfuerzo de evitar lo que sus cong\u00e9neres y compa\u00f1eros de bober\u00edas llaman la grieta, se les nota la verdadera intenci\u00f3n de alimentarla.<\/p>\n<p>El momento clave en el que la mayor\u00eda de los miembros de la colonia televisiva cae en una trampa que los deschava cual desnudez frente a un artista pl\u00e1stico que los pintar\u00e1 a su gusto, es el del agradecimiento a\u00a0un premio recibido. All\u00ed, quienes nunca tienen nada que decir, generalmente pasan a decir algo. Sin importancia, claro, pero como la onda suele ser agradecer a APTRA \u00aby algo m\u00e1s\u00bb, \u00a0se despachan con speechs diversos que no siempre redundan en agradecer al pap\u00e1 o la mam\u00e1 \u00abque los gu\u00edan desde el cielo\u00bb. Caso: Un periodista televisivo, en el momento de agradecer su premio, remarc\u00f3 que \u00abla\u00a0grieta es una estupidez para que algunos hagan negocios y para que la mayor\u00eda no podamos pensar\u00bb. Lo aplaudieron. Lo que pocos recuerdan es que esta persona dijo lo que todos escuchamos luego de colgarse durante unos dos a\u00f1os y medio del concepto \u00abgrieta\u00bb y sentirse \u00abpreocupado\u00bb por la situaci\u00f3n social argentina a partir de esa divisi\u00f3n.<\/p>\n<p>Otro periodista, algo conocido por su apoyo al gobierno anterior, aprovech\u00f3 su subida al escenario cuando recibi\u00f3 un premio, para mostrar en p\u00fablico el regalo que le entregar\u00eda a un afamado colega, difusor de un pensamiento pol\u00edtico direccionado a 180 grados del suyo: no s\u00f3lo  se trataba de un objeto altamente provocador sino que anticip\u00f3 que lo har\u00eda \u00abpara cerrar la grieta\u00bb.<\/p>\n<p>Algunos actores aludieron a personas que en alg\u00fan momento les generaron\u00a0problemas, mientras que otros recordaron boicots por asuntos pol\u00edticos. Ni siquiera son\u00f3 cre\u00edble el productor que dijo que \u00abse puede trabajar con gente que piensa diferente\u00bb, ya que la \u00fanica sonrisa que lo uni\u00f3 con \u00abesa gente\u00bb surgi\u00f3 reci\u00e9n anoche, cuando APTRA los premi\u00f3.<\/p>\n<p>Realmente fueron varios los que optaron por jugar un rol de \u00abconcertadores pol\u00edticos\u00bb. Est\u00e1n cre\u00eddos. Tienen pantalla y se creen que \u00e9se es un poder m\u00e1gico que, pasando por su persona, puede solucionar problemas de \u00edndole mayor en el pa\u00eds. Es muy fuerte: se creen su propia mentira. Han demostrado que cuanto m\u00e1s se manifiestan en contra de la divisi\u00f3n ideol\u00f3gica que emboba al pa\u00eds, m\u00e1s trabajan para\u00a0que se afiance y gane el negocio de la pol\u00edtica por la pol\u00edtica en s\u00ed y no el de la pol\u00edtica por la soluci\u00f3n de problemas.<\/p>\n<figure id=\"attachment_15318\" aria-describedby=\"caption-attachment-15318\" style=\"width: 628px\" class=\"wp-caption alignright\"><img decoding=\"async\" loading=\"lazy\" class=\"wp-image-15318\" src=\"http:\/\/diario5.com.ar\/wp-content\/uploads\/2017\/06\/la_verdadera_grieta.jpg\" alt=\"La verdadera grieta\" width=\"628\" height=\"388\" srcset=\"https:\/\/www.diario5.com.ar\/wp-content\/uploads\/2017\/06\/la_verdadera_grieta.jpg 895w, https:\/\/www.diario5.com.ar\/wp-content\/uploads\/2017\/06\/la_verdadera_grieta-300x185.jpg 300w, https:\/\/www.diario5.com.ar\/wp-content\/uploads\/2017\/06\/la_verdadera_grieta-768x475.jpg 768w, https:\/\/www.diario5.com.ar\/wp-content\/uploads\/2017\/06\/la_verdadera_grieta-400x247.jpg 400w, https:\/\/www.diario5.com.ar\/wp-content\/uploads\/2017\/06\/la_verdadera_grieta-260x161.jpg 260w, https:\/\/www.diario5.com.ar\/wp-content\/uploads\/2017\/06\/la_verdadera_grieta-160x99.jpg 160w\" sizes=\"(max-width: 628px) 100vw, 628px\" \/><figcaption id=\"caption-attachment-15318\" class=\"wp-caption-text\">La verdadera divisi\u00f3n de la Argentina es mucho m\u00e1s importante que la ideol\u00f3gica<\/figcaption><\/figure>\n<p>Ense\u00f1arle a las personas que podr\u00edan, lentamente ir limpiando de bolsas, latas, residuos contaminantes y otras basuras todo el derredor de barrios carenciados, villas y asentamientos de fatal indigencia no es de derecha ni de izquierda. No ser\u00eda kirchnerista organizar a universitarios semanalmente para que vayan a esos lugares a transmitir algunas ense\u00f1anzas (de convivencia, principalmente) ni ser\u00eda macrista que otros j\u00f3venes (o los mismos) les transmitan a quienes hoy est\u00e1n en el punto m\u00e1s espantoso de educaci\u00f3n que haya registrado la Argentina, que por denunciar a un asesino o un violador de alg\u00fan barrio, alguna villa o alg\u00fan asentamiento no est\u00e1 traicionando ning\u00fan c\u00f3digo de honor.<\/p>\n<p>La feria de vanidades nunca aport\u00f3 nada a favor de los temas importantes del pa\u00eds. Esta vez, no s\u00f3lo  no fue la excepci\u00f3n, sino que despert\u00f3 la ira de muchas personas que comienzan a se\u00f1alar a los hip\u00f3critas del mundo del espect\u00e1culo como part\u00edcipes necesarios de la descomunal debacle de la Argentina.<\/p>\n<p>El gr\u00e1fico muestra la verdadera divisi\u00f3n ideol\u00f3gica de la Argentina.<\/p>","protected":false},"excerpt":{"rendered":"<p>La feria de vanidades y la real divisi\u00f3n de pensamiento en el pa\u00eds El alto grado de hipocres\u00eda , expuesto por un importante n\u00famero de\u00a0personas que subieron al escenario en la entrega de los premios Mart\u00edn Fierro respecto de algunos temas importantes en la Argentina, deja en claro de manera indiscutible, insoslayable y precisa, que [&hellip;]<\/p>","protected":false},"author":4,"featured_media":622507,"comment_status":"open","ping_status":"closed","sticky":false,"template":"","format":"standard","meta":[],"categories":[75,1],"tags":[],"series":[],"_links":{"self":[{"href":"https:\/\/www.diario5.com.ar\/es\/wp-json\/wp\/v2\/posts\/15317"}],"collection":[{"href":"https:\/\/www.diario5.com.ar\/es\/wp-json\/wp\/v2\/posts"}],"about":[{"href":"https:\/\/www.diario5.com.ar\/es\/wp-json\/wp\/v2\/types\/post"}],"author":[{"embeddable":true,"href":"https:\/\/www.diario5.com.ar\/es\/wp-json\/wp\/v2\/users\/4"}],"replies":[{"embeddable":true,"href":"https:\/\/www.diario5.com.ar\/es\/wp-json\/wp\/v2\/comments?post=15317"}],"version-history":[{"count":6,"href":"https:\/\/www.diario5.com.ar\/es\/wp-json\/wp\/v2\/posts\/15317\/revisions"}],"predecessor-version":[{"id":617918,"href":"https:\/\/www.diario5.com.ar\/es\/wp-json\/wp\/v2\/posts\/15317\/revisions\/617918"}],"wp:featuredmedia":[{"embeddable":true,"href":"https:\/\/www.diario5.com.ar\/es\/wp-json\/wp\/v2\/media\/622507"}],"wp:attachment":[{"href":"https:\/\/www.diario5.com.ar\/es\/wp-json\/wp\/v2\/media?parent=15317"}],"wp:term":[{"taxonomy":"category","embeddable":true,"href":"https:\/\/www.diario5.com.ar\/es\/wp-json\/wp\/v2\/categories?post=15317"},{"taxonomy":"post_tag","embeddable":true,"href":"https:\/\/www.diario5.com.ar\/es\/wp-json\/wp\/v2\/tags?post=15317"},{"taxonomy":"series","embeddable":true,"href":"https:\/\/www.diario5.com.ar\/es\/wp-json\/wp\/v2\/series?post=15317"}],"curies":[{"name":"wp","href":"https:\/\/api.w.org\/{rel}","templated":true}]}}