{"id":15206,"date":"2017-06-14T17:30:26","date_gmt":"2017-06-14T20:30:26","guid":{"rendered":"http:\/\/diario5.com.ar\/?p=15206"},"modified":"2017-06-14T17:35:49","modified_gmt":"2017-06-14T20:35:49","slug":"como-se-realiza-un-transplante-forestal","status":"publish","type":"post","link":"https:\/\/www.diario5.com.ar\/es\/como-se-realiza-un-transplante-forestal\/","title":{"rendered":"C\u00f3mo se realiza un transplante forestal"},"content":{"rendered":"<h2 class=\"sub-title-primary\"><\/h2> <figure id=\"attachment_15207\" aria-describedby=\"caption-attachment-15207\" style=\"width: 359px\" class=\"wp-caption alignright\"><img decoding=\"async\" loading=\"lazy\" class=\"wp-image-15207\" src=\"http:\/\/diario5.com.ar\/wp-content\/uploads\/2017\/06\/traslado_arbol3.jpg\" alt=\"Una imagen a cuyo acostumbramiento de ver, por parte de la poblaci\u00f3n, mejorar\u00e1 la condici\u00f3n de los espacios p\u00fablicos de la Ciudad de Buenos Aires.\" width=\"359\" height=\"269\" srcset=\"https:\/\/www.diario5.com.ar\/wp-content\/uploads\/2017\/06\/traslado_arbol3.jpg 768w, https:\/\/www.diario5.com.ar\/wp-content\/uploads\/2017\/06\/traslado_arbol3-300x225.jpg 300w, https:\/\/www.diario5.com.ar\/wp-content\/uploads\/2017\/06\/traslado_arbol3-400x300.jpg 400w, https:\/\/www.diario5.com.ar\/wp-content\/uploads\/2017\/06\/traslado_arbol3-260x195.jpg 260w, https:\/\/www.diario5.com.ar\/wp-content\/uploads\/2017\/06\/traslado_arbol3-160x120.jpg 160w\" sizes=\"(max-width: 359px) 100vw, 359px\" \/><figcaption id=\"caption-attachment-15207\" class=\"wp-caption-text\">Una imagen a cuyo acostumbramiento de ver, por parte de la poblaci\u00f3n, mejorar\u00e1 la condici\u00f3n de los espacios p\u00fablicos de la Ciudad de Buenos Aires.<\/figcaption><\/figure>\n<p>Con preparaci\u00f3n profesional del personal encargado del tratamiento individual, \u00e1rbol por \u00e1rbol, para realizar cada transplante, puede establecerse una pol\u00edtica de estado en funci\u00f3n de observar, mucho m\u00e1s de cerca, desde el Ministerio de Espacio P\u00fablico, un \u00abQui\u00e9n es Qui\u00e9n\u00bb (Cu\u00e1l es cu\u00e1l) entre los \u00e1rboles porte\u00f1os, es decir, cu\u00e1le pueden convivir con las veredas de la ciudad y cu\u00e1les deber\u00edan ser trasladados al Parque Forestal.<\/p>\n<p>Aqu\u00ed se muestra un video con el trabajo de replantaci\u00f3n de un \u00e1rbol entre dos lugares parquizados de Inglaterra.<\/p>\n<p>Primera parte: El cami\u00f3n se acerca al \u00e1rbil que se extraer\u00e1 de su punto original de plantaci\u00f3n. El sistema de extracci\u00f3n lo \u00abenvuelve\u00bb y produce todos los cortes de excavaci\u00f3n necesario alrededor de \u00e9l. Inmediatamente, con gran\u00a0fuerza motriz, extrae, levanta y acomoda el \u00e1rbol sobre el cami\u00f3n.<\/p>\n<p>El buen funcionamiento de la gr\u00faa que abraza al \u00e1rbol, la precisi\u00f3n con la que el conductor lo presenta, lo ubica con al \u00e1ngulo correspondiente y lo termina depositando en el pozo preparado para recibir al ejemplar, con su medida prevista para que el poderoso cono calce en la tierra, no puede ser motivo de amilanamientos de inversi\u00f3n ni de voluntad pol\u00edtica. Buenos Aires en una de las urbes m\u00e1s grandes del mundo y su v\u00ednculo con las arboledas debe ser equilibrado y satisfactorio.<\/p>\n<p>Ver el traslado<\/p>\n<p><iframe loading=\"lazy\" width=\"640\" height=\"360\" src=\"https:\/\/www.youtube.com\/embed\/1IV10M1RbEA?feature=oembed\" frameborder=\"0\" allow=\"accelerometer; autoplay; encrypted-media; gyroscope; picture-in-picture\" allowfullscreen><\/iframe><\/p>","protected":false},"excerpt":{"rendered":"<p>Con preparaci\u00f3n profesional del personal encargado del tratamiento individual, \u00e1rbol por \u00e1rbol, para realizar cada transplante, puede establecerse una pol\u00edtica de estado en funci\u00f3n de observar, mucho m\u00e1s de cerca, desde el Ministerio de Espacio P\u00fablico, un \u00abQui\u00e9n es Qui\u00e9n\u00bb (Cu\u00e1l es cu\u00e1l) entre los \u00e1rboles porte\u00f1os, es decir, cu\u00e1le pueden convivir con las veredas [&hellip;]<\/p>","protected":false},"author":1,"featured_media":15207,"comment_status":"open","ping_status":"closed","sticky":false,"template":"","format":"standard","meta":[],"categories":[1],"tags":[],"series":[],"_links":{"self":[{"href":"https:\/\/www.diario5.com.ar\/es\/wp-json\/wp\/v2\/posts\/15206"}],"collection":[{"href":"https:\/\/www.diario5.com.ar\/es\/wp-json\/wp\/v2\/posts"}],"about":[{"href":"https:\/\/www.diario5.com.ar\/es\/wp-json\/wp\/v2\/types\/post"}],"author":[{"embeddable":true,"href":"https:\/\/www.diario5.com.ar\/es\/wp-json\/wp\/v2\/users\/1"}],"replies":[{"embeddable":true,"href":"https:\/\/www.diario5.com.ar\/es\/wp-json\/wp\/v2\/comments?post=15206"}],"version-history":[{"count":6,"href":"https:\/\/www.diario5.com.ar\/es\/wp-json\/wp\/v2\/posts\/15206\/revisions"}],"predecessor-version":[{"id":15213,"href":"https:\/\/www.diario5.com.ar\/es\/wp-json\/wp\/v2\/posts\/15206\/revisions\/15213"}],"wp:featuredmedia":[{"embeddable":true,"href":"https:\/\/www.diario5.com.ar\/es\/wp-json\/wp\/v2\/media\/15207"}],"wp:attachment":[{"href":"https:\/\/www.diario5.com.ar\/es\/wp-json\/wp\/v2\/media?parent=15206"}],"wp:term":[{"taxonomy":"category","embeddable":true,"href":"https:\/\/www.diario5.com.ar\/es\/wp-json\/wp\/v2\/categories?post=15206"},{"taxonomy":"post_tag","embeddable":true,"href":"https:\/\/www.diario5.com.ar\/es\/wp-json\/wp\/v2\/tags?post=15206"},{"taxonomy":"series","embeddable":true,"href":"https:\/\/www.diario5.com.ar\/es\/wp-json\/wp\/v2\/series?post=15206"}],"curies":[{"name":"wp","href":"https:\/\/api.w.org\/{rel}","templated":true}]}}