{"id":15192,"date":"2017-06-14T03:49:41","date_gmt":"2017-06-14T06:49:41","guid":{"rendered":"http:\/\/diario5.com.ar\/?p=15192"},"modified":"2017-06-14T03:54:20","modified_gmt":"2017-06-14T06:54:20","slug":"logistica-para-traslado-de-arboles","status":"publish","type":"post","link":"https:\/\/www.diario5.com.ar\/es\/logistica-para-traslado-de-arboles\/","title":{"rendered":"Log\u00edstica para traslado de \u00e1rboles"},"content":{"rendered":"<h2 class=\"sub-title-primary\"><\/h2> <figure id=\"attachment_15193\" aria-describedby=\"caption-attachment-15193\" style=\"width: 600px\" class=\"wp-caption alignright\"><img decoding=\"async\" loading=\"lazy\" class=\"size-full wp-image-15193\" src=\"http:\/\/diario5.com.ar\/wp-content\/uploads\/2017\/06\/traslado_arbol0.jpg\" alt=\"Este es un cami\u00f3n especial sobre el que se monta el sistema que arranca el \u00e1rbol con su ra\u00edz y lo puede transportar a otro sitio.\" width=\"600\" height=\"300\" srcset=\"https:\/\/www.diario5.com.ar\/wp-content\/uploads\/2017\/06\/traslado_arbol0.jpg 600w, https:\/\/www.diario5.com.ar\/wp-content\/uploads\/2017\/06\/traslado_arbol0-300x150.jpg 300w, https:\/\/www.diario5.com.ar\/wp-content\/uploads\/2017\/06\/traslado_arbol0-400x200.jpg 400w, https:\/\/www.diario5.com.ar\/wp-content\/uploads\/2017\/06\/traslado_arbol0-260x130.jpg 260w, https:\/\/www.diario5.com.ar\/wp-content\/uploads\/2017\/06\/traslado_arbol0-160x80.jpg 160w\" sizes=\"(max-width: 600px) 100vw, 600px\" \/><figcaption id=\"caption-attachment-15193\" class=\"wp-caption-text\">Este es un cami\u00f3n especial sobre el que se monta el sistema que arranca el \u00e1rbol con su ra\u00edz y lo puede transportar a otro sitio.<\/figcaption><\/figure>\n<p>Nos encontramos con comentarios por toda v\u00eda en los que nos remarcan y pretenden ense\u00f1ar que los traslados de \u00e1rboles son costosos y complicados. Eso e invitarnos a considerar que la baja calidad de mantenimiento forestal urbano debe envolvernos en la m\u00e1s profunda resignaci\u00f3n, es lo mismo.<\/p>\n<p>Primero: Cu\u00e1ntos camiones de traslado de \u00e1rboles vieron las personas que nos critican? Conocen la capacidad que tienen para levantarlos de ra\u00edz y llevarlos adonde quiera que sea? Buenos Aires necesita una definici\u00f3n sobre este tema ya. Por eso estamos planteando este tema ya. Ayer dejamos publicadas im\u00e1genes de algunos \u00e1rboles de la zona de Constituci\u00f3n y San Crist\u00f3bal que afectan veredas y construcciones m\u00e1s all\u00e1 de las medianeras. Los estilos de \u00e1rboles afectando a la ciudad son variados, por lo que ahora mostramos algunos m\u00e1s.<\/p>\n<figure id=\"attachment_15194\" aria-describedby=\"caption-attachment-15194\" style=\"width: 528px\" class=\"wp-caption alignleft\"><img decoding=\"async\" loading=\"lazy\" class=\"wp-image-15194\" src=\"http:\/\/diario5.com.ar\/wp-content\/uploads\/2017\/06\/traslado_arbol1-1024x580.jpg\" alt=\"traslado_arbol1\" width=\"528\" height=\"299\" srcset=\"https:\/\/www.diario5.com.ar\/wp-content\/uploads\/2017\/06\/traslado_arbol1-1024x580.jpg 1024w, https:\/\/www.diario5.com.ar\/wp-content\/uploads\/2017\/06\/traslado_arbol1-300x170.jpg 300w, https:\/\/www.diario5.com.ar\/wp-content\/uploads\/2017\/06\/traslado_arbol1-768x435.jpg 768w, https:\/\/www.diario5.com.ar\/wp-content\/uploads\/2017\/06\/traslado_arbol1-400x227.jpg 400w, https:\/\/www.diario5.com.ar\/wp-content\/uploads\/2017\/06\/traslado_arbol1-260x147.jpg 260w, https:\/\/www.diario5.com.ar\/wp-content\/uploads\/2017\/06\/traslado_arbol1-160x91.jpg 160w, https:\/\/www.diario5.com.ar\/wp-content\/uploads\/2017\/06\/traslado_arbol1.jpg 1396w\" sizes=\"(max-width: 528px) 100vw, 528px\" \/><figcaption id=\"caption-attachment-15194\" class=\"wp-caption-text\">Un pino originario de Noruega llega a Immingham, Inglaterra<\/figcaption><\/figure>\n<p>Parece que -a juzgar por los mensajes recibidos en Diario 5, que pronto haremos p\u00fablicos- hay mucho pensamiento antidesarrollo y perdedor en la Argentina, fogoneado\u00a0por personas que consideran que no podemos tener, manejar o mantener\u00a0camiones como los que se muestran en las im\u00e1genes. Pues eso no es verdad. Hay muchos de estos dispositivos especiales en la Argentina. De hecho, hay empresas que se dedican al tema del movimiento de material forestal \u00bfimportar m\u00e1s de ellos? Es dif\u00edcil responder sin inclu\u00edr en la reflexi\u00f3n que se importa tanto producto innecesario que bien valdr\u00eda tener una reserva de camiones \u00fatiles para el traslado de \u00e1rboles y fomentar la construcci\u00f3n de parques forestales urbanos con \u00e1rboles que formaron parte de las calles de la ciudad.<\/p>\n<figure id=\"attachment_15195\" aria-describedby=\"caption-attachment-15195\" style=\"width: 527px\" class=\"wp-caption alignright\"><img decoding=\"async\" loading=\"lazy\" class=\"wp-image-15195\" src=\"http:\/\/diario5.com.ar\/wp-content\/uploads\/2017\/06\/traslado_arbol2-1024x576.jpg\" alt=\"traslado_arbol2\" width=\"527\" height=\"296\" srcset=\"https:\/\/www.diario5.com.ar\/wp-content\/uploads\/2017\/06\/traslado_arbol2-1024x576.jpg 1024w, https:\/\/www.diario5.com.ar\/wp-content\/uploads\/2017\/06\/traslado_arbol2-300x169.jpg 300w, https:\/\/www.diario5.com.ar\/wp-content\/uploads\/2017\/06\/traslado_arbol2-768x432.jpg 768w, https:\/\/www.diario5.com.ar\/wp-content\/uploads\/2017\/06\/traslado_arbol2-400x225.jpg 400w, https:\/\/www.diario5.com.ar\/wp-content\/uploads\/2017\/06\/traslado_arbol2-260x146.jpg 260w, https:\/\/www.diario5.com.ar\/wp-content\/uploads\/2017\/06\/traslado_arbol2-160x90.jpg 160w, https:\/\/www.diario5.com.ar\/wp-content\/uploads\/2017\/06\/traslado_arbol2.jpg 1280w\" sizes=\"(max-width: 527px) 100vw, 527px\" \/><figcaption id=\"caption-attachment-15195\" class=\"wp-caption-text\">La m\u00e1quina est\u00e1 preparada para arrancar el \u00e1rbol completo, sin afectarlo y trasladarlo a un nuevo destino. Y viaja c\u00f3modo.<\/figcaption><\/figure>\n<p>Gracias, tambi\u00e9n a quienes nos estimulan y apoyan en las ideas surgidas desde el coraz\u00f3n del equipo de comunicaciones que incluye la redacci\u00f3n de este medio. Insistimos en que los porte\u00f1os debemos saber diferenciar el cuidado de las tradiciones y los cuidados de las joyas urbanas del criterio de ordenar nuestros objetos, accesorios y adornos en pos de una mejor calidad de vida en la Ciudad de Buenos Aires.<\/p>\n<p>&nbsp;<\/p>\n<figure id=\"attachment_15167\" aria-describedby=\"caption-attachment-15167\" style=\"width: 363px\" class=\"wp-caption alignleft\"><img decoding=\"async\" loading=\"lazy\" class=\"wp-image-15167\" src=\"http:\/\/diario5.com.ar\/wp-content\/uploads\/2017\/06\/Foto3399-1024x768.jpg\" alt=\"Foto3399\" width=\"363\" height=\"272\" srcset=\"https:\/\/www.diario5.com.ar\/wp-content\/uploads\/2017\/06\/Foto3399-1024x768.jpg 1024w, https:\/\/www.diario5.com.ar\/wp-content\/uploads\/2017\/06\/Foto3399-300x225.jpg 300w, https:\/\/www.diario5.com.ar\/wp-content\/uploads\/2017\/06\/Foto3399-768x576.jpg 768w, https:\/\/www.diario5.com.ar\/wp-content\/uploads\/2017\/06\/Foto3399-1536x1152.jpg 1536w, https:\/\/www.diario5.com.ar\/wp-content\/uploads\/2017\/06\/Foto3399-400x300.jpg 400w, https:\/\/www.diario5.com.ar\/wp-content\/uploads\/2017\/06\/Foto3399-260x195.jpg 260w, https:\/\/www.diario5.com.ar\/wp-content\/uploads\/2017\/06\/Foto3399-160x120.jpg 160w, https:\/\/www.diario5.com.ar\/wp-content\/uploads\/2017\/06\/Foto3399.jpg 2048w\" sizes=\"(max-width: 363px) 100vw, 363px\" \/><figcaption id=\"caption-attachment-15167\" class=\"wp-caption-text\">El espacio de tierra, en este caso, es m\u00e1s grande porque las ra\u00edces no permitieron acotarlo. Este \u00e1rbol necesita m\u00e1s terreno sobre la cual expandir su creciente base.<\/figcaption><\/figure>\n<figure id=\"attachment_15170\" aria-describedby=\"caption-attachment-15170\" style=\"width: 360px\" class=\"wp-caption alignleft\"><img decoding=\"async\" loading=\"lazy\" class=\"wp-image-15170\" src=\"http:\/\/diario5.com.ar\/wp-content\/uploads\/2017\/06\/Foto3402-1024x768.jpg\" alt=\"Foto3402\" width=\"360\" height=\"271\" srcset=\"https:\/\/www.diario5.com.ar\/wp-content\/uploads\/2017\/06\/Foto3402-1024x768.jpg 1024w, https:\/\/www.diario5.com.ar\/wp-content\/uploads\/2017\/06\/Foto3402-300x225.jpg 300w, https:\/\/www.diario5.com.ar\/wp-content\/uploads\/2017\/06\/Foto3402-768x576.jpg 768w, https:\/\/www.diario5.com.ar\/wp-content\/uploads\/2017\/06\/Foto3402-1536x1152.jpg 1536w, https:\/\/www.diario5.com.ar\/wp-content\/uploads\/2017\/06\/Foto3402-400x300.jpg 400w, https:\/\/www.diario5.com.ar\/wp-content\/uploads\/2017\/06\/Foto3402-260x195.jpg 260w, https:\/\/www.diario5.com.ar\/wp-content\/uploads\/2017\/06\/Foto3402-160x120.jpg 160w, https:\/\/www.diario5.com.ar\/wp-content\/uploads\/2017\/06\/Foto3402.jpg 2048w\" sizes=\"(max-width: 360px) 100vw, 360px\" \/><figcaption id=\"caption-attachment-15170\" class=\"wp-caption-text\">La idea de trasladar los \u00e1rboles es por su tama\u00f1o y no por el abandono en el que incurren autoridades y vecinos, que bien podr\u00eda ser un motivo que lo justifique.<\/figcaption><\/figure>\n<figure id=\"attachment_15169\" aria-describedby=\"caption-attachment-15169\" style=\"width: 358px\" class=\"wp-caption alignnone\"><img decoding=\"async\" loading=\"lazy\" class=\"wp-image-15169\" src=\"http:\/\/diario5.com.ar\/wp-content\/uploads\/2017\/06\/Foto3401-1024x768.jpg\" alt=\"Foto3401\" width=\"358\" height=\"269\" srcset=\"https:\/\/www.diario5.com.ar\/wp-content\/uploads\/2017\/06\/Foto3401-1024x768.jpg 1024w, https:\/\/www.diario5.com.ar\/wp-content\/uploads\/2017\/06\/Foto3401-300x225.jpg 300w, https:\/\/www.diario5.com.ar\/wp-content\/uploads\/2017\/06\/Foto3401-768x576.jpg 768w, https:\/\/www.diario5.com.ar\/wp-content\/uploads\/2017\/06\/Foto3401-1536x1152.jpg 1536w, https:\/\/www.diario5.com.ar\/wp-content\/uploads\/2017\/06\/Foto3401-400x300.jpg 400w, https:\/\/www.diario5.com.ar\/wp-content\/uploads\/2017\/06\/Foto3401-260x195.jpg 260w, https:\/\/www.diario5.com.ar\/wp-content\/uploads\/2017\/06\/Foto3401-160x120.jpg 160w, https:\/\/www.diario5.com.ar\/wp-content\/uploads\/2017\/06\/Foto3401.jpg 2048w\" sizes=\"(max-width: 358px) 100vw, 358px\" \/><figcaption id=\"caption-attachment-15169\" class=\"wp-caption-text\">Sin palabras.<\/figcaption><\/figure>\n<figure id=\"attachment_15171\" aria-describedby=\"caption-attachment-15171\" style=\"width: 362px\" class=\"wp-caption alignleft\"><img decoding=\"async\" loading=\"lazy\" class=\"wp-image-15171\" src=\"http:\/\/diario5.com.ar\/wp-content\/uploads\/2017\/06\/Foto3403-1024x768.jpg\" alt=\"Foto3403\" width=\"362\" height=\"272\" srcset=\"https:\/\/www.diario5.com.ar\/wp-content\/uploads\/2017\/06\/Foto3403-1024x768.jpg 1024w, https:\/\/www.diario5.com.ar\/wp-content\/uploads\/2017\/06\/Foto3403-300x225.jpg 300w, https:\/\/www.diario5.com.ar\/wp-content\/uploads\/2017\/06\/Foto3403-768x576.jpg 768w, https:\/\/www.diario5.com.ar\/wp-content\/uploads\/2017\/06\/Foto3403-1536x1152.jpg 1536w, https:\/\/www.diario5.com.ar\/wp-content\/uploads\/2017\/06\/Foto3403-400x300.jpg 400w, https:\/\/www.diario5.com.ar\/wp-content\/uploads\/2017\/06\/Foto3403-260x195.jpg 260w, https:\/\/www.diario5.com.ar\/wp-content\/uploads\/2017\/06\/Foto3403-160x120.jpg 160w, https:\/\/www.diario5.com.ar\/wp-content\/uploads\/2017\/06\/Foto3403.jpg 2048w\" sizes=\"(max-width: 362px) 100vw, 362px\" \/><figcaption id=\"caption-attachment-15171\" class=\"wp-caption-text\">La inclinaci\u00f3n del \u00e1rbol apurar\u00e1 el movimiento de la r\u00e1iz. Por ahora, se ve bien. Aunque el \u00e1rbol no est\u00e1 centrado en su miserable espacio de tierra<\/figcaption><\/figure>\n<figure id=\"attachment_15172\" aria-describedby=\"caption-attachment-15172\" style=\"width: 355px\" class=\"wp-caption alignleft\"><img decoding=\"async\" loading=\"lazy\" class=\"wp-image-15172\" src=\"http:\/\/diario5.com.ar\/wp-content\/uploads\/2017\/06\/Foto3404-1024x768.jpg\" alt=\"Foto3404\" width=\"355\" height=\"266\" srcset=\"https:\/\/www.diario5.com.ar\/wp-content\/uploads\/2017\/06\/Foto3404-1024x768.jpg 1024w, https:\/\/www.diario5.com.ar\/wp-content\/uploads\/2017\/06\/Foto3404-300x225.jpg 300w, https:\/\/www.diario5.com.ar\/wp-content\/uploads\/2017\/06\/Foto3404-768x576.jpg 768w, https:\/\/www.diario5.com.ar\/wp-content\/uploads\/2017\/06\/Foto3404-1536x1152.jpg 1536w, https:\/\/www.diario5.com.ar\/wp-content\/uploads\/2017\/06\/Foto3404-400x300.jpg 400w, https:\/\/www.diario5.com.ar\/wp-content\/uploads\/2017\/06\/Foto3404-260x195.jpg 260w, https:\/\/www.diario5.com.ar\/wp-content\/uploads\/2017\/06\/Foto3404-160x120.jpg 160w, https:\/\/www.diario5.com.ar\/wp-content\/uploads\/2017\/06\/Foto3404.jpg 2048w\" sizes=\"(max-width: 355px) 100vw, 355px\" \/><figcaption id=\"caption-attachment-15172\" class=\"wp-caption-text\">La vereda arreglada recientemente disimula la situaci\u00f3n de un tronco cuya ra\u00edz avanza metros, atraviesa ciemientos y afecta las construcciones<\/figcaption><\/figure>\n<p>&nbsp;<\/p>\n<p>&nbsp;<\/p>\n<figure id=\"attachment_15173\" aria-describedby=\"caption-attachment-15173\" style=\"width: 354px\" class=\"wp-caption alignleft\"><img decoding=\"async\" loading=\"lazy\" class=\"wp-image-15173\" src=\"http:\/\/diario5.com.ar\/wp-content\/uploads\/2017\/06\/Foto3405-1024x768.jpg\" alt=\"Foto3405\" width=\"354\" height=\"265\" srcset=\"https:\/\/www.diario5.com.ar\/wp-content\/uploads\/2017\/06\/Foto3405-1024x768.jpg 1024w, https:\/\/www.diario5.com.ar\/wp-content\/uploads\/2017\/06\/Foto3405-300x225.jpg 300w, https:\/\/www.diario5.com.ar\/wp-content\/uploads\/2017\/06\/Foto3405-768x576.jpg 768w, https:\/\/www.diario5.com.ar\/wp-content\/uploads\/2017\/06\/Foto3405-1536x1152.jpg 1536w, https:\/\/www.diario5.com.ar\/wp-content\/uploads\/2017\/06\/Foto3405-400x300.jpg 400w, https:\/\/www.diario5.com.ar\/wp-content\/uploads\/2017\/06\/Foto3405-260x195.jpg 260w, https:\/\/www.diario5.com.ar\/wp-content\/uploads\/2017\/06\/Foto3405-160x120.jpg 160w, https:\/\/www.diario5.com.ar\/wp-content\/uploads\/2017\/06\/Foto3405.jpg 2048w\" sizes=\"(max-width: 354px) 100vw, 354px\" \/><figcaption id=\"caption-attachment-15173\" class=\"wp-caption-text\">Un t\u00edpico caso de \u00abmuralla\u00bb destru\u00edda. Generalmente, este tipo de peque\u00f1as construcciones dura menos demedio a\u00f1o.<\/figcaption><\/figure>\n<p>&nbsp;<\/p>\n<p>&nbsp;<\/p>\n<p>&nbsp;<\/p>\n<p>&nbsp;<\/p>\n<p>&nbsp;<\/p>\n<p>&nbsp;<\/p>\n<p>&nbsp;<\/p>\n<p>&nbsp;<\/p>\n<figure id=\"attachment_15174\" aria-describedby=\"caption-attachment-15174\" style=\"width: 372px\" class=\"wp-caption alignleft\"><img decoding=\"async\" loading=\"lazy\" class=\"wp-image-15174\" src=\"http:\/\/diario5.com.ar\/wp-content\/uploads\/2017\/06\/Foto3406-1024x768.jpg\" alt=\"Foto3406\" width=\"372\" height=\"279\" srcset=\"https:\/\/www.diario5.com.ar\/wp-content\/uploads\/2017\/06\/Foto3406-1024x768.jpg 1024w, https:\/\/www.diario5.com.ar\/wp-content\/uploads\/2017\/06\/Foto3406-300x225.jpg 300w, https:\/\/www.diario5.com.ar\/wp-content\/uploads\/2017\/06\/Foto3406-768x576.jpg 768w, https:\/\/www.diario5.com.ar\/wp-content\/uploads\/2017\/06\/Foto3406-1536x1152.jpg 1536w, https:\/\/www.diario5.com.ar\/wp-content\/uploads\/2017\/06\/Foto3406-400x300.jpg 400w, https:\/\/www.diario5.com.ar\/wp-content\/uploads\/2017\/06\/Foto3406-260x195.jpg 260w, https:\/\/www.diario5.com.ar\/wp-content\/uploads\/2017\/06\/Foto3406-160x120.jpg 160w, https:\/\/www.diario5.com.ar\/wp-content\/uploads\/2017\/06\/Foto3406.jpg 2048w\" sizes=\"(max-width: 372px) 100vw, 372px\" \/><figcaption id=\"caption-attachment-15174\" class=\"wp-caption-text\">Hay que establecer parques forestales y comenzar a trasladar all\u00ed a los \u00e1rboles cuyo registro en el censo ya no los considera aptos para vivir en las veredas<\/figcaption><\/figure>\n<p>&nbsp;<\/p>","protected":false},"excerpt":{"rendered":"<p>Nos encontramos con comentarios por toda v\u00eda en los que nos remarcan y pretenden ense\u00f1ar que los traslados de \u00e1rboles son costosos y complicados. Eso e invitarnos a considerar que la baja calidad de mantenimiento forestal urbano debe envolvernos en la m\u00e1s profunda resignaci\u00f3n, es lo mismo. Primero: Cu\u00e1ntos camiones de traslado de \u00e1rboles vieron [&hellip;]<\/p>","protected":false},"author":1,"featured_media":15195,"comment_status":"open","ping_status":"closed","sticky":false,"template":"","format":"standard","meta":[],"categories":[6],"tags":[],"series":[],"_links":{"self":[{"href":"https:\/\/www.diario5.com.ar\/es\/wp-json\/wp\/v2\/posts\/15192"}],"collection":[{"href":"https:\/\/www.diario5.com.ar\/es\/wp-json\/wp\/v2\/posts"}],"about":[{"href":"https:\/\/www.diario5.com.ar\/es\/wp-json\/wp\/v2\/types\/post"}],"author":[{"embeddable":true,"href":"https:\/\/www.diario5.com.ar\/es\/wp-json\/wp\/v2\/users\/1"}],"replies":[{"embeddable":true,"href":"https:\/\/www.diario5.com.ar\/es\/wp-json\/wp\/v2\/comments?post=15192"}],"version-history":[{"count":7,"href":"https:\/\/www.diario5.com.ar\/es\/wp-json\/wp\/v2\/posts\/15192\/revisions"}],"predecessor-version":[{"id":15202,"href":"https:\/\/www.diario5.com.ar\/es\/wp-json\/wp\/v2\/posts\/15192\/revisions\/15202"}],"wp:featuredmedia":[{"embeddable":true,"href":"https:\/\/www.diario5.com.ar\/es\/wp-json\/wp\/v2\/media\/15195"}],"wp:attachment":[{"href":"https:\/\/www.diario5.com.ar\/es\/wp-json\/wp\/v2\/media?parent=15192"}],"wp:term":[{"taxonomy":"category","embeddable":true,"href":"https:\/\/www.diario5.com.ar\/es\/wp-json\/wp\/v2\/categories?post=15192"},{"taxonomy":"post_tag","embeddable":true,"href":"https:\/\/www.diario5.com.ar\/es\/wp-json\/wp\/v2\/tags?post=15192"},{"taxonomy":"series","embeddable":true,"href":"https:\/\/www.diario5.com.ar\/es\/wp-json\/wp\/v2\/series?post=15192"}],"curies":[{"name":"wp","href":"https:\/\/api.w.org\/{rel}","templated":true}]}}