{"id":15162,"date":"2017-06-13T07:56:45","date_gmt":"2017-06-13T10:56:45","guid":{"rendered":"http:\/\/diario5.com.ar\/?p=15162"},"modified":"2017-06-14T03:01:55","modified_gmt":"2017-06-14T06:01:55","slug":"es-necesario-y-urgente-una-politica-de-reemplazo-de-arboles-urbanos","status":"publish","type":"post","link":"https:\/\/www.diario5.com.ar\/es\/es-necesario-y-urgente-una-politica-de-reemplazo-de-arboles-urbanos\/","title":{"rendered":"Reemplazo de \u00e1rboles"},"content":{"rendered":"<h2 class=\"sub-title-primary\"><\/h2> <figure id=\"attachment_15163\" aria-describedby=\"caption-attachment-15163\" style=\"width: 383px\" class=\"wp-caption alignright\"><img decoding=\"async\" loading=\"lazy\" class=\"wp-image-15163\" src=\"http:\/\/diario5.com.ar\/wp-content\/uploads\/2017\/06\/Foto3395-1024x768.jpg\" alt=\"Foto3395\" width=\"383\" height=\"287\" srcset=\"https:\/\/www.diario5.com.ar\/wp-content\/uploads\/2017\/06\/Foto3395-1024x768.jpg 1024w, https:\/\/www.diario5.com.ar\/wp-content\/uploads\/2017\/06\/Foto3395-300x225.jpg 300w, https:\/\/www.diario5.com.ar\/wp-content\/uploads\/2017\/06\/Foto3395-768x576.jpg 768w, https:\/\/www.diario5.com.ar\/wp-content\/uploads\/2017\/06\/Foto3395-1536x1152.jpg 1536w, https:\/\/www.diario5.com.ar\/wp-content\/uploads\/2017\/06\/Foto3395-400x300.jpg 400w, https:\/\/www.diario5.com.ar\/wp-content\/uploads\/2017\/06\/Foto3395-260x195.jpg 260w, https:\/\/www.diario5.com.ar\/wp-content\/uploads\/2017\/06\/Foto3395-160x120.jpg 160w, https:\/\/www.diario5.com.ar\/wp-content\/uploads\/2017\/06\/Foto3395.jpg 2048w\" sizes=\"(max-width: 383px) 100vw, 383px\" \/><figcaption id=\"caption-attachment-15163\" class=\"wp-caption-text\">El \u00e1rbol no tiene la m\u00e1s m\u00ednima atenci\u00f3n, ocupa lo que puede, levanta baldosas y est\u00e9ticamente ofrece poco.<\/figcaption><\/figure>\n<p>La historia escrita habla de las maravillosas y solidarias plantaciones de peque\u00f1os \u00e1rboles en la Ciudad de Buenos Aires en la Presidencia de Domingo Faustino Sarmiento, etapa en la que a\u00fan no se defin\u00eda la figura de un intendente como autoridad de la Ciudad, aunque exist\u00edan cargos referidos a cuestiones urbanas, ejercidas por funcionarios que respond\u00edan a diversos ministerios nacionales. Divino. Encantadora historia. Pero basta. Aquellos simp\u00e1ticos arbolitos hoy son a\u00f1osos gigantes que exceden toda l\u00f3gica al tratarse de tener que sobrevivir en un peque\u00f1o cuadradito de tierra para que est\u00e9tica de la Ciudad satisfaga caprichosamente a quienes \u00abaman la naturaleza\u00bb. Jam\u00e1s la hipocres\u00eda barri\u00f3\u00a0con tantas estructuras del sentido com\u00fan como en el caso de los \u00e1rboles de Buenos Aires.<\/p>\n<p>&#8211; Los \u00e1rboles inmensos deben ser reemplazados.<\/p>\n<p>&#8211; Qu\u00e9eee?<\/p>\n<p>&#8211; S\u00ed, exactamente eso: reemplazados. Deben ser \u00a0cotejados, registrados y censados.<\/p>\n<p>&#8211; Eeeeh? Un censo de \u00e1rboles?<\/p>\n<p>&#8211; Tal cual. Los \u00e1rboles tienen que tener un registro de posici\u00f3n, tipo de vereda con la que convive, estado general de salud vegetal, dimensi\u00f3n del espacio de tierra que ocupa en la vereda, ancho de la misma y varios detalles m\u00e1s. No es lo mismo un \u00e1rbol gordo y alto en una vereda ancha de una avenida que en una callejuela con vereda de 1 metro de ancho o menos. En realidad hay centenares de elementos que no son iguales entre s\u00ed bajo la misma circunstancia cuando se trata de \u00e1rboles de ciudad.<\/p>\n<figure id=\"attachment_15164\" aria-describedby=\"caption-attachment-15164\" style=\"width: 421px\" class=\"wp-caption alignleft\"><img decoding=\"async\" loading=\"lazy\" class=\"wp-image-15164\" src=\"http:\/\/diario5.com.ar\/wp-content\/uploads\/2017\/06\/Foto3396-1024x768.jpg\" alt=\"Foto3396\" width=\"421\" height=\"316\" srcset=\"https:\/\/www.diario5.com.ar\/wp-content\/uploads\/2017\/06\/Foto3396-1024x768.jpg 1024w, https:\/\/www.diario5.com.ar\/wp-content\/uploads\/2017\/06\/Foto3396-300x225.jpg 300w, https:\/\/www.diario5.com.ar\/wp-content\/uploads\/2017\/06\/Foto3396-768x576.jpg 768w, https:\/\/www.diario5.com.ar\/wp-content\/uploads\/2017\/06\/Foto3396-1536x1152.jpg 1536w, https:\/\/www.diario5.com.ar\/wp-content\/uploads\/2017\/06\/Foto3396-400x300.jpg 400w, https:\/\/www.diario5.com.ar\/wp-content\/uploads\/2017\/06\/Foto3396-260x195.jpg 260w, https:\/\/www.diario5.com.ar\/wp-content\/uploads\/2017\/06\/Foto3396-160x120.jpg 160w, https:\/\/www.diario5.com.ar\/wp-content\/uploads\/2017\/06\/Foto3396.jpg 2048w\" sizes=\"(max-width: 421px) 100vw, 421px\" \/><figcaption id=\"caption-attachment-15164\" class=\"wp-caption-text\">Justo cuando hay un \u00e1rbol aparentemente apto para convivir con el paisaje urbano, lo descuidan con escombros y basura<\/figcaption><\/figure>\n<p>Nos cuentan la historia remarcando la perfecta copia de la belleza parisina que se obten\u00eda -en las cercan\u00edas del Centenario- en las calles porte\u00f1as, tanto por la refinada arquitectura como por la est\u00e9tica obtenida de la combinaci\u00f3n de adoquinados, cordones, boulevares y arbolado urbano.<\/p>\n<figure id=\"attachment_15165\" aria-describedby=\"caption-attachment-15165\" style=\"width: 450px\" class=\"wp-caption alignright\"><img decoding=\"async\" loading=\"lazy\" class=\"wp-image-15165\" src=\"http:\/\/diario5.com.ar\/wp-content\/uploads\/2017\/06\/Foto3397-1024x768.jpg\" alt=\"Foto3397\" width=\"450\" height=\"337\" srcset=\"https:\/\/www.diario5.com.ar\/wp-content\/uploads\/2017\/06\/Foto3397-1024x768.jpg 1024w, https:\/\/www.diario5.com.ar\/wp-content\/uploads\/2017\/06\/Foto3397-300x225.jpg 300w, https:\/\/www.diario5.com.ar\/wp-content\/uploads\/2017\/06\/Foto3397-768x576.jpg 768w, https:\/\/www.diario5.com.ar\/wp-content\/uploads\/2017\/06\/Foto3397-1536x1152.jpg 1536w, https:\/\/www.diario5.com.ar\/wp-content\/uploads\/2017\/06\/Foto3397-400x300.jpg 400w, https:\/\/www.diario5.com.ar\/wp-content\/uploads\/2017\/06\/Foto3397-260x195.jpg 260w, https:\/\/www.diario5.com.ar\/wp-content\/uploads\/2017\/06\/Foto3397-160x120.jpg 160w, https:\/\/www.diario5.com.ar\/wp-content\/uploads\/2017\/06\/Foto3397.jpg 2048w\" sizes=\"(max-width: 450px) 100vw, 450px\" \/><figcaption id=\"caption-attachment-15165\" class=\"wp-caption-text\">Demasiado trabajo da cortar las baldosas para que el \u00e1rbol quede en el centro de su miserable cuadro de tierra<\/figcaption><\/figure>\n<p>Perfecto. Fue hermoso e isnpirador para la Generaci\u00f3n del &#8217;80 y para otros poetas de Buenos Aires de principios del S XX y para, por lo menos, tres generaciones de creadores del tango. Pero hoy todo eso se termin\u00f3 y vamos a dejar en claro por qu\u00e9.<\/p>\n<p>Del mismo modo que la generaci\u00f1on del petr\u00f3leo comenz\u00f3 a dejarle un problema ecol\u00f3gico a las generaciones subsiguientes, los plantadores de \u00e1rboles de fines del Siglo XIX nos tiraron un problema a nosotros. Que nosotros no estemos considerando al problema es problema de otro cap\u00edtulo y de otra sesi\u00f3n con el psic\u00f3logo. Los \u00e1rboles no est\u00e1n preparados para crecer un cuadrado de 60 cm por 60 cm. Apenas le expliquemos a un chico de 5 a\u00f1os el modo en que se expanden las ra\u00edces de un \u00e1rbol, comprender\u00e1 la situaci\u00f3n y terminar\u00e1 por adherirse a la pol\u00edtica de reemplazo permanente.<\/p>\n<p>&#8211; Reemplazo permanente? \u00bfNo ser\u00e1 muy caro?<\/p>\n<p>&#8211; Y eso que no te dije la segunda parte de la soluci\u00f3n, ya que el criterio ecol\u00f3gico no debe perderse: es necesario establecer en Buenos Aires -m\u00e1s precisamente con distribuci\u00f3n en todo el AMBA- varios PARQUES FORESTALES, donde deben se trasladados los \u00e1rboles transplantados.<\/p>\n<figure id=\"attachment_15166\" aria-describedby=\"caption-attachment-15166\" style=\"width: 425px\" class=\"wp-caption alignleft\"><img decoding=\"async\" loading=\"lazy\" class=\"wp-image-15166\" src=\"http:\/\/diario5.com.ar\/wp-content\/uploads\/2017\/06\/Foto3398-1024x768.jpg\" alt=\"Foto3398\" width=\"425\" height=\"319\" srcset=\"https:\/\/www.diario5.com.ar\/wp-content\/uploads\/2017\/06\/Foto3398-1024x768.jpg 1024w, https:\/\/www.diario5.com.ar\/wp-content\/uploads\/2017\/06\/Foto3398-300x225.jpg 300w, https:\/\/www.diario5.com.ar\/wp-content\/uploads\/2017\/06\/Foto3398-768x576.jpg 768w, https:\/\/www.diario5.com.ar\/wp-content\/uploads\/2017\/06\/Foto3398-1536x1152.jpg 1536w, https:\/\/www.diario5.com.ar\/wp-content\/uploads\/2017\/06\/Foto3398-400x300.jpg 400w, https:\/\/www.diario5.com.ar\/wp-content\/uploads\/2017\/06\/Foto3398-260x195.jpg 260w, https:\/\/www.diario5.com.ar\/wp-content\/uploads\/2017\/06\/Foto3398-160x120.jpg 160w, https:\/\/www.diario5.com.ar\/wp-content\/uploads\/2017\/06\/Foto3398.jpg 2048w\" sizes=\"(max-width: 425px) 100vw, 425px\" \/><figcaption id=\"caption-attachment-15166\" class=\"wp-caption-text\">Un caso de buena onda y prolijidad. Pero \u00bfCu\u00e1nto cree el creativo constructor de la muralla que rodea al no centrado tronco que tardar\u00e1n las ra\u00edces en resquebrajar todo? Es muy chico el espacio.<\/figcaption><\/figure>\n<p>Las ra\u00edces de los \u00e1rboles est\u00e1n causando problemas a miles de construcciones, en su mayor\u00eda viviendas, en \u00a0Buenos Aires y nos estamos haciendo los est\u00fapidos en nombre de querer \u00abcuidar los arbolitos\u00bb que nos dejaron Sarmiento y sus amigos, que disfrutaron de una Buenos Aires hermosa, limpia, prolija y ordenada. Las fotograf\u00edas que aqu\u00ed publicamos dejan en claro que si a Sarmiento\u00a0y \u00a0alos intedendentes que sucedieron a Torcuato de Alvear les hubieran mostrado alg\u00fan gr\u00e1fico que les hicieran saber de antemano lo que hoy son las veredas porte\u00f1as con esos acachivachados pobres troncos, jam\u00e1s habr\u00edan decidido forestar la ciudad.<\/p>\n<p>&nbsp;<\/p>\n<p>&nbsp;<\/p>\n<p>&nbsp;<\/p>\n<p>&nbsp;<\/p>\n<p>&nbsp;<\/p>\n<p>&nbsp;<\/p>","protected":false},"excerpt":{"rendered":"<p>La historia escrita habla de las maravillosas y solidarias plantaciones de peque\u00f1os \u00e1rboles en la Ciudad de Buenos Aires en la Presidencia de Domingo Faustino Sarmiento, etapa en la que a\u00fan no se defin\u00eda la figura de un intendente como autoridad de la Ciudad, aunque exist\u00edan cargos referidos a cuestiones urbanas, ejercidas por funcionarios que [&hellip;]<\/p>","protected":false},"author":1,"featured_media":15174,"comment_status":"open","ping_status":"closed","sticky":false,"template":"","format":"standard","meta":[],"categories":[1],"tags":[],"series":[],"_links":{"self":[{"href":"https:\/\/www.diario5.com.ar\/es\/wp-json\/wp\/v2\/posts\/15162"}],"collection":[{"href":"https:\/\/www.diario5.com.ar\/es\/wp-json\/wp\/v2\/posts"}],"about":[{"href":"https:\/\/www.diario5.com.ar\/es\/wp-json\/wp\/v2\/types\/post"}],"author":[{"embeddable":true,"href":"https:\/\/www.diario5.com.ar\/es\/wp-json\/wp\/v2\/users\/1"}],"replies":[{"embeddable":true,"href":"https:\/\/www.diario5.com.ar\/es\/wp-json\/wp\/v2\/comments?post=15162"}],"version-history":[{"count":11,"href":"https:\/\/www.diario5.com.ar\/es\/wp-json\/wp\/v2\/posts\/15162\/revisions"}],"predecessor-version":[{"id":15191,"href":"https:\/\/www.diario5.com.ar\/es\/wp-json\/wp\/v2\/posts\/15162\/revisions\/15191"}],"wp:featuredmedia":[{"embeddable":true,"href":"https:\/\/www.diario5.com.ar\/es\/wp-json\/wp\/v2\/media\/15174"}],"wp:attachment":[{"href":"https:\/\/www.diario5.com.ar\/es\/wp-json\/wp\/v2\/media?parent=15162"}],"wp:term":[{"taxonomy":"category","embeddable":true,"href":"https:\/\/www.diario5.com.ar\/es\/wp-json\/wp\/v2\/categories?post=15162"},{"taxonomy":"post_tag","embeddable":true,"href":"https:\/\/www.diario5.com.ar\/es\/wp-json\/wp\/v2\/tags?post=15162"},{"taxonomy":"series","embeddable":true,"href":"https:\/\/www.diario5.com.ar\/es\/wp-json\/wp\/v2\/series?post=15162"}],"curies":[{"name":"wp","href":"https:\/\/api.w.org\/{rel}","templated":true}]}}