{"id":15108,"date":"2017-06-10T06:10:16","date_gmt":"2017-06-10T09:10:16","guid":{"rendered":"http:\/\/diario5.com.ar\/?p=15108"},"modified":"2017-06-10T00:48:53","modified_gmt":"2017-06-10T03:48:53","slug":"feria-del-productor-al-consumidor-en-agronomia","status":"publish","type":"post","link":"https:\/\/www.diario5.com.ar\/es\/feria-del-productor-al-consumidor-en-agronomia\/","title":{"rendered":"Feria del Productor al Consumidor en Agronom\u00eda"},"content":{"rendered":"<h2 class=\"sub-title-primary\"><\/h2> <figure id=\"attachment_15109\" aria-describedby=\"caption-attachment-15109\" style=\"width: 605px\" class=\"wp-caption alignright\"><img decoding=\"async\" loading=\"lazy\" class=\"wp-image-15109\" src=\"http:\/\/diario5.com.ar\/wp-content\/uploads\/2017\/06\/feria_productor-1.jpg\" alt=\"Si el d\u00eda acompa\u00f1a, la feria puede estar muy concurrida. Foto:\" width=\"605\" height=\"405\" srcset=\"https:\/\/www.diario5.com.ar\/wp-content\/uploads\/2017\/06\/feria_productor-1.jpg 471w, https:\/\/www.diario5.com.ar\/wp-content\/uploads\/2017\/06\/feria_productor-1-300x201.jpg 300w, https:\/\/www.diario5.com.ar\/wp-content\/uploads\/2017\/06\/feria_productor-1-400x268.jpg 400w, https:\/\/www.diario5.com.ar\/wp-content\/uploads\/2017\/06\/feria_productor-1-260x174.jpg 260w, https:\/\/www.diario5.com.ar\/wp-content\/uploads\/2017\/06\/feria_productor-1-160x107.jpg 160w\" sizes=\"(max-width: 605px) 100vw, 605px\" \/><figcaption id=\"caption-attachment-15109\" class=\"wp-caption-text\">Si el d\u00eda acompa\u00f1a, la feria puede estar muy concurrida. Foto: centroculturalcoop<\/figcaption><\/figure>\n<p>Luego de dos meses, hoy y ma\u00f1ana se presenta nuevamente en la Facultad de Agronom\u00eda de la Universidad de Buenos Aires (FAUBA), la Feria del Productor al Consumidor, en la que la comercializaci\u00f3n de productos naturales y frescos se complementa con talleres y espect\u00e1culos. Estar\u00e1 activa de 10.00 a 18.00, en Avenida San Mart\u00edn y Nogoy\u00e1. Tambi\u00e9n hay acceso por Av. de los Constituyentes y Av. Beiro. Gratis.<\/p>\n<p>La Feria del Productor al Consumidor en la FAUBA trae grandes propuestas gastron\u00f3micas, con productos tradicionales, con eventos especiales y mucha promesa de pasar una tarde diferente.<\/p>\n<p>Unos 120 productores se hacen presentes ofreciendo todo tipo de productos vegetales de primera calidad, sin temor a error, dada la competitividad que ellos mismo se han plateado desde las primeras ediciones. Se los conoce como parte de la tendencia a la econom\u00eda social y solidaria y comercio justo. Toda esta oferta se suma a un espacio verde que quienes lo tiene cerca son blanco de la envidia de otros porte\u00f1os y bonaerenses. Naturalmente los productos protagonistas por excelencia de este encuentro son las frutas y las verduras Pero tambi\u00e9n convocan por su calidad y precio las yerbas org\u00e1nicas, las mieles y tomates envasados de diferentes regiones del pa\u00eds.<\/p>\n<p><img decoding=\"async\" loading=\"lazy\" class=\"wp-image-15110 alignleft\" src=\"http:\/\/diario5.com.ar\/wp-content\/uploads\/2017\/06\/Feria_productor-2.jpg\" alt=\"Feria_productor-2\" width=\"562\" height=\"208\" srcset=\"https:\/\/www.diario5.com.ar\/wp-content\/uploads\/2017\/06\/Feria_productor-2.jpg 600w, https:\/\/www.diario5.com.ar\/wp-content\/uploads\/2017\/06\/Feria_productor-2-300x111.jpg 300w, https:\/\/www.diario5.com.ar\/wp-content\/uploads\/2017\/06\/Feria_productor-2-400x148.jpg 400w, https:\/\/www.diario5.com.ar\/wp-content\/uploads\/2017\/06\/Feria_productor-2-260x96.jpg 260w, https:\/\/www.diario5.com.ar\/wp-content\/uploads\/2017\/06\/Feria_productor-2-160x59.jpg 160w\" sizes=\"(max-width: 562px) 100vw, 562px\" \/>Se ofrecen bebidas artesanales como las infaltables cervezas, licores sorprendentes y vinos caseros.\u00a0Hay leches veganas, panificados y productos de artesanos independientes\u00a0 y org\u00e1nicos. Se pueden conseguir plantines y semillas agroecol\u00f3gicas. Pero hay un sector que acumula durante todo el d\u00eda a todos aquellos que se jactan de su condici\u00f3n de sibaritas y marcados por el buen paladar: la variedad de conservas y quesos, los dulces y mermeladas especiales y caseras, los frutos secos y los hongos.<\/p>\n<p><img decoding=\"async\" loading=\"lazy\" class=\"alignnone wp-image-15118 alignright\" src=\"http:\/\/diario5.com.ar\/wp-content\/uploads\/2017\/06\/piripi-mafias1.jpg\" alt=\"piripi-mafias1\" width=\"267\" height=\"186\" border=\"3\" srcset=\"https:\/\/www.diario5.com.ar\/wp-content\/uploads\/2017\/06\/piripi-mafias1.jpg 383w, https:\/\/www.diario5.com.ar\/wp-content\/uploads\/2017\/06\/piripi-mafias1-300x209.jpg 300w, https:\/\/www.diario5.com.ar\/wp-content\/uploads\/2017\/06\/piripi-mafias1-260x181.jpg 260w, https:\/\/www.diario5.com.ar\/wp-content\/uploads\/2017\/06\/piripi-mafias1-160x112.jpg 160w\" sizes=\"(max-width: 267px) 100vw, 267px\" \/>Se hacen necesarias esta ferias y eventos especiales, tomando en cuenta la a\u00fan preocupante tasa de inflaci\u00f3n. Incluso deber\u00e1n ser tomadas en cuenta, a\u00fan si se produjera un mecanismo exitoso contra los aumentos de precios, dado que la poblaci\u00f3n de m\u00e1s bajos recursos no podr\u00e1 recuperarse con facilidad, ni mucho menos, en un corto plazo. Ser\u00e1n bienvenidas las ferias en las que los productores le ofrezcan sus productos a los consumidores, especialmente en las grandes ciudades.<em><br \/>\n<\/em><\/p>\n<p>Ubicaci\u00f3n.<\/p>\n<p><iframe loading=\"lazy\" style=\"border: 0;\" src=\"https:\/\/www.google.com\/maps\/embed?pb=!1m18!1m12!1m3!1d3284.4166369131963!2d-58.48587078472658!3d-34.59362466447122!2m3!1f0!2f0!3f0!3m2!1i1024!2i768!4f13.1!3m3!1m2!1s0x95bcb6183490f471%3A0xf3b02e2cac3987de!2sFacultad+de+Agronom%C3%ADa+-+UBA!5e0!3m2!1ses-419!2sar!4v1497061493992\" width=\"750\" height=\"560\" frameborder=\"0\" allowfullscreen=\"allowfullscreen\"><\/iframe><\/p>","protected":false},"excerpt":{"rendered":"<p>Luego de dos meses, hoy y ma\u00f1ana se presenta nuevamente en la Facultad de Agronom\u00eda de la Universidad de Buenos Aires (FAUBA), la Feria del Productor al Consumidor, en la que la comercializaci\u00f3n de productos naturales y frescos se complementa con talleres y espect\u00e1culos. Estar\u00e1 activa de 10.00 a 18.00, en Avenida San Mart\u00edn y [&hellip;]<\/p>","protected":false},"author":1,"featured_media":15118,"comment_status":"open","ping_status":"closed","sticky":false,"template":"","format":"standard","meta":[],"categories":[20],"tags":[],"series":[],"_links":{"self":[{"href":"https:\/\/www.diario5.com.ar\/es\/wp-json\/wp\/v2\/posts\/15108"}],"collection":[{"href":"https:\/\/www.diario5.com.ar\/es\/wp-json\/wp\/v2\/posts"}],"about":[{"href":"https:\/\/www.diario5.com.ar\/es\/wp-json\/wp\/v2\/types\/post"}],"author":[{"embeddable":true,"href":"https:\/\/www.diario5.com.ar\/es\/wp-json\/wp\/v2\/users\/1"}],"replies":[{"embeddable":true,"href":"https:\/\/www.diario5.com.ar\/es\/wp-json\/wp\/v2\/comments?post=15108"}],"version-history":[{"count":14,"href":"https:\/\/www.diario5.com.ar\/es\/wp-json\/wp\/v2\/posts\/15108\/revisions"}],"predecessor-version":[{"id":15132,"href":"https:\/\/www.diario5.com.ar\/es\/wp-json\/wp\/v2\/posts\/15108\/revisions\/15132"}],"wp:featuredmedia":[{"embeddable":true,"href":"https:\/\/www.diario5.com.ar\/es\/wp-json\/wp\/v2\/media\/15118"}],"wp:attachment":[{"href":"https:\/\/www.diario5.com.ar\/es\/wp-json\/wp\/v2\/media?parent=15108"}],"wp:term":[{"taxonomy":"category","embeddable":true,"href":"https:\/\/www.diario5.com.ar\/es\/wp-json\/wp\/v2\/categories?post=15108"},{"taxonomy":"post_tag","embeddable":true,"href":"https:\/\/www.diario5.com.ar\/es\/wp-json\/wp\/v2\/tags?post=15108"},{"taxonomy":"series","embeddable":true,"href":"https:\/\/www.diario5.com.ar\/es\/wp-json\/wp\/v2\/series?post=15108"}],"curies":[{"name":"wp","href":"https:\/\/api.w.org\/{rel}","templated":true}]}}