{"id":15044,"date":"2017-06-06T06:41:55","date_gmt":"2017-06-06T09:41:55","guid":{"rendered":"http:\/\/diario5.com.ar\/?p=15044"},"modified":"2017-06-06T13:18:17","modified_gmt":"2017-06-06T16:18:17","slug":"operativo-frio-2017","status":"publish","type":"post","link":"https:\/\/www.diario5.com.ar\/es\/operativo-frio-2017\/","title":{"rendered":"Operativo Fr\u00edo 2017"},"content":{"rendered":"<h2 class=\"sub-title-primary\"><\/h2> <figure id=\"attachment_15045\" aria-describedby=\"caption-attachment-15045\" style=\"width: 598px\" class=\"wp-caption alignright\"><img decoding=\"async\" loading=\"lazy\" class=\"wp-image-15045\" src=\"http:\/\/diario5.com.ar\/wp-content\/uploads\/2017\/06\/operativofrio-1024x530.jpg\" alt=\"Durante el invierno habr\u00e1 una mayor atenci\u00f3n a la alimentaci\u00f3n de las personas en situaci\u00f3n de calle\" width=\"598\" height=\"310\" srcset=\"https:\/\/www.diario5.com.ar\/wp-content\/uploads\/2017\/06\/operativofrio-1024x530.jpg 1024w, https:\/\/www.diario5.com.ar\/wp-content\/uploads\/2017\/06\/operativofrio-300x155.jpg 300w, https:\/\/www.diario5.com.ar\/wp-content\/uploads\/2017\/06\/operativofrio-768x397.jpg 768w, https:\/\/www.diario5.com.ar\/wp-content\/uploads\/2017\/06\/operativofrio-400x207.jpg 400w, https:\/\/www.diario5.com.ar\/wp-content\/uploads\/2017\/06\/operativofrio-260x135.jpg 260w, https:\/\/www.diario5.com.ar\/wp-content\/uploads\/2017\/06\/operativofrio-160x83.jpg 160w, https:\/\/www.diario5.com.ar\/wp-content\/uploads\/2017\/06\/operativofrio.jpg 1515w\" sizes=\"(max-width: 598px) 100vw, 598px\" \/><figcaption id=\"caption-attachment-15045\" class=\"wp-caption-text\">Durante el invierno habr\u00e1 una mayor atenci\u00f3n a la alimentaci\u00f3n de las personas en situaci\u00f3n de calle<\/figcaption><\/figure>\n<p>Una iniciativa del gobierno porte\u00f1o busca asistir a las personas en situaci\u00f3n de calle o en emergencia social ante las bajas temperaturas.<\/p>\n<div class=\"panel-separator\">\u00a0Se llama Operativo Fr\u00edo 2017 y lo present\u00f3 Rodr\u00edguez Larreta con su equipo de prensa.<\/p>\n<p>El Jefe de Gobierno dice que existe una solidaridad que permite que estas personas en estado de vulnerabilidad alt\u00edsimo, puedan paliar la dolorosa situaci\u00f3n. La verdad es que la expresi\u00f3n de Horacio Rodr\u00edguez Larreta se encierra en un callej\u00f3n angosto y la referencia termina recayendo en peque\u00f1os grupos, lamentablemente. Lo que es comprobadamente cierto es que a\u00fan existe una minor\u00eda que se hace valer, pone mucho de s\u00ed, es organizada, trabajadora y muestra el camino de solidaridad que deber\u00eda seguir la masa. Pero cuando se trata de dar lectura a la actitud generalizada de la sociedad ante los vulnerables, los resultados son pobres.<\/p>\n<p>Ahora, cuando el titular del ejecutivo porte\u00f1o\u00a0destaca \u00abla solidaridad que se refleja en el accionar no s\u00f3lo oficial sino tambi\u00e9n de las distintas organizaciones que participan\u00bb, le damos la derecha. \u00bfqu\u00e9 observamos, entonces? que bien podr\u00eda el argentino merdio ingresar -desde jove, por ejemplo- a las filas de las organizaciones solidarias para elevar, en uno o dos puntitos, sus niveles de interacci\u00f3n humana.<\/p>\n<p>La cuesti\u00f3n es que la Ciudad pretende incrementar y fortalecer su capacidad de responder ante situaciones tan penosas como la que deben atravesar las personas desprovistas de un hogar donde refugiarse con las bajas temperaturas.<\/p>\n<p>La presentaci\u00f3n del Operativo Fr\u00edo 2017 se hizo en Parque Rivadavia. All\u00ed funciona un centro log\u00edstico\u00a0desde el que se maneja el sistema de ayuda a\u00a0las personas que se encuentran en situaci\u00f3n de calle. Estuvieron \u00a0la ministra de Desarrollo Humano y H\u00e1bitat, Guadalupe Tagliaferri y el subsecretario de Fortalecimiento Familiar y Comunitario, Maximiliano Corach<\/p>\n<p>Lo importante que Rodr\u00edguez Larreta hizo notar es la cobertura total en CABA de este programa. Remarc\u00f3 que se atiende a gente en todos lados, a la que primero se le acercan los asistentes y trabajadores sociales de los equipos de trabajo y se los trata de convencer para que pasen la noche a los paradores, ya que es conocido que muchas personas se niegan a ingresar en los refugios colectivos de ayeda. Por lo que dijo el Jefe de Gobierno, para los casos en que las personas no quieren ir a los paradores, se les provee de\u00a0una comida caliente y de una frazada. De todos modos, en la medida en que quienes lo necesitan se organizan para acercarse a los lugares en que se los puede asistir, se evitan problemas mayores al paso de las horas y los d\u00edas de mucho fr\u00edo.<\/p>","protected":false},"excerpt":{"rendered":"<p>Una iniciativa del gobierno porte\u00f1o busca asistir a las personas en situaci\u00f3n de calle o en emergencia social ante las bajas temperaturas. \u00a0Se llama Operativo Fr\u00edo 2017 y lo present\u00f3 Rodr\u00edguez Larreta con su equipo de prensa. El Jefe de Gobierno dice que existe una solidaridad que permite que estas personas en estado de vulnerabilidad [&hellip;]<\/p>","protected":false},"author":1,"featured_media":15045,"comment_status":"open","ping_status":"closed","sticky":false,"template":"","format":"standard","meta":[],"categories":[1],"tags":[],"series":[],"_links":{"self":[{"href":"https:\/\/www.diario5.com.ar\/es\/wp-json\/wp\/v2\/posts\/15044"}],"collection":[{"href":"https:\/\/www.diario5.com.ar\/es\/wp-json\/wp\/v2\/posts"}],"about":[{"href":"https:\/\/www.diario5.com.ar\/es\/wp-json\/wp\/v2\/types\/post"}],"author":[{"embeddable":true,"href":"https:\/\/www.diario5.com.ar\/es\/wp-json\/wp\/v2\/users\/1"}],"replies":[{"embeddable":true,"href":"https:\/\/www.diario5.com.ar\/es\/wp-json\/wp\/v2\/comments?post=15044"}],"version-history":[{"count":3,"href":"https:\/\/www.diario5.com.ar\/es\/wp-json\/wp\/v2\/posts\/15044\/revisions"}],"predecessor-version":[{"id":15074,"href":"https:\/\/www.diario5.com.ar\/es\/wp-json\/wp\/v2\/posts\/15044\/revisions\/15074"}],"wp:featuredmedia":[{"embeddable":true,"href":"https:\/\/www.diario5.com.ar\/es\/wp-json\/wp\/v2\/media\/15045"}],"wp:attachment":[{"href":"https:\/\/www.diario5.com.ar\/es\/wp-json\/wp\/v2\/media?parent=15044"}],"wp:term":[{"taxonomy":"category","embeddable":true,"href":"https:\/\/www.diario5.com.ar\/es\/wp-json\/wp\/v2\/categories?post=15044"},{"taxonomy":"post_tag","embeddable":true,"href":"https:\/\/www.diario5.com.ar\/es\/wp-json\/wp\/v2\/tags?post=15044"},{"taxonomy":"series","embeddable":true,"href":"https:\/\/www.diario5.com.ar\/es\/wp-json\/wp\/v2\/series?post=15044"}],"curies":[{"name":"wp","href":"https:\/\/api.w.org\/{rel}","templated":true}]}}