{"id":14961,"date":"2017-06-02T08:39:06","date_gmt":"2017-06-02T11:39:06","guid":{"rendered":"http:\/\/diario5.com.ar\/?p=14961"},"modified":"2017-06-02T01:13:36","modified_gmt":"2017-06-02T04:13:36","slug":"atencion-a-mascotas-en-villa-luro-y-saavedra","status":"publish","type":"post","link":"https:\/\/www.diario5.com.ar\/es\/atencion-a-mascotas-en-villa-luro-y-saavedra\/","title":{"rendered":"Atenci\u00f3n a mascotas"},"content":{"rendered":"<h2 class=\"sub-title-primary\"><\/h2> <figure id=\"attachment_14963\" aria-describedby=\"caption-attachment-14963\" style=\"width: 518px\" class=\"wp-caption alignleft\"><img decoding=\"async\" loading=\"lazy\" class=\"wp-image-14963\" src=\"http:\/\/diario5.com.ar\/wp-content\/uploads\/2017\/06\/Foto3037-1024x768.jpg\" alt=\"Poldy, miembro de Diario 5.\" width=\"518\" height=\"388\" srcset=\"https:\/\/www.diario5.com.ar\/wp-content\/uploads\/2017\/06\/Foto3037-1024x768.jpg 1024w, https:\/\/www.diario5.com.ar\/wp-content\/uploads\/2017\/06\/Foto3037-300x225.jpg 300w, https:\/\/www.diario5.com.ar\/wp-content\/uploads\/2017\/06\/Foto3037-768x576.jpg 768w, https:\/\/www.diario5.com.ar\/wp-content\/uploads\/2017\/06\/Foto3037-1536x1152.jpg 1536w, https:\/\/www.diario5.com.ar\/wp-content\/uploads\/2017\/06\/Foto3037-400x300.jpg 400w, https:\/\/www.diario5.com.ar\/wp-content\/uploads\/2017\/06\/Foto3037-260x195.jpg 260w, https:\/\/www.diario5.com.ar\/wp-content\/uploads\/2017\/06\/Foto3037-160x120.jpg 160w, https:\/\/www.diario5.com.ar\/wp-content\/uploads\/2017\/06\/Foto3037.jpg 2048w\" sizes=\"(max-width: 518px) 100vw, 518px\" \/><figcaption id=\"caption-attachment-14963\" class=\"wp-caption-text\">Poldy, miembro de Diario 5, frente al Centro de Trasbordo Constituci\u00f3n<\/figcaption><\/figure>\n<p>Hoy,\u00a0viernes 2 de junio, de 08.15 a 14.30 las personas que vivan en la zona de Villa Luro, podr\u00e1n llevar sus mascotas para una atenci\u00f3n gratuita veterinaria en forma especial. En el caso del servicio previsto para los vecinos del barrio de Villa Luro (atenci\u00f3n residentes en las zonas de Liniers, Floresta y Versailles) el centro de atenci\u00f3n se montar\u00e1 en la\u00a0Sub sede de la Comuna 10, en Avenida Rivadavia 9345, mientras que est\u00e1 previsto que los vecinos de Saavedra puedan llevar sus mascotas al\u00a0Club Cerini, en Arias 4745.<\/p>\n<figure id=\"attachment_14974\" aria-describedby=\"caption-attachment-14974\" style=\"width: 359px\" class=\"wp-caption alignright\"><img decoding=\"async\" loading=\"lazy\" class=\"wp-image-14974\" src=\"http:\/\/diario5.com.ar\/wp-content\/uploads\/2017\/06\/mascotas2.jpg\" alt=\"M\u00f3vil Veterinario\" width=\"359\" height=\"239\" srcset=\"https:\/\/www.diario5.com.ar\/wp-content\/uploads\/2017\/06\/mascotas2.jpg 700w, https:\/\/www.diario5.com.ar\/wp-content\/uploads\/2017\/06\/mascotas2-300x200.jpg 300w, https:\/\/www.diario5.com.ar\/wp-content\/uploads\/2017\/06\/mascotas2-400x267.jpg 400w, https:\/\/www.diario5.com.ar\/wp-content\/uploads\/2017\/06\/mascotas2-260x173.jpg 260w, https:\/\/www.diario5.com.ar\/wp-content\/uploads\/2017\/06\/mascotas2-160x107.jpg 160w\" sizes=\"(max-width: 359px) 100vw, 359px\" \/><figcaption id=\"caption-attachment-14974\" class=\"wp-caption-text\">M\u00f3vil Veterinario<\/figcaption><\/figure>\n<p>Est\u00e1 previsto que\u00a0los M\u00f3viles Veterinarios realicen atenciones cl\u00ednicas y den turnos para castraciones. El Gobierno de la Ciudad est\u00e1 promoviendo tambi\u00e9n la concurrencia a los centros fijos de Villa Soldati, Lacarra 3400, que atiende los martes y los viernes, como as\u00ed tambi\u00e9n el de Costanera Sur, Avenida Espa\u00f1a 1550-1600, casi junto a la Fuente de Lola Mora, que recibe perros y gatos los lunes, mi\u00e9rcoles y jueves. Gratis, de 08.30 a 14.30.<\/p>\n<figure id=\"attachment_14973\" aria-describedby=\"caption-attachment-14973\" style=\"width: 570px\" class=\"wp-caption alignleft\"><img decoding=\"async\" loading=\"lazy\" class=\"wp-image-14973\" src=\"http:\/\/diario5.com.ar\/wp-content\/uploads\/2017\/06\/mascotas1.jpg\" alt=\"Asistencia a mascotas en Centros fijos. Costanera Sur.\" width=\"570\" height=\"322\" srcset=\"https:\/\/www.diario5.com.ar\/wp-content\/uploads\/2017\/06\/mascotas1.jpg 960w, https:\/\/www.diario5.com.ar\/wp-content\/uploads\/2017\/06\/mascotas1-300x169.jpg 300w, https:\/\/www.diario5.com.ar\/wp-content\/uploads\/2017\/06\/mascotas1-768x433.jpg 768w, https:\/\/www.diario5.com.ar\/wp-content\/uploads\/2017\/06\/mascotas1-400x225.jpg 400w, https:\/\/www.diario5.com.ar\/wp-content\/uploads\/2017\/06\/mascotas1-260x147.jpg 260w, https:\/\/www.diario5.com.ar\/wp-content\/uploads\/2017\/06\/mascotas1-160x90.jpg 160w\" sizes=\"(max-width: 570px) 100vw, 570px\" \/><figcaption id=\"caption-attachment-14973\" class=\"wp-caption-text\">Asistencia a mascotas en Centros fijos. Costanera Sur.<\/figcaption><\/figure>\n<p>Recoleta, Flores y Parque Avellaneda han sido los \u00faltimos barrios a los que se acerc\u00f3 el programa de atenci\u00f3n de mascotas. El GCBA insiste en estos planes en pos de\u00a0promover el respeto y el cuidado a mascotas, por lo que se realiza este servicio gratuito de castraciones y atenci\u00f3n cl\u00ednica veterinaria.<\/p>\n<p>La organizaci\u00f3n gubernamental que lleva adelante este programa de trabajo se denomina <em>Mascotas de la Ciudad<\/em> y trabaja con cuatro unidades m\u00f3viles para desarrollar la atenci\u00f3n en las 15 comunas porte\u00f1as, con una\u00a0programaci\u00f3n rotativa de fechas de visitas a los barrios y, en lo posible, cambiando el punto de convocatoria cada vez.<\/p>\n<p>La castraci\u00f3n, colabora con la reproducci\u00f3n acotada y aporta a\u00a0un control de la poblaci\u00f3n animal en la ciudad -como en el resto de la argentina- por un est\u00e1ndar \u00f3ptimo de salud animal, evitando la proliferaci\u00f3n de animales abandonados y sin atenci\u00f3n, que sufren una enorme cantidad de riesgos en s\u00ed mismos y conforman un peligro para los conocidos grupos de riesgo, es decir, personas mayores o con enfermedades sensibles y ni\u00f1os.<\/p>","protected":false},"excerpt":{"rendered":"<p>Hoy,\u00a0viernes 2 de junio, de 08.15 a 14.30 las personas que vivan en la zona de Villa Luro, podr\u00e1n llevar sus mascotas para una atenci\u00f3n gratuita veterinaria en forma especial. En el caso del servicio previsto para los vecinos del barrio de Villa Luro (atenci\u00f3n residentes en las zonas de Liniers, Floresta y Versailles) el [&hellip;]<\/p>","protected":false},"author":1,"featured_media":14974,"comment_status":"open","ping_status":"closed","sticky":false,"template":"","format":"standard","meta":[],"categories":[1],"tags":[],"series":[],"_links":{"self":[{"href":"https:\/\/www.diario5.com.ar\/es\/wp-json\/wp\/v2\/posts\/14961"}],"collection":[{"href":"https:\/\/www.diario5.com.ar\/es\/wp-json\/wp\/v2\/posts"}],"about":[{"href":"https:\/\/www.diario5.com.ar\/es\/wp-json\/wp\/v2\/types\/post"}],"author":[{"embeddable":true,"href":"https:\/\/www.diario5.com.ar\/es\/wp-json\/wp\/v2\/users\/1"}],"replies":[{"embeddable":true,"href":"https:\/\/www.diario5.com.ar\/es\/wp-json\/wp\/v2\/comments?post=14961"}],"version-history":[{"count":17,"href":"https:\/\/www.diario5.com.ar\/es\/wp-json\/wp\/v2\/posts\/14961\/revisions"}],"predecessor-version":[{"id":14987,"href":"https:\/\/www.diario5.com.ar\/es\/wp-json\/wp\/v2\/posts\/14961\/revisions\/14987"}],"wp:featuredmedia":[{"embeddable":true,"href":"https:\/\/www.diario5.com.ar\/es\/wp-json\/wp\/v2\/media\/14974"}],"wp:attachment":[{"href":"https:\/\/www.diario5.com.ar\/es\/wp-json\/wp\/v2\/media?parent=14961"}],"wp:term":[{"taxonomy":"category","embeddable":true,"href":"https:\/\/www.diario5.com.ar\/es\/wp-json\/wp\/v2\/categories?post=14961"},{"taxonomy":"post_tag","embeddable":true,"href":"https:\/\/www.diario5.com.ar\/es\/wp-json\/wp\/v2\/tags?post=14961"},{"taxonomy":"series","embeddable":true,"href":"https:\/\/www.diario5.com.ar\/es\/wp-json\/wp\/v2\/series?post=14961"}],"curies":[{"name":"wp","href":"https:\/\/api.w.org\/{rel}","templated":true}]}}