{"id":14777,"date":"2019-09-29T08:42:09","date_gmt":"2019-09-29T11:42:09","guid":{"rendered":"http:\/\/diario5.com.ar\/?p=14777"},"modified":"2021-02-04T15:17:20","modified_gmt":"2021-02-04T18:17:20","slug":"vehiculos-en-las-veredas","status":"publish","type":"post","link":"https:\/\/www.diario5.com.ar\/es\/vehiculos-en-las-veredas\/","title":{"rendered":"Veh\u00edculos en las veredas"},"content":{"rendered":"<h2 class=\"sub-title-primary\"><\/h2> <figure id=\"attachment_14785\" aria-describedby=\"caption-attachment-14785\" style=\"width: 598px\" class=\"wp-caption alignright\"><img decoding=\"async\" loading=\"lazy\" class=\"wp-image-14785\" src=\"http:\/\/diario5.com.ar\/wp-content\/uploads\/2017\/05\/vehiculoenvereda1.jpg\" alt=\"vehiculoenvereda1\" width=\"598\" height=\"401\" srcset=\"https:\/\/www.diario5.com.ar\/wp-content\/uploads\/2017\/05\/vehiculoenvereda1.jpg 768w, https:\/\/www.diario5.com.ar\/wp-content\/uploads\/2017\/05\/vehiculoenvereda1-300x201.jpg 300w, https:\/\/www.diario5.com.ar\/wp-content\/uploads\/2017\/05\/vehiculoenvereda1-400x268.jpg 400w, https:\/\/www.diario5.com.ar\/wp-content\/uploads\/2017\/05\/vehiculoenvereda1-260x174.jpg 260w, https:\/\/www.diario5.com.ar\/wp-content\/uploads\/2017\/05\/vehiculoenvereda1-160x107.jpg 160w\" sizes=\"(max-width: 598px) 100vw, 598px\" \/><figcaption id=\"caption-attachment-14785\" class=\"wp-caption-text\">Existe una costumbre de \u00abextender el garaje\u00bb que no representa una buena pauta de convivencia<\/figcaption><\/figure>\n<p>Existen normativas urbanas para que los frentistas que tienen garajes est\u00e9n protegidos&nbsp;por la ley, en general cuando se trata de que no les ocupen el espacio frente a su entrada de veh\u00edculos, por otros automotores. Est\u00e1 claro que si alg\u00fan conductor infringe esa norma, dif\u00edcil ser\u00eda&nbsp;actuar de inmediato si el autom\u00f3vil invasor no puede ser empujado.<\/p>\n<p>Pero existe un caso de infracci\u00f3n, proveniente del exacto rev\u00e9s del que acabamos de plantear. Se trata del descuidado posicionamiento de veh\u00edculos sobre la vereda, muchas veces a medio ingresar en su propio garaje, de tal modo que ocupen perpendicularmente, al paso de las personas, la totalidad de su ruta.<\/p>\n<figure id=\"attachment_14786\" aria-describedby=\"caption-attachment-14786\" style=\"width: 473px\" class=\"wp-caption alignleft\"><img decoding=\"async\" loading=\"lazy\" class=\"wp-image-14786\" src=\"http:\/\/diario5.com.ar\/wp-content\/uploads\/2017\/05\/vehiculoenvereda2.jpg\" alt=\"vehiculoenvereda2\" width=\"473\" height=\"333\" srcset=\"https:\/\/www.diario5.com.ar\/wp-content\/uploads\/2017\/05\/vehiculoenvereda2.jpg 484w, https:\/\/www.diario5.com.ar\/wp-content\/uploads\/2017\/05\/vehiculoenvereda2-300x211.jpg 300w, https:\/\/www.diario5.com.ar\/wp-content\/uploads\/2017\/05\/vehiculoenvereda2-400x282.jpg 400w, https:\/\/www.diario5.com.ar\/wp-content\/uploads\/2017\/05\/vehiculoenvereda2-260x183.jpg 260w, https:\/\/www.diario5.com.ar\/wp-content\/uploads\/2017\/05\/vehiculoenvereda2-160x113.jpg 160w\" sizes=\"(max-width: 473px) 100vw, 473px\" \/><figcaption id=\"caption-attachment-14786\" class=\"wp-caption-text\">No hay espacio para el paso de peatones.<\/figcaption><\/figure>\n<p>Es curioso observar y comprobar c\u00f3mo demuestran estos amantes de sus veh\u00edculos y odiosos de las personas que no les interesa absolutamente nada a la hora de dejar demostrado que est\u00e1n realmente molestando a la gente en la vereda, mientras lavan o limpian su veh\u00edculo o, simplemente, lo dejan ah\u00ed, detenido, mientras esperan a otra persona o s\u00f3lo lo hacen con el deseo de demostrar que quieren hacerlo y exhibir su poder ante los vecinos y frente a quien sea. Muchas veces, estos impresentables hasta tienen argumentos que justifican su actitud, por ejemplo, que estar esperando la salida de una persona enferma desde adentro de la casa para trasladarla de inmediato.<br \/>\nEn las reuniones con los vecinos, el vicejefe de Gobierno de la Ciudad de Buenos Aires, Diego Santilli, suele escuchar reclamos de esta caracter\u00edstica y situaciones parecidas. Santilli remarca que se trata de problemas de convivencia, elementos que pueden ser corregidos al paso del tiempo, en la medida en que se vaya fomentando, por imitaci\u00f3n, una conducta superadora. Si bien la teor\u00eda del jefe de la legislatura porte\u00f1a es interesante y pasible englobarse en f\u00f3rmulas que apunten a elevar el nivel de calidad en cuanto a la convivencia entre todos, no vendr\u00eda nada mal tener tambi\u00e9n una normativa \u201ccumplible\u201d para las personas que, apelando a su m\u00e1ximo nivel de desconsideraci\u00f3n, entorpecen con sus veh\u00edculos el paso natural de los peatones por la vereda.<\/p>","protected":false},"excerpt":{"rendered":"<p>Existen normativas urbanas para que los frentistas que tienen garajes est\u00e9n protegidos&nbsp;por la ley, en general cuando se trata de que no les ocupen el espacio frente a su entrada de veh\u00edculos, por otros automotores. Est\u00e1 claro que si alg\u00fan conductor infringe esa norma, dif\u00edcil ser\u00eda&nbsp;actuar de inmediato si el autom\u00f3vil invasor no puede ser [&hellip;]<\/p>","protected":false},"author":4,"featured_media":622495,"comment_status":"open","ping_status":"closed","sticky":false,"template":"","format":"standard","meta":[],"categories":[75,1],"tags":[],"series":[],"_links":{"self":[{"href":"https:\/\/www.diario5.com.ar\/es\/wp-json\/wp\/v2\/posts\/14777"}],"collection":[{"href":"https:\/\/www.diario5.com.ar\/es\/wp-json\/wp\/v2\/posts"}],"about":[{"href":"https:\/\/www.diario5.com.ar\/es\/wp-json\/wp\/v2\/types\/post"}],"author":[{"embeddable":true,"href":"https:\/\/www.diario5.com.ar\/es\/wp-json\/wp\/v2\/users\/4"}],"replies":[{"embeddable":true,"href":"https:\/\/www.diario5.com.ar\/es\/wp-json\/wp\/v2\/comments?post=14777"}],"version-history":[{"count":7,"href":"https:\/\/www.diario5.com.ar\/es\/wp-json\/wp\/v2\/posts\/14777\/revisions"}],"predecessor-version":[{"id":613147,"href":"https:\/\/www.diario5.com.ar\/es\/wp-json\/wp\/v2\/posts\/14777\/revisions\/613147"}],"wp:featuredmedia":[{"embeddable":true,"href":"https:\/\/www.diario5.com.ar\/es\/wp-json\/wp\/v2\/media\/622495"}],"wp:attachment":[{"href":"https:\/\/www.diario5.com.ar\/es\/wp-json\/wp\/v2\/media?parent=14777"}],"wp:term":[{"taxonomy":"category","embeddable":true,"href":"https:\/\/www.diario5.com.ar\/es\/wp-json\/wp\/v2\/categories?post=14777"},{"taxonomy":"post_tag","embeddable":true,"href":"https:\/\/www.diario5.com.ar\/es\/wp-json\/wp\/v2\/tags?post=14777"},{"taxonomy":"series","embeddable":true,"href":"https:\/\/www.diario5.com.ar\/es\/wp-json\/wp\/v2\/series?post=14777"}],"curies":[{"name":"wp","href":"https:\/\/api.w.org\/{rel}","templated":true}]}}