{"id":14709,"date":"2019-10-07T08:24:49","date_gmt":"2019-10-07T11:24:49","guid":{"rendered":"http:\/\/diario5.com.ar\/?p=14709"},"modified":"2019-10-08T23:26:17","modified_gmt":"2019-10-09T02:26:17","slug":"el-problema-porteno-de-las-palomas","status":"publish","type":"post","link":"https:\/\/www.diario5.com.ar\/es\/el-problema-porteno-de-las-palomas\/","title":{"rendered":"El problema porte\u00f1o de las palomas"},"content":{"rendered":"<h2 class=\"sub-title-primary\"><\/h2> <p><img decoding=\"async\" loading=\"lazy\" class=\"wp-image-14710\" src=\"http:\/\/diario5.com.ar\/wp-content\/uploads\/2017\/05\/Foto3128-1024x768.jpg\" alt=\"Humberto I al 1900. No te preocupes, paloma, no hay p\u00e1jaros en el nido La vida no perdona y yo, paloma infiel, prefiero estar contigo y no morir con \u00e9l. Las piedras, jam\u00e1s, paloma... qu\u00e9 van a saber de amores De mis ocultos amores, Paloma, te contar\u00eda. Se equivoc\u00f3 la paloma, se equivocaba pobre tonto...ingenuo y charlat\u00e1n...que fui Paloma...por querer ser Gavil\u00e1n \" width=\"5\" height=\"4\" srcset=\"https:\/\/www.diario5.com.ar\/wp-content\/uploads\/2017\/05\/Foto3128-1024x768.jpg 1024w, https:\/\/www.diario5.com.ar\/wp-content\/uploads\/2017\/05\/Foto3128-300x225.jpg 300w, https:\/\/www.diario5.com.ar\/wp-content\/uploads\/2017\/05\/Foto3128-150x150.jpg 150w, https:\/\/www.diario5.com.ar\/wp-content\/uploads\/2017\/05\/Foto3128-768x576.jpg 768w, https:\/\/www.diario5.com.ar\/wp-content\/uploads\/2017\/05\/Foto3128-1536x1152.jpg 1536w, https:\/\/www.diario5.com.ar\/wp-content\/uploads\/2017\/05\/Foto3128-400x300.jpg 400w, https:\/\/www.diario5.com.ar\/wp-content\/uploads\/2017\/05\/Foto3128-260x195.jpg 260w, https:\/\/www.diario5.com.ar\/wp-content\/uploads\/2017\/05\/Foto3128-160x120.jpg 160w, https:\/\/www.diario5.com.ar\/wp-content\/uploads\/2017\/05\/Foto3128.jpg 2048w\" sizes=\"(max-width: 5px) 100vw, 5px\" \/><\/p>\n<figure id=\"attachment_14710\" aria-describedby=\"caption-attachment-14710\" style=\"width: 598px\" class=\"wp-caption alignright\"><img decoding=\"async\" loading=\"lazy\" class=\"wp-image-14710\" src=\"http:\/\/diario5.com.ar\/wp-content\/uploads\/2017\/05\/Foto3128-1024x768.jpg\" alt=\"Humberto I al 1900. No te preocupes, paloma, no hay p\u00e1jaros en el nido La vida no perdona y yo, paloma infiel, prefiero estar contigo y no morir con \u00e9l. Las piedras, jam\u00e1s, paloma... qu\u00e9 van a saber de amores De mis ocultos amores, Paloma, te contar\u00eda. Se equivoc\u00f3 la paloma, se equivocaba pobre tonto...ingenuo y charlat\u00e1n...que fui Paloma...por querer ser Gavil\u00e1n \" width=\"598\" height=\"449\" srcset=\"https:\/\/www.diario5.com.ar\/wp-content\/uploads\/2017\/05\/Foto3128-1024x768.jpg 1024w, https:\/\/www.diario5.com.ar\/wp-content\/uploads\/2017\/05\/Foto3128-300x225.jpg 300w, https:\/\/www.diario5.com.ar\/wp-content\/uploads\/2017\/05\/Foto3128-768x576.jpg 768w, https:\/\/www.diario5.com.ar\/wp-content\/uploads\/2017\/05\/Foto3128-1536x1152.jpg 1536w, https:\/\/www.diario5.com.ar\/wp-content\/uploads\/2017\/05\/Foto3128-400x300.jpg 400w, https:\/\/www.diario5.com.ar\/wp-content\/uploads\/2017\/05\/Foto3128-260x195.jpg 260w, https:\/\/www.diario5.com.ar\/wp-content\/uploads\/2017\/05\/Foto3128-160x120.jpg 160w, https:\/\/www.diario5.com.ar\/wp-content\/uploads\/2017\/05\/Foto3128.jpg 2048w\" sizes=\"(max-width: 598px) 100vw, 598px\" \/><figcaption id=\"caption-attachment-14710\" class=\"wp-caption-text\">Humberto I al 1900.<br \/>No te preocupes, paloma, no hay p\u00e1jaros en el nido<br \/>La vida no perdona y yo, paloma infiel, prefiero estar contigo y no morir con \u00e9l.<br \/>Las piedras, jam\u00e1s, paloma&#8230; qu\u00e9 van a saber de amores<br \/>De mis ocultos amores, Paloma, te contar\u00eda.<br \/>Se equivoc\u00f3 la paloma, se equivocaba<br \/>pobre tonto&#8230;ingenuo y charlat\u00e1n&#8230;que fui Paloma&#8230;por querer ser Gavil\u00e1n<\/figcaption><\/figure>\n<p>Existe una extra\u00f1a divisi\u00f3n entre los vecinos de la ciudad de buenos aires que fomentan la proliferaci\u00f3n de palomas y quienes est\u00e1n absolutamente en contra. Tomando en cuenta que cada vez que las palomas han generado inconvenientes a nivel urbano nos hemos encontrado con que hab\u00edan sido declaradas plaga, esa <em>grieta<\/em> se vuelca a favor de quienes permanentemente est\u00e1n atentos al cuidado de la salud y la calidad de vida de la poblaci\u00f3n, por lo que no es dif\u00edcil deducir que la mayor\u00eda de los porte\u00f1os est\u00e1 en contra de la reproducci\u00f3n indiscriminada y el andar y volar descontrolados de la \u201cColumbia Livia\u201d, la m\u00e1s com\u00fan de las palomas de las metr\u00f3polis.<\/p>\n<p>Lejos quedaron los tiempos de valoraci\u00f3n sobre estas aves, de las que muchos europeos inmigrantes fueron, al paso del tiempo, develando t\u00e9cnicas y secretos para su uso como mensajeras. Eran los tiempos de los palomares. A prop\u00f3sito de ello, la localidad de El Palomar, debe su nombre a la construcci\u00f3n de uno de ellos, por orden de Diego Casero, due\u00f1o \u2013en tiempos de la colonia- del predio que actualmente ocupa el Colegio Militar de la Naci\u00f3n. En la imagen se ve su gigantismo y su dise\u00f1o.<\/p>\n<p>Las palomas se adaptan con facilidad al medio ambiente del hombre y encuentran facilidad para establecer sus nidos, especialmente en construcciones y dotadas de turgencias, molduras y todo tipo de escalonamiento o ahuecamiento, dinteles, volutas, capiteles y m\u00faltiples recursos arquitect\u00f3nicos de construcci\u00f3n que abren el camino a la nidificaci\u00f3n y de los que en una Ciudad como Buenos Aires, hay \u2013podr\u00eda decirse- millones.<\/p>\n<figure id=\"attachment_14711\" aria-describedby=\"caption-attachment-14711\" style=\"width: 641px\" class=\"wp-caption alignleft\"><img decoding=\"async\" loading=\"lazy\" class=\"wp-image-14711\" src=\"http:\/\/diario5.com.ar\/wp-content\/uploads\/2017\/05\/palomar-Colegio_Militar.jpg\" alt=\"Palomar de Diego Casero, Colegio Militar de la Naci\u00f3n, El Palomar, Provincia de Buenos Aires.\" width=\"641\" height=\"290\" srcset=\"https:\/\/www.diario5.com.ar\/wp-content\/uploads\/2017\/05\/palomar-Colegio_Militar.jpg 730w, https:\/\/www.diario5.com.ar\/wp-content\/uploads\/2017\/05\/palomar-Colegio_Militar-300x136.jpg 300w, https:\/\/www.diario5.com.ar\/wp-content\/uploads\/2017\/05\/palomar-Colegio_Militar-400x181.jpg 400w, https:\/\/www.diario5.com.ar\/wp-content\/uploads\/2017\/05\/palomar-Colegio_Militar-260x118.jpg 260w, https:\/\/www.diario5.com.ar\/wp-content\/uploads\/2017\/05\/palomar-Colegio_Militar-160x72.jpg 160w\" sizes=\"(max-width: 641px) 100vw, 641px\" \/><figcaption id=\"caption-attachment-14711\" class=\"wp-caption-text\">Palomar de Diego Casero, Colegio Militar de la Naci\u00f3n, El Palomar, Provincia de Buenos Aires.<\/figcaption><\/figure>\n<p>El control de las plagas colombinas es una de los medidas necesarias y pedidas por los porte\u00f1os para evitar la propagaci\u00f3n de enfermedades. Los desechos de las palomas &nbsp;provocan m\u00e1s de 40 enfermedades: &nbsp;coccidiosis aviar, histoplasmosis, criptococcosis, pseudotuberculosis y toxoplasmosis, como las m\u00e1s alertantes. Aparte, pueden ser &nbsp;portadoras de los llamados <em>ectopar\u00e1sitos externos<\/em>, los que, a su vez transmiten potencialmente enfermedades al hombre y a animales dom\u00e9sticos: son los \u00e1caros, las garrapatas, la sarnilla, los piojos, las&nbsp; vinchucas y las chinches.<\/p>\n<p>Por otro lado el excremento de las palomas es corrosivo deteriora techos, frentes y laterales de edificios. Las palomas han causado centenares de problemas de gravedad en ca\u00f1er\u00edas de desag\u00fce, cloacas, redes telef\u00f3nicas y equipos de amplificaci\u00f3n de redes de internet y TV por cable. Uno de los pedidos de service que forma parte del men\u00fa entre los t\u00e9cnicos para aire acondicionado es el relacionado con un problema causado por palomas.<\/p>\n<p>Monumentos, estatuas, indicadores de calles, accesorios de los parques, juegos para chicos en las plazas, todo lo que sea ruta de palomas, ser\u00e1 arruinado.<\/p>\n<p>Existen algunos productos para ahuyentarlas, sin mayor afecci\u00f3n para estas simp\u00e1ticas y devastadoras aves. Suelen ser efectivas si hay palomas anidando en un balc\u00f3n o a punto de hacerlo. Quienes compren el producto antes que otro balconista, las har\u00e1 emigrar de departamento. \u00bfQu\u00e9 otra cosa podr\u00eda hacer el productito qu\u00edmico?<\/p>\n<p>Pocas son las personas que se animan a tocar este tema frente a las autoridades cuando hay reuniones de vecinos. Los otros sienten verg\u00fcenza por considerar que la cuesti\u00f3n est\u00e1 desjerarquizada frente al tr\u00e1fico de drogas, la inseguridad o el costo de vida.<\/p>\n<p>Las palomas, en Plaza Congreso, Plaza de Mayo, Facultad de Derecho, terminales ferroviarias y par\u00e1 de contar. Hay que erradicar<\/p>","protected":false},"excerpt":{"rendered":"<p>Existe una extra\u00f1a divisi\u00f3n entre los vecinos de la ciudad de buenos aires que fomentan la proliferaci\u00f3n de palomas y quienes est\u00e1n absolutamente en contra. Tomando en cuenta que cada vez que las palomas han generado inconvenientes a nivel urbano nos hemos encontrado con que hab\u00edan sido declaradas plaga, esa grieta se vuelca a favor [&hellip;]<\/p>","protected":false},"author":3,"featured_media":14711,"comment_status":"open","ping_status":"closed","sticky":false,"template":"","format":"standard","meta":[],"categories":[1],"tags":[],"series":[],"_links":{"self":[{"href":"https:\/\/www.diario5.com.ar\/es\/wp-json\/wp\/v2\/posts\/14709"}],"collection":[{"href":"https:\/\/www.diario5.com.ar\/es\/wp-json\/wp\/v2\/posts"}],"about":[{"href":"https:\/\/www.diario5.com.ar\/es\/wp-json\/wp\/v2\/types\/post"}],"author":[{"embeddable":true,"href":"https:\/\/www.diario5.com.ar\/es\/wp-json\/wp\/v2\/users\/3"}],"replies":[{"embeddable":true,"href":"https:\/\/www.diario5.com.ar\/es\/wp-json\/wp\/v2\/comments?post=14709"}],"version-history":[{"count":10,"href":"https:\/\/www.diario5.com.ar\/es\/wp-json\/wp\/v2\/posts\/14709\/revisions"}],"predecessor-version":[{"id":613150,"href":"https:\/\/www.diario5.com.ar\/es\/wp-json\/wp\/v2\/posts\/14709\/revisions\/613150"}],"wp:featuredmedia":[{"embeddable":true,"href":"https:\/\/www.diario5.com.ar\/es\/wp-json\/wp\/v2\/media\/14711"}],"wp:attachment":[{"href":"https:\/\/www.diario5.com.ar\/es\/wp-json\/wp\/v2\/media?parent=14709"}],"wp:term":[{"taxonomy":"category","embeddable":true,"href":"https:\/\/www.diario5.com.ar\/es\/wp-json\/wp\/v2\/categories?post=14709"},{"taxonomy":"post_tag","embeddable":true,"href":"https:\/\/www.diario5.com.ar\/es\/wp-json\/wp\/v2\/tags?post=14709"},{"taxonomy":"series","embeddable":true,"href":"https:\/\/www.diario5.com.ar\/es\/wp-json\/wp\/v2\/series?post=14709"}],"curies":[{"name":"wp","href":"https:\/\/api.w.org\/{rel}","templated":true}]}}