{"id":12246,"date":"2017-04-12T22:02:04","date_gmt":"2017-04-13T01:02:04","guid":{"rendered":"http:\/\/diario5.com.ar\/?p=12246"},"modified":"2022-08-05T23:52:44","modified_gmt":"2022-08-06T02:52:44","slug":"semana-santa-flores-y-el-circuito-papal","status":"publish","type":"post","link":"https:\/\/www.diario5.com.ar\/es\/semana-santa-flores-y-el-circuito-papal\/","title":{"rendered":"Semana Santa, Flores y el Circuito Papal"},"content":{"rendered":"<h2 class=\"sub-title-primary\"><\/h2> <figure id=\"attachment_12261\" aria-describedby=\"caption-attachment-12261\" style=\"width: 612px\" class=\"wp-caption alignleft\"><img decoding=\"async\" loading=\"lazy\" class=\"alignnone size-full wp-image-656175\" src=\"https:\/\/www.diario5.com.ar\/wp-content\/uploads\/2022\/08\/papafrancisco320220805.jpg\" width=\"612\" height=\"344\" alt=\"Semana Santa, Flores y el Circuito Papal\" title=\"Semana Santa, Flores y el Circuito Papal\" srcset=\"https:\/\/www.diario5.com.ar\/wp-content\/uploads\/2022\/08\/papafrancisco320220805.jpg 612w, https:\/\/www.diario5.com.ar\/wp-content\/uploads\/2022\/08\/papafrancisco320220805-300x169.jpg 300w\" sizes=\"(max-width: 612px) 100vw, 612px\" \/><figcaption id=\"caption-attachment-12261\" class=\"wp-caption-text\">Bus utilizado para el recorrido<\/figcaption><\/figure>\n<p>En la idea intencional de poder abarcar al Papa junto a lo propio\u00a0o sentirlo m\u00e1s cercano, mientras en la regi\u00f3n se lo identifica como \u201clatinoamericano\u201d, en el Uruguay como \u201crioplatense\u201d y en la toda la Argentina, como argentino, parece ser que en las cercan\u00edas de la Plaza Pueyrred\u00f3n se lo llama \u201cel Papa de Flores\u201d. M\u00e1s all\u00e1 del derecho natural que asiste a cualquier paisano de asociar a un coterr\u00e1neo con su pueblo, sale a relucir una escena que no ubica a los florenses como cultores del acervo cultural de su populoso barrio, am\u00e9n de que cualquier disparador del orgullo les venga de perillas.<\/p>\n<p>Cuenta Franco Rivara, mago y t\u00e9cnico telef\u00f3nico, supervisor en EnTel, que en el recordado <em>T\u00edo Fritz<\/em>, de Artigas y Bacacay, \u201clos empleados de una casa de iluminaci\u00f3n cercana, tres piojitos pseudoresucitados que, alrededor de una mesa de ochava, puteaban al gobierno de Alfons\u00edn por la hiperinflaci\u00f3n (que provoc\u00f3 el poder financiero) y, esperanzados \u2013vaya a saber en base a qu\u00e9- con el entonces casi seguro futuro gobierno de Menem, se miraron unos a otros cuando les mostr\u00e9 el libro Cr\u00f3nicas del \u00c1ngel Gris\u201d. A destacar por Rivara, \u201clos tres proyectos de yuppie\u201d le respondieron que no ten\u00edan idea de qui\u00e9n era Alejandro Dolina. El memorioso Franco asegura haber escuchado c\u00f3mo uno de estos mismos personajes, de apellido Corvi cinco a\u00f1os m\u00e1s tarde, en 1994, desplegaba su histrionismo para contarle a todo el que quisiera o\u00edr, las maravillosas historias de Manuel Mandeb, justamente llamado \u201cel pol\u00edgrafo de la calle Artigas\u201d. El detalle -seg\u00fan Franco Rivara- era que Corvi\u00a0s\u00f3lo contaba esa historia en bares alejados a Flores, como \u00abEl Coleccionista\u00bb, de Rivadavia esquina Florencio Balcarce, frente al <em>Parque Rivadavia<\/em>, al que Rivara identifica como \u00abParque Lezica\u00bb (nombre usado por la mayor\u00eda de los amantes del <em>Rock Sinf\u00f3nico<\/em> en los a\u00f1os &#8217;70). Franco asegura y perjura que -al igual que los que se llenan la boca hablando de la patria chica del Papa- la actitud de Corvi era m\u00e1s fanfarroner\u00eda que orgullo por su barrio.<\/p>\n<figure id=\"attachment_12260\" aria-describedby=\"caption-attachment-12260\" style=\"width: 553px\" class=\"wp-caption alignright\"><img decoding=\"async\" loading=\"lazy\" class=\"alignnone size-full wp-image-656176\" src=\"https:\/\/www.diario5.com.ar\/wp-content\/uploads\/2022\/08\/papafrancisco2-1024x57020220805-1.jpg\" width=\"1024\" height=\"570\" alt=\"Semana Santa, Flores y el Circuito Papal\" title=\"Semana Santa, Flores y el Circuito Papal\" srcset=\"https:\/\/www.diario5.com.ar\/wp-content\/uploads\/2022\/08\/papafrancisco2-1024x57020220805-1.jpg 1024w, https:\/\/www.diario5.com.ar\/wp-content\/uploads\/2022\/08\/papafrancisco2-1024x57020220805-1-300x167.jpg 300w, https:\/\/www.diario5.com.ar\/wp-content\/uploads\/2022\/08\/papafrancisco2-1024x57020220805-1-768x428.jpg 768w\" sizes=\"(max-width: 1024px) 100vw, 1024px\" \/><figcaption id=\"caption-attachment-12260\" class=\"wp-caption-text\">Placa en Flores. Recorriendo el barrio, resulta curioso encontrar tanta gente que dice haber conocido a la Familia Bergoglio, incluso desde los tiempos de juventud del Padre Jorge.<\/figcaption><\/figure>\n<p>El bus para realizar el Circuito Papal est\u00e1 disponible los jueves, viernes, s\u00e1bados y domingos a las 09.00 y a las 15.00. Es gratuito, con inscripci\u00f3n previa, no se suspende por lluvia y dura tres horas. Los escenarios de la vida Papa en Flores, en Devoto, en Centro y en Monserrat, forman parte del recorrido, que abarca\u00a0su ni\u00f1ez en el barrio de Flores, la Catedral Metropolitana,\u00a0la c\u00e1rcel de Devoto, donde Francisco, siendo el arzobispo Bergoglio, los Jueves Santo, Celebraba la Misa de la Cena del Se\u00f1or y hac\u00eda el lavado de pies a los internos.<\/p>\n<p>La condici\u00f3n de simpatizante del Club Atl\u00e9tico San Lorenzo de Almagro, a pesar de haber sido ya demasiado manipulada y manoseada (parecer\u00eda que a ciertas personas les interesa m\u00e1s eso que la vida pastoral de un sacerdote de carrera) tiene un efecto significativo, que lo confirma como una persona con aut\u00e9ntico arraigo porte\u00f1o y ajeno a lo vulgar que implica inclinarse por alguna de las entidades ribere\u00f1as.<\/p>","protected":false},"excerpt":{"rendered":"<p>En la idea intencional de poder abarcar al Papa junto a lo propio\u00a0o sentirlo m\u00e1s cercano, mientras en la regi\u00f3n se lo identifica como \u201clatinoamericano\u201d, en el Uruguay como \u201crioplatense\u201d y en la toda la Argentina, como argentino, parece ser que en las cercan\u00edas de la Plaza Pueyrred\u00f3n se lo llama \u201cel Papa de Flores\u201d. [&hellip;]<\/p>","protected":false},"author":4,"featured_media":656175,"comment_status":"open","ping_status":"open","sticky":false,"template":"","format":"standard","meta":[],"categories":[75,1],"tags":[],"series":[],"_links":{"self":[{"href":"https:\/\/www.diario5.com.ar\/es\/wp-json\/wp\/v2\/posts\/12246"}],"collection":[{"href":"https:\/\/www.diario5.com.ar\/es\/wp-json\/wp\/v2\/posts"}],"about":[{"href":"https:\/\/www.diario5.com.ar\/es\/wp-json\/wp\/v2\/types\/post"}],"author":[{"embeddable":true,"href":"https:\/\/www.diario5.com.ar\/es\/wp-json\/wp\/v2\/users\/4"}],"replies":[{"embeddable":true,"href":"https:\/\/www.diario5.com.ar\/es\/wp-json\/wp\/v2\/comments?post=12246"}],"version-history":[{"count":8,"href":"https:\/\/www.diario5.com.ar\/es\/wp-json\/wp\/v2\/posts\/12246\/revisions"}],"predecessor-version":[{"id":656177,"href":"https:\/\/www.diario5.com.ar\/es\/wp-json\/wp\/v2\/posts\/12246\/revisions\/656177"}],"wp:featuredmedia":[{"embeddable":true,"href":"https:\/\/www.diario5.com.ar\/es\/wp-json\/wp\/v2\/media\/656175"}],"wp:attachment":[{"href":"https:\/\/www.diario5.com.ar\/es\/wp-json\/wp\/v2\/media?parent=12246"}],"wp:term":[{"taxonomy":"category","embeddable":true,"href":"https:\/\/www.diario5.com.ar\/es\/wp-json\/wp\/v2\/categories?post=12246"},{"taxonomy":"post_tag","embeddable":true,"href":"https:\/\/www.diario5.com.ar\/es\/wp-json\/wp\/v2\/tags?post=12246"},{"taxonomy":"series","embeddable":true,"href":"https:\/\/www.diario5.com.ar\/es\/wp-json\/wp\/v2\/series?post=12246"}],"curies":[{"name":"wp","href":"https:\/\/api.w.org\/{rel}","templated":true}]}}