{"id":11712,"date":"2017-03-24T23:39:01","date_gmt":"2017-03-25T02:39:01","guid":{"rendered":"http:\/\/diario5.com.ar\/?p=11712"},"modified":"2017-03-24T23:56:11","modified_gmt":"2017-03-25T02:56:11","slug":"feria-de-cocina-francesa-le-marche","status":"publish","type":"post","link":"https:\/\/www.diario5.com.ar\/es\/feria-de-cocina-francesa-le-marche\/","title":{"rendered":"Feria de cocina francesa Le March\u00e9"},"content":{"rendered":"<h2 class=\"sub-title-primary\"><\/h2> <p><strong>Plaza Francia ser\u00e1 el escenario de Le March\u00e9<\/strong>, conocida feria de cocina francesa tendr\u00e1 lugar este fin de semana entre las 12.00 y las 19.00 en<\/p>\n<p>Se podr\u00e1 conocer la forma de preparar y degustar\u00a0profiteroles, quiches, croissants, croque-monsieur, mostazas, cr\u00eapes raclette, cr\u00e8me br\u00fbl\u00e9e, tarte tatin, macarons, \u00a0\u00e9clairs, for\u00eat noire, terinas, brioche de salm\u00f3n, quesos artesanales, brie trufado, pains au chocolat, mermeladas y tantos platos clasicos y de vanguardia de los que no es necesario ahondar para comprender que desde Francia, la gastronom\u00eda siempre busc\u00f3 sorprender, innovar e imponer.<\/p>\n<p>Chez Lucas y Laety, de Mar del Plata, \u00a0Fleur de Sel de Belgrano  y Chomnalez Catering\u00a0de Palermo Chico son anunciados como los stands m\u00e1s esperados \u00a0y mucho m\u00e1s.<\/p>\n<p>Como siempre, habr\u00f1a m\u00fasica en vivo y habr\u00e1 juegos y actividades para chicos. Se destacar\u00e1 la participaci\u00f3n de Guijuana de Arte, cuyos artistas pintar\u00e1n en vivo durante las jornadas de feria.\u00a0Plaza Francia tieme su acceso por\u00a0Avenida Del Libertador y Avenida Pueyrred\u00f3n, por Jun\u00edn y Quintana o \u00a0desde el Cementerio de la Recoleta.<\/p>\n<p><img decoding=\"async\" loading=\"lazy\" src=\"http:\/\/diario5.com.ar\/wp-content\/uploads\/2017\/03\/cocina-francesa.png\" alt=\"\" width=\"980\" height=\"400\" \/><\/p>\n<div><\/div>\n<p><!-- Check out http:\/\/reactandshare.com --><\/p>","protected":false},"excerpt":{"rendered":"<p>Plaza Francia ser\u00e1 el escenario de Le March\u00e9, conocida feria de cocina francesa tendr\u00e1 lugar este fin de semana entre las 12.00 y las 19.00 en Se podr\u00e1 conocer la forma de preparar y degustar\u00a0profiteroles, quiches, croissants, croque-monsieur, mostazas, cr\u00eapes raclette, cr\u00e8me br\u00fbl\u00e9e, tarte tatin, macarons, \u00a0\u00e9clairs, for\u00eat noire, terinas, brioche de salm\u00f3n, quesos artesanales, [&hellip;]<\/p>","protected":false},"author":8,"featured_media":11713,"comment_status":"closed","ping_status":"closed","sticky":false,"template":"","format":"standard","meta":[],"categories":[7],"tags":[],"series":[],"_links":{"self":[{"href":"https:\/\/www.diario5.com.ar\/es\/wp-json\/wp\/v2\/posts\/11712"}],"collection":[{"href":"https:\/\/www.diario5.com.ar\/es\/wp-json\/wp\/v2\/posts"}],"about":[{"href":"https:\/\/www.diario5.com.ar\/es\/wp-json\/wp\/v2\/types\/post"}],"author":[{"embeddable":true,"href":"https:\/\/www.diario5.com.ar\/es\/wp-json\/wp\/v2\/users\/8"}],"replies":[{"embeddable":true,"href":"https:\/\/www.diario5.com.ar\/es\/wp-json\/wp\/v2\/comments?post=11712"}],"version-history":[{"count":3,"href":"https:\/\/www.diario5.com.ar\/es\/wp-json\/wp\/v2\/posts\/11712\/revisions"}],"predecessor-version":[{"id":11869,"href":"https:\/\/www.diario5.com.ar\/es\/wp-json\/wp\/v2\/posts\/11712\/revisions\/11869"}],"wp:featuredmedia":[{"embeddable":true,"href":"https:\/\/www.diario5.com.ar\/es\/wp-json\/wp\/v2\/media\/11713"}],"wp:attachment":[{"href":"https:\/\/www.diario5.com.ar\/es\/wp-json\/wp\/v2\/media?parent=11712"}],"wp:term":[{"taxonomy":"category","embeddable":true,"href":"https:\/\/www.diario5.com.ar\/es\/wp-json\/wp\/v2\/categories?post=11712"},{"taxonomy":"post_tag","embeddable":true,"href":"https:\/\/www.diario5.com.ar\/es\/wp-json\/wp\/v2\/tags?post=11712"},{"taxonomy":"series","embeddable":true,"href":"https:\/\/www.diario5.com.ar\/es\/wp-json\/wp\/v2\/series?post=11712"}],"curies":[{"name":"wp","href":"https:\/\/api.w.org\/{rel}","templated":true}]}}