{"id":11708,"date":"2017-03-16T17:40:07","date_gmt":"2017-03-16T20:40:07","guid":{"rendered":"http:\/\/diario5.com.ar\/?p=11708"},"modified":"2017-03-25T00:10:24","modified_gmt":"2017-03-25T03:10:24","slug":"usina-del-arte-fin-de-semana-con-fabiana-cantilo-y-leo-masliah","status":"publish","type":"post","link":"https:\/\/www.diario5.com.ar\/es\/usina-del-arte-fin-de-semana-con-fabiana-cantilo-y-leo-masliah\/","title":{"rendered":"Usina del Arte: Fin de semana con Fabiana Cantilo y Leo Masl\u00edah"},"content":{"rendered":"<h2 class=\"sub-title-primary\"><\/h2> <figure style=\"width: 573px\" class=\"wp-caption alignright\"><a href=\"https:\/\/www.diario5.com.ar\/wp-content\/uploads\/2017\/03\/Leo-Masl25C325ADah.jpg\"><img decoding=\"async\" loading=\"lazy\" src=\"http:\/\/diario5.com.ar\/wp-content\/uploads\/2017\/03\/Leo-Masl25C325ADah.jpg\" width=\"573\" height=\"521\" \/><\/a><figcaption class=\"wp-caption-text\">Leo Masliah<\/figcaption><\/figure>\n<p>La Usina del Arte\u00a0presenta este fin de semana a\u00a0Fabiana Cantilo y Leo Masl\u00edah. La popular cantante har\u00e1 versiones de canciones de Los Beatles. Ser\u00e1 ma\u00f1ana Viernes 17 de marzo a las 21.00, en el Auditorio. Las entradas son gratuitas y se retiran desde las 19.00 en boleter\u00eda de La Usina, Caffarena 1, La Boca.<\/p>\n<p>La int\u00e9rprete de tantos cl\u00e1sicos del rock de los 80 en nuestro pa\u00eds &#8211; y como tres generaciones- tuvo a John, Paul, George y Ringo como inspiradores de la vocaci\u00f3n por la m\u00fasica, el canto y la composici\u00f3n. Con ella, Marcelo Capasso, Cay Gutierrez, Javier Miranda y Sergio Liszewski, har\u00e1n en escena un show tributo a Los Beatles preparado con gran dedicaci\u00f3n.<\/p>\n<p>El S\u00e1bado 18 a las 21, tambi\u00e9n en el Auditorio se lo podr\u00e1 disfrutar a\u00a0Leo Masl\u00edah en Tr\u00edo. Tal como es habitual las entradas son gratuitas y se retiran desde las 19.00 en boleter\u00eda, Caffarena 1.<\/p>\n<p>El espect\u00e1culo que encabeza Masliah se denomina\u00a0\u201cYoruguas\u201d, obviamente con temas de la m\u00fasica popular uruguaya, que en los \u00faltimos 30 a\u00f1os ha enriquecido notablemente en cancionero latinoamericano de jerarqu\u00eda.\u00a0Tato Bolognini y Mintcho Garrammone con flautista Juan Pablo Di Leone como invitado,\u00a0har\u00e1n una combinaci\u00f3n de temas que sorprender\u00e1n al p\u00fablico hermanados con algunos cl\u00e1sicos siempre esperados.<\/p>\n<p>&nbsp;<\/p>\n<p>Reproducimos la agenda completa presentada por la Usina del Arte<\/p>\n<p><strong>S\u00e1bado<\/strong><\/p>\n<p><strong>N\u00e9stor Dom\u00ednguez, piano<\/strong><br \/>\n11.30 hs. Sala de c\u00e1mara. Casi famosos. #Cl\u00e1sica.<br \/>\nEl joven m\u00fasico argentino presenta una de las obras capitales de la literatura pian\u00edstica: La sonata Hammeklavier (1818), de Ludwig van Beethoven.<\/p>\n<p>Borde Verde<br \/>\n\u2022 15 hs. Sala de c\u00e1mara. La mar en coche. #Familia.<br \/>\nEspect\u00e1culo musical para toda la familia, con un recorrido por las canciones m\u00e1s representativas del grupo. Es un show repleto de ritmos y climas, variedad de instrumentos y juegos entre las voces. En todo momento el p\u00fablico participa activamente: durante las canciones y como c\u00f3mplice de las situaciones planteadas en escena.<\/p>\n<p>Santiago Com\u00edn<br \/>\n\u2022 16.30 hs. Taller: percusi\u00f3n corporal y voces. Sal\u00f3n Mayor. La mar en acci\u00f3n!. #Familia.<br \/>\nUna propuesta interactiva que convoca a toda la familia a conocer el ritmo como elemento musical y tambi\u00e9n como punto de uni\u00f3n de un grupo humano. Se utilizar\u00e1n la voz, la percusi\u00f3n corporal, el juego, coreograf\u00edas de movimiento, din\u00e1micas de entrenamiento y conceptos del teatro, danza y deporte.<\/p>\n<p>Pablo Aslan<br \/>\n\u2022 20 hs. Sala de c\u00e1mara. Songbook Pugliese. #Tango.<br \/>\nHomenaje que toma como base las composiciones de Pugliese y el estilo de su orquesta, para presentar una visi\u00f3n contempor\u00e1nea y viva de su repertorio. Un grupo heterog\u00e9neo de m\u00fasicos de tango, jazz y m\u00fasica electr\u00f3nica que, bajo la direcci\u00f3n de Aslan, crea y recrea esta m\u00fasica de ra\u00edz porte\u00f1a con una visi\u00f3n cosmopolita.<\/p>\n<figure><\/figure>\n<figure style=\"width: 633px\" class=\"wp-caption alignleft\"><a href=\"https:\/\/www.diario5.com.ar\/wp-content\/uploads\/2017\/03\/Pablo-Aslan.jpg\"><img decoding=\"async\" loading=\"lazy\" class=\"\" src=\"http:\/\/diario5.com.ar\/wp-content\/uploads\/2017\/03\/Pablo-Aslan.jpg\" width=\"633\" height=\"349\" \/><\/a><figcaption class=\"wp-caption-text\">Pablo Aslan<\/figcaption><\/figure>\n<p>Domingo<\/p>\n<p>Marcela Magin &amp; Zulma Cabrera<br \/>\n\u2022 11.30 hs. Sala de c\u00e1mara. M\u00fasica de c\u00e1mara. #Cl\u00e1sica.<br \/>\nEl d\u00fao formado por las destacadas m\u00fasicas argentinas Marcela Magin (viola) y Zulma Cabrera (piano), presentar\u00e1 el programa integrado por la Sonata Arpeggione de Franz Schubert y la Sonata de Henry Vieuxtemps.<\/p>\n<p>El Buen Salvaje<br \/>\n\u2022 16 hs. Patio central. Transformador. #Alternativo.<br \/>\nUn quinteto de puro rock que impacta con su energ\u00eda en vivo, llega al ciclo que presenta lo mejor de una nueva camada de bandas y solistas. El buen salvaje tiene variadas influencias que van desde el metal y el punk hasta los ritmos latinos. Se caracteriza por los riffs furiosos, arreglos psicod\u00e9licos y una voz muy personal. El grupo se form\u00f3 en 2010 y tiene dos discos editados. Est\u00e1 integrado por Mart\u00edn Carriquiry (voz), Tom\u00e1s Vigo y Amadeo Beltr\u00e1n (guitarras), Guillermo Bernardo (bajo) y Lucas Vigo (bater\u00eda).<\/p>\n<p>Dar\u00edo Jalfin &amp; Alfonso Barbieri<br \/>\n\u2022 19 hs. Auditorio. Doble dosis. #Rock.<br \/>\nJalfin presenta su nuevo disco \u201cLa ilusi\u00f3n\u201d junto a Los Alquimistas. Por su parte, Barbieri repasa canciones de sus siete discos solistas en formato de banda el\u00e9ctrica cl\u00e1sica.<\/p>\n<p><a href=\"https:\/\/www.diario5.com.ar\/wp-content\/uploads\/2017\/03\/Dar25C325ADo-Jalfin.jpg\"><img decoding=\"async\" loading=\"lazy\" class=\"alignleft\" src=\"http:\/\/diario5.com.ar\/wp-content\/uploads\/2017\/03\/Dar25C325ADo-Jalfin.jpg\" alt=\"\" width=\"756\" height=\"504\" \/><\/a><\/p>\n<div><\/div>\n<p><!-- Check out http:\/\/reactandshare.com --><\/p>","protected":false},"excerpt":{"rendered":"<p>La Usina del Arte\u00a0presenta este fin de semana a\u00a0Fabiana Cantilo y Leo Masl\u00edah. La popular cantante har\u00e1 versiones de canciones de Los Beatles. Ser\u00e1 ma\u00f1ana Viernes 17 de marzo a las 21.00, en el Auditorio. Las entradas son gratuitas y se retiran desde las 19.00 en boleter\u00eda de La Usina, Caffarena 1, La Boca. La [&hellip;]<\/p>","protected":false},"author":2,"featured_media":11711,"comment_status":"closed","ping_status":"closed","sticky":false,"template":"","format":"standard","meta":[],"categories":[7],"tags":[],"series":[],"_links":{"self":[{"href":"https:\/\/www.diario5.com.ar\/es\/wp-json\/wp\/v2\/posts\/11708"}],"collection":[{"href":"https:\/\/www.diario5.com.ar\/es\/wp-json\/wp\/v2\/posts"}],"about":[{"href":"https:\/\/www.diario5.com.ar\/es\/wp-json\/wp\/v2\/types\/post"}],"author":[{"embeddable":true,"href":"https:\/\/www.diario5.com.ar\/es\/wp-json\/wp\/v2\/users\/2"}],"replies":[{"embeddable":true,"href":"https:\/\/www.diario5.com.ar\/es\/wp-json\/wp\/v2\/comments?post=11708"}],"version-history":[{"count":7,"href":"https:\/\/www.diario5.com.ar\/es\/wp-json\/wp\/v2\/posts\/11708\/revisions"}],"predecessor-version":[{"id":11879,"href":"https:\/\/www.diario5.com.ar\/es\/wp-json\/wp\/v2\/posts\/11708\/revisions\/11879"}],"wp:featuredmedia":[{"embeddable":true,"href":"https:\/\/www.diario5.com.ar\/es\/wp-json\/wp\/v2\/media\/11711"}],"wp:attachment":[{"href":"https:\/\/www.diario5.com.ar\/es\/wp-json\/wp\/v2\/media?parent=11708"}],"wp:term":[{"taxonomy":"category","embeddable":true,"href":"https:\/\/www.diario5.com.ar\/es\/wp-json\/wp\/v2\/categories?post=11708"},{"taxonomy":"post_tag","embeddable":true,"href":"https:\/\/www.diario5.com.ar\/es\/wp-json\/wp\/v2\/tags?post=11708"},{"taxonomy":"series","embeddable":true,"href":"https:\/\/www.diario5.com.ar\/es\/wp-json\/wp\/v2\/series?post=11708"}],"curies":[{"name":"wp","href":"https:\/\/api.w.org\/{rel}","templated":true}]}}