{"id":11263,"date":"2017-02-22T15:11:30","date_gmt":"2017-02-22T18:11:30","guid":{"rendered":"http:\/\/diario5.com.ar\/?p=11263"},"modified":"2021-02-04T15:19:34","modified_gmt":"2021-02-04T18:19:34","slug":"el-nuevo-boleto-estudiantil-amerita-una-recordacion","status":"publish","type":"post","link":"https:\/\/www.diario5.com.ar\/es\/el-nuevo-boleto-estudiantil-amerita-una-recordacion\/","title":{"rendered":"El nuevo boleto estudiantil amerita una recordaci\u00f3n"},"content":{"rendered":"<h2 class=\"sub-title-primary\"><\/h2> <figure id=\"attachment_11264\" aria-describedby=\"caption-attachment-11264\" style=\"width: 603px\" class=\"wp-caption alignright\"><img decoding=\"async\" loading=\"lazy\" class=\"alignnone size-full wp-image-622509\" src=\"https:\/\/www.diario5.com.ar\/wp-content\/uploads\/2021\/02\/SUBE_noche-lapices-1024x76820210204-1.jpg\" width=\"750\" height=\"562\" srcset=\"https:\/\/www.diario5.com.ar\/wp-content\/uploads\/2021\/02\/SUBE_noche-lapices-1024x76820210204-1.jpg 750w, https:\/\/www.diario5.com.ar\/wp-content\/uploads\/2021\/02\/SUBE_noche-lapices-1024x76820210204-1-300x225.jpg 300w, https:\/\/www.diario5.com.ar\/wp-content\/uploads\/2021\/02\/SUBE_noche-lapices-1024x76820210204-1-400x300.jpg 400w, https:\/\/www.diario5.com.ar\/wp-content\/uploads\/2021\/02\/SUBE_noche-lapices-1024x76820210204-1-260x195.jpg 260w, https:\/\/www.diario5.com.ar\/wp-content\/uploads\/2021\/02\/SUBE_noche-lapices-1024x76820210204-1-160x120.jpg 160w\" sizes=\"(max-width: 750px) 100vw, 750px\" \/><figcaption id=\"caption-attachment-11264\" class=\"wp-caption-text\">La SUBE Estudiantil no debe ser un beneficio vac\u00edo.<\/figcaption><\/figure>\n<p><em>Si se pretende que en la Argentina los estudiantes tengan un poco de sentido republicano y sentimientos acerca de lo que cost\u00f3 y vale vivir tiempos en que ciertos logros se pueden conseguir con esfuerzos medianos, la imagen de la tarjeta deber\u00eda ser alg\u00fan\u00a0signo recordatorio de La Noche de los L\u00e1pices, nombre con el que se recuerda la tragedia de quienes pelearon por primera vez el derecho que ahora se concede. <\/em><\/p>\n<p><em>Es probable que muchos pibes desconozcan que el descuento que obtendr\u00e1n en el pasaje de colectivo cost\u00f3 sangre. Muertos. Chicos argentinos cagados a balazos por pretender que se instituya un boleto estudiantil y que fuera equiparable al ya por entonces cl\u00e1sico boleto escolar (el beneficio alcanzaba a estudiantes de escuelas primarias y a los de las secundarias, no). <\/em><\/p>\n<p><em>Los chicos platenses que sufrieron aquella imperdonable injusticia deben ser un emblema para las juventudes argentinas de todas las generaciones siguientes. Incluso muy por encima de otros militantes, con otras conciencias pol\u00edticas, otros objetivos y conscientes de otros riesgos.<\/em><\/p>\n<p>&nbsp;<\/p>\n<p>La informaci\u00f3n indica que tal como se previ\u00f3 en una primera etapa, hoy,\u00a022 de febrero es la fecha de la registraci\u00f3n del boleto estudiantil gratuito para los alumnos de las escuelas de la Ciudad de Buenos Aires, Se trata de una segunda fase de este beneficio, que deber\u00e1 gestionarse a trav\u00e9s de la web del <a href=\"https:\/\/boletoestudiantil.buenosaires.gob.ar\" target=\"_blank\" rel=\"noopener noreferrer\">GCBA<\/a>.<\/p>\n<p>Los beneficiarios ser\u00e1n los alumnos de salas de 4 y 5 a\u00f1os, escuelas primarias y secundarias p\u00fablicas. Si se trata de estudiantes de escuelas privadas, s\u00f3lo acceder\u00e1n al BE los alumnos de instituciones <strong>100% subsidiadas y con cuota 0<\/strong>\u00a0m\u00e1s los establecimientos de educaci\u00f3n especial.<br \/>\nLos alumnos podr\u00e1n realizar durante el ciclo lectivo y en funci\u00f3n de los horarios de clase 50 viajes mensuales, con una m\u00e1ximo de 4 por d\u00eda.\u00a0Podr\u00e1 utilizarse a partir de\u00a06 de marzo, fecha en la que quedar\u00e1n habilitados los descuentos estudiantiles.<\/p>","protected":false},"excerpt":{"rendered":"<p>Si se pretende que en la Argentina los estudiantes tengan un poco de sentido republicano y sentimientos acerca de lo que cost\u00f3 y vale vivir tiempos en que ciertos logros se pueden conseguir con esfuerzos medianos, la imagen de la tarjeta deber\u00eda ser alg\u00fan\u00a0signo recordatorio de La Noche de los L\u00e1pices, nombre con el que [&hellip;]<\/p>","protected":false},"author":4,"featured_media":622509,"comment_status":"open","ping_status":"open","sticky":false,"template":"","format":"standard","meta":[],"categories":[75,1],"tags":[],"series":[],"_links":{"self":[{"href":"https:\/\/www.diario5.com.ar\/es\/wp-json\/wp\/v2\/posts\/11263"}],"collection":[{"href":"https:\/\/www.diario5.com.ar\/es\/wp-json\/wp\/v2\/posts"}],"about":[{"href":"https:\/\/www.diario5.com.ar\/es\/wp-json\/wp\/v2\/types\/post"}],"author":[{"embeddable":true,"href":"https:\/\/www.diario5.com.ar\/es\/wp-json\/wp\/v2\/users\/4"}],"replies":[{"embeddable":true,"href":"https:\/\/www.diario5.com.ar\/es\/wp-json\/wp\/v2\/comments?post=11263"}],"version-history":[{"count":5,"href":"https:\/\/www.diario5.com.ar\/es\/wp-json\/wp\/v2\/posts\/11263\/revisions"}],"predecessor-version":[{"id":622510,"href":"https:\/\/www.diario5.com.ar\/es\/wp-json\/wp\/v2\/posts\/11263\/revisions\/622510"}],"wp:featuredmedia":[{"embeddable":true,"href":"https:\/\/www.diario5.com.ar\/es\/wp-json\/wp\/v2\/media\/622509"}],"wp:attachment":[{"href":"https:\/\/www.diario5.com.ar\/es\/wp-json\/wp\/v2\/media?parent=11263"}],"wp:term":[{"taxonomy":"category","embeddable":true,"href":"https:\/\/www.diario5.com.ar\/es\/wp-json\/wp\/v2\/categories?post=11263"},{"taxonomy":"post_tag","embeddable":true,"href":"https:\/\/www.diario5.com.ar\/es\/wp-json\/wp\/v2\/tags?post=11263"},{"taxonomy":"series","embeddable":true,"href":"https:\/\/www.diario5.com.ar\/es\/wp-json\/wp\/v2\/series?post=11263"}],"curies":[{"name":"wp","href":"https:\/\/api.w.org\/{rel}","templated":true}]}}