{"id":11090,"date":"2017-02-15T16:31:13","date_gmt":"2017-02-15T19:31:13","guid":{"rendered":"http:\/\/diario5.com.ar\/?p=11090"},"modified":"2017-02-17T17:15:56","modified_gmt":"2017-02-17T20:15:56","slug":"repercusiones-de-una-manifestacion-polemica-y-poco-trascendente","status":"publish","type":"post","link":"https:\/\/www.diario5.com.ar\/es\/repercusiones-de-una-manifestacion-polemica-y-poco-trascendente\/","title":{"rendered":"Repercusiones de una manifestaci\u00f3n pol\u00e9mica y poco trascendente"},"content":{"rendered":"<h2 class=\"sub-title-primary\"><\/h2> <figure id=\"attachment_11092\" aria-describedby=\"caption-attachment-11092\" style=\"width: 550px\" class=\"wp-caption alignright\"><img decoding=\"async\" loading=\"lazy\" class=\"size-full wp-image-11092\" src=\"http:\/\/diario5.com.ar\/wp-content\/uploads\/2017\/02\/prohibido_topless.jpg\" alt=\"Canc\u00fan. Nadie se rasga las vestiduras por este cartel\" width=\"550\" height=\"411\" srcset=\"https:\/\/www.diario5.com.ar\/wp-content\/uploads\/2017\/02\/prohibido_topless.jpg 550w, https:\/\/www.diario5.com.ar\/wp-content\/uploads\/2017\/02\/prohibido_topless-300x224.jpg 300w, https:\/\/www.diario5.com.ar\/wp-content\/uploads\/2017\/02\/prohibido_topless-400x299.jpg 400w, https:\/\/www.diario5.com.ar\/wp-content\/uploads\/2017\/02\/prohibido_topless-260x194.jpg 260w, https:\/\/www.diario5.com.ar\/wp-content\/uploads\/2017\/02\/prohibido_topless-160x120.jpg 160w\" sizes=\"(max-width: 550px) 100vw, 550px\" \/><figcaption id=\"caption-attachment-11092\" class=\"wp-caption-text\">Canc\u00fan. Nadie se rasga las vestiduras por este cartel<\/figcaption><\/figure>\n<p>Tal como lo marca uno de los p\u00e1rrafos de la nota\u00a0<em><a href=\"https:\/\/www.diario5.com.ar\/es\/ozatet\/\">Reci\u00e9n cuando dobla la bisagra<\/a>, se nota alg\u00fan cambio,<\/em>\u00a0varios referentes sociales expresaron su oposici\u00f3n a la idea de que el Tetazo realizado en el Obelisco en los \u00faltimos d\u00edas, tuviera una importancia significativa en el orden pol\u00edtico, social o cultural. Tuvo, s\u00ed, un efecto medi\u00e1tico pero quienes hicieron y hacen militancia en favor de exhibir los senos en p\u00fablico, consideran que la manifestaci\u00f3n aporta energ\u00eda contra la represi\u00f3n machista. Es dif\u00edcil comprobar que tal afirmaci\u00f3n sea v\u00e1lida.<\/p>\n<p>Aqu\u00ed hay links a cr\u00f3nicas cuyo punto de partida\u00a0es el desacuerdo -con interesantes variantes que lo motivan- que expresaron los cantantes Mar\u00eda Marta Serra Lima, Antonio Birabent y Coki Ram\u00edrez y los comunicadores Marcela Labarca, Gabriela de la Cruz, Elizabeth Vernaci y Baby Etchecopar (m\u00e1s variedad de estilos, imposible). A favor, Cecilia Roth, Moria Cas\u00e1n y Florencia Pe\u00f1a. Una important\u00edsima ONG fue consultada y su alta fuente se inclin\u00f3 en\u00a0favor del pol\u00e9mico reclamo pero pidi\u00f3 que, por ahora, no devel\u00e1ramos la identidad de la instituci\u00f3n.<\/p>\n<p>Tambi\u00e9n se manifestaron contra el acto de creer que el Tetazo pueda generar beneficios a futuro los pol\u00edticos salte\u00f1os Andr\u00e9s Suriani y Guillermo Durand Cornejo<\/p>\n<p>Una curiosa se\u00f1al del cambalache se\u00f1alado por Marcelo Zanotti se podr\u00e1 ver en \u00a0la inclusi\u00f3n\u00a0del Tetazo como \u00edtem de lucha en la lista que el MST presenta para su movilizac\u00f3n de los d\u00edas 6, 7 y 8 de marzo, contra la po\u00edtica del gobierno de Mauricio Macri.<\/p>\n<p>Es probable que -como lo indica la fotograf\u00eda tomada en una playa de la Riviera Maya, en M\u00e9xico- \u00a0siendo tan dif\u00edcil ponernos de acuerdo con \u00abcierta sencillez\u00bb, tengamos que apelar a normativas individuales en todas y cada una de las ciudades del pa\u00eds, si queremos que se sigan determinada reglas, m\u00e1s all\u00e1 de la decisi\u00f3n urbana que tomen otras urbes. Reglamento, cartelito y a otra cosa.<\/p>\n<p>&nbsp;<\/p>\n<p id=\"yui_3_16_0_ym19_1_1487357441638_3078\"><a id=\"yui_3_16_0_ym19_1_1487357441638_3132\" class=\"enhancr2_30d1f3ec-80cb-464c-3e7d-bb245c84a3ef\" href=\"http:\/\/www.diariouno.com.ar\/cholunotas\/coki-ramirez-contra-del-tetazo-me-dio-como-muy-violento-20170212-n1338774.html\" target=\"_blank\">Coki Ram\u00edrez contra el tetazo; \u00abMe dio como muy violento\u00bb<\/a><\/p>\n<div id=\"enhancr2_30d1f3ec-80cb-464c-3e7d-bb245c84a3ef\" class=\"yahoo-link-enhancr-card ymail-preserve-class ymail-preserve-style\" dir=\"ltr\" contenteditable=\"false\" data-url=\"http:\/\/www.diariouno.com.ar\/cholunotas\/coki-ramirez-contra-del-tetazo-me-dio-como-muy-violento-20170212-n1338774.html\" data-type=\"yenhancr\" data-category=\"article\" data-embed-url=\"\" data-size=\"medium\">\n<table class=\"card-wrapper yahoo-ignore-table\" border=\"0\" cellspacing=\"0\" cellpadding=\"0\">\n<tbody>\n<tr>\n<td width=\"400\">\n<table class=\"card yahoo-ignore-table\" border=\"0\" width=\"100%\" cellspacing=\"0\" cellpadding=\"0\">\n<tbody>\n<tr>\n<td class=\"card-primary-image-cell\" valign=\"top\" bgcolor=\"#000000\">\n<table class=\"yahoo-ignore-table\" border=\"0\" cellspacing=\"0\" cellpadding=\"0\">\n<tbody>\n<tr>\n<td valign=\"top\" bgcolor=\"transparent\">\n<table class=\"yahoo-ignore-table\">\n<tbody>\n<tr>\n<td class=\"card-richInfo2\"><\/td>\n<td class=\"card-actions\"><\/td>\n<\/tr>\n<\/tbody>\n<\/table>\n<\/td>\n<\/tr>\n<\/tbody>\n<\/table>\n<\/td>\n<\/tr>\n<tr>\n<td>\n<table class=\"card-info yahoo-ignore-table\" border=\"0\" cellspacing=\"0\" cellpadding=\"0\" align=\"center\">\n<tbody>\n<tr>\n<td><\/td>\n<td>\n<h4 class=\"card-title\">Contra el tetazo<\/h4>\n<p class=\"card-description\">La cantante cordobesa, Coki Ram\u00edrez, se pronunci\u00f3 en contra del llamado \u00abTetazo\u00bb, la movilizaci\u00f3n que &#8230;<\/p>\n<\/td>\n<td><\/td>\n<\/tr>\n<\/tbody>\n<\/table>\n<\/td>\n<\/tr>\n<\/tbody>\n<\/table>\n<\/td>\n<\/tr>\n<\/tbody>\n<\/table>\n<\/div>\n<p id=\"yui_3_16_0_ym19_1_1487357441638_3079\"><a id=\"yui_3_16_0_ym19_1_1487357441638_3144\" class=\"enhancr2_3671709e-1432-c559-4ac0-c337c789a246\" href=\"http:\/\/exitoina.perfil.com\/2017-02-09-450481-antonio-birabent-lo-del-tetazo-es-una-manera-de-protesta-bastante-fea\/\" target=\"_blank\">Antonio Birabent: \u201cLo del tetazo es una manera de protesta bastante fea\u201d<\/a><\/p>\n<div id=\"enhancr2_3671709e-1432-c559-4ac0-c337c789a246\" class=\"yahoo-link-enhancr-card ymail-preserve-class ymail-preserve-style\" dir=\"ltr\" contenteditable=\"false\" data-url=\"http:\/\/exitoina.perfil.com\/2017-02-09-450481-antonio-birabent-lo-del-tetazo-es-una-manera-de-protesta-bastante-fea\/\" data-type=\"yenhancr\" data-category=\"article\" data-embed-url=\"\" data-size=\"medium\">\n<table id=\"yui_3_16_0_ym19_1_1487357441638_3165\" class=\"card-wrapper yahoo-ignore-table\" border=\"0\" cellspacing=\"0\" cellpadding=\"0\">\n<tbody id=\"yui_3_16_0_ym19_1_1487357441638_3164\">\n<tr id=\"yui_3_16_0_ym19_1_1487357441638_3163\">\n<td id=\"yui_3_16_0_ym19_1_1487357441638_3162\" width=\"400\">\n<table id=\"yui_3_16_0_ym19_1_1487357441638_3161\" class=\"card yahoo-ignore-table\" border=\"0\" width=\"100%\" cellspacing=\"0\" cellpadding=\"0\">\n<tbody id=\"yui_3_16_0_ym19_1_1487357441638_3160\">\n<tr id=\"yui_3_16_0_ym19_1_1487357441638_3159\">\n<td id=\"yui_3_16_0_ym19_1_1487357441638_3158\" class=\"card-primary-image-cell\" valign=\"top\" bgcolor=\"#000000\">\n<table id=\"yui_3_16_0_ym19_1_1487357441638_3157\" class=\"yahoo-ignore-table\" border=\"0\" cellspacing=\"0\" cellpadding=\"0\">\n<tbody id=\"yui_3_16_0_ym19_1_1487357441638_3156\">\n<tr id=\"yui_3_16_0_ym19_1_1487357441638_3155\">\n<td id=\"yui_3_16_0_ym19_1_1487357441638_3154\" valign=\"top\" bgcolor=\"transparent\">\n<table id=\"yui_3_16_0_ym19_1_1487357441638_3153\" class=\"yahoo-ignore-table\">\n<tbody id=\"yui_3_16_0_ym19_1_1487357441638_3152\">\n<tr id=\"yui_3_16_0_ym19_1_1487357441638_3151\">\n<td class=\"card-richInfo2\"><\/td>\n<td id=\"yui_3_16_0_ym19_1_1487357441638_3150\" class=\"card-actions\"><\/td>\n<\/tr>\n<\/tbody>\n<\/table>\n<\/td>\n<\/tr>\n<\/tbody>\n<\/table>\n<\/td>\n<\/tr>\n<tr>\n<td>\n<table class=\"card-info yahoo-ignore-table\" border=\"0\" cellspacing=\"0\" cellpadding=\"0\" align=\"center\">\n<tbody>\n<tr>\n<td><\/td>\n<td>\n<h4 class=\"card-title\">Antonio Birabent: \u201cLo del tetazo es una manera de protesta bastante fea\u201d<\/h4>\n<p class=\"card-description\">El cantante y actor opin\u00f3 sobre la movilizaci\u00f3n que se realiz\u00f3 en el Obelisco contra el machismo y en reclamo de&#8230;<\/p>\n<\/td>\n<td><\/td>\n<\/tr>\n<\/tbody>\n<\/table>\n<\/td>\n<\/tr>\n<\/tbody>\n<\/table>\n<\/td>\n<\/tr>\n<\/tbody>\n<\/table>\n<\/div>\n<p id=\"yui_3_16_0_ym19_1_1487357441638_3080\"><a id=\"yui_3_16_0_ym19_1_1487357441638_3198\" class=\"enhancr2_caa72969-ba41-af72-9b84-c9098395e1b3\" href=\"http:\/\/plusya.com.ar\/baby-tetazo\/\" target=\"_blank\">AUDIO \u2013 Baby Etchecopar sobre el tetazo: \u201c\u00bfPorque son desagradables est\u00e1n en contra del mundo?<\/a><\/p>\n<div id=\"enhancr2_caa72969-ba41-af72-9b84-c9098395e1b3\" class=\"yahoo-link-enhancr-card ymail-preserve-class ymail-preserve-style\" dir=\"ltr\" contenteditable=\"false\" data-url=\"http:\/\/plusya.com.ar\/baby-tetazo\/\" data-type=\"yenhancr\" data-category=\"article\" data-embed-url=\"\" data-size=\"medium\">\n<table class=\"card-wrapper yahoo-ignore-table\" border=\"0\" cellspacing=\"0\" cellpadding=\"0\">\n<tbody>\n<tr>\n<td width=\"400\">\n<table class=\"card yahoo-ignore-table\" border=\"0\" width=\"100%\" cellspacing=\"0\" cellpadding=\"0\">\n<tbody>\n<tr>\n<td class=\"card-primary-image-cell\" valign=\"top\" bgcolor=\"#000000\">\n<table class=\"yahoo-ignore-table\" border=\"0\" cellspacing=\"0\" cellpadding=\"0\">\n<tbody>\n<tr>\n<td valign=\"top\" bgcolor=\"transparent\">\n<table class=\"yahoo-ignore-table\">\n<tbody>\n<tr>\n<td class=\"card-richInfo2\"><\/td>\n<td class=\"card-actions\"><\/td>\n<\/tr>\n<\/tbody>\n<\/table>\n<\/td>\n<\/tr>\n<\/tbody>\n<\/table>\n<\/td>\n<\/tr>\n<tr>\n<td>\n<table class=\"card-info yahoo-ignore-table\" border=\"0\" cellspacing=\"0\" cellpadding=\"0\" align=\"center\">\n<tbody>\n<tr>\n<td><\/td>\n<td>\n<h4 class=\"card-title\">AUDIO \u2013 Baby Etchecopar sobre el tetazo: \u201c\u00bfPorque son desagradables est\u00e1n e&#8230;<\/h4>\n<p class=\"card-description\">AUDIO \u2013 Baby Etchecopar sobre el tetazo: \u201c\u00bfPorque son desagradables est\u00e1n en contra del mundo?. El periodista en&#8230;<\/p>\n<\/td>\n<td><\/td>\n<\/tr>\n<\/tbody>\n<\/table>\n<\/td>\n<\/tr>\n<\/tbody>\n<\/table>\n<\/td>\n<\/tr>\n<\/tbody>\n<\/table>\n<\/div>\n<p id=\"yui_3_16_0_ym19_1_1487357441638_3081\"><a id=\"yui_3_16_0_ym19_1_1487357441638_3223\" class=\"enhancr2_e174eb75-0571-eee4-8b14-54e51e7aae78\" href=\"http:\/\/www.clarin.com\/extra-show\/fama\/maria-martha-serra-lima-furiosa-tetazo_0_BkzB67tOl.html\" target=\"_blank\">Mar\u00eda Martha Serra Lima, furiosa contra el \u00abtetazo\u00bb<\/a><\/p>\n<div id=\"enhancr2_e174eb75-0571-eee4-8b14-54e51e7aae78\" class=\"yahoo-link-enhancr-card ymail-preserve-class ymail-preserve-style\" dir=\"ltr\" contenteditable=\"false\" data-url=\"http:\/\/www.clarin.com\/extra-show\/fama\/maria-martha-serra-lima-furiosa-tetazo_0_BkzB67tOl.html\" data-type=\"yenhancr\" data-category=\"article\" data-embed-url=\"\" data-size=\"medium\">\n<table id=\"yui_3_16_0_ym19_1_1487357441638_3254\" class=\"card-wrapper yahoo-ignore-table\" border=\"0\" cellspacing=\"0\" cellpadding=\"0\">\n<tbody id=\"yui_3_16_0_ym19_1_1487357441638_3253\">\n<tr id=\"yui_3_16_0_ym19_1_1487357441638_3252\">\n<td id=\"yui_3_16_0_ym19_1_1487357441638_3251\" width=\"400\">\n<table id=\"yui_3_16_0_ym19_1_1487357441638_3250\" class=\"card yahoo-ignore-table\" border=\"0\" width=\"100%\" cellspacing=\"0\" cellpadding=\"0\">\n<tbody id=\"yui_3_16_0_ym19_1_1487357441638_3249\">\n<tr>\n<td class=\"card-primary-image-cell\" valign=\"top\" bgcolor=\"#000000\">\n<table class=\"yahoo-ignore-table\" border=\"0\" cellspacing=\"0\" cellpadding=\"0\">\n<tbody>\n<tr>\n<td valign=\"top\" bgcolor=\"transparent\">\n<table class=\"yahoo-ignore-table\">\n<tbody>\n<tr>\n<td class=\"card-richInfo2\"><\/td>\n<td class=\"card-actions\"><\/td>\n<\/tr>\n<\/tbody>\n<\/table>\n<\/td>\n<\/tr>\n<\/tbody>\n<\/table>\n<\/td>\n<\/tr>\n<tr id=\"yui_3_16_0_ym19_1_1487357441638_3248\">\n<td id=\"yui_3_16_0_ym19_1_1487357441638_3247\">\n<table class=\"card-info yahoo-ignore-table\" border=\"0\" cellspacing=\"0\" cellpadding=\"0\" align=\"center\">\n<tbody>\n<tr>\n<td><\/td>\n<td>\n<h4 class=\"card-title\">Mar\u00eda Martha Serra Lima, furiosa contra el \u00abtetazo\u00bb<\/h4>\n<p class=\"card-richinfo-primary\">Por Clarin.com<\/p>\n<p class=\"card-description\">La cantante dio su particular mirada sobre la movilizaci\u00f3n que se realiz\u00f3 ayer en el Obelisco. \u00abNo cualquie&#8230;<\/p>\n<\/td>\n<td><\/td>\n<\/tr>\n<\/tbody>\n<\/table>\n<\/td>\n<\/tr>\n<\/tbody>\n<\/table>\n<\/td>\n<\/tr>\n<\/tbody>\n<\/table>\n<\/div>\n<p id=\"yui_3_16_0_ym19_1_1487357441638_3084\"><a id=\"yui_3_16_0_ym19_1_1487357441638_5413\" class=\"enhancr2_fc3d529d-add7-3647-aab0-5bfc67f32b79\" href=\"https:\/\/10ahora.com.ar\/mensaje-mujer-tetazo-158429\/\" target=\"_blank\">El mensaje de una mujer contra el \u00abtetazo\u00bb del que hablan todos<\/a><\/p>\n<div id=\"enhancr2_fc3d529d-add7-3647-aab0-5bfc67f32b79\" class=\"yahoo-link-enhancr-card ymail-preserve-class ymail-preserve-style\" dir=\"ltr\" contenteditable=\"false\" data-url=\"https:\/\/10ahora.com.ar\/mensaje-mujer-tetazo-158429\/\" data-type=\"yenhancr\" data-category=\"article\" data-embed-url=\"\" data-size=\"medium\">\n<table id=\"yui_3_16_0_ym19_1_1487357441638_5527\" class=\"card-wrapper yahoo-ignore-table\" border=\"0\" cellspacing=\"0\" cellpadding=\"0\">\n<tbody id=\"yui_3_16_0_ym19_1_1487357441638_5526\">\n<tr id=\"yui_3_16_0_ym19_1_1487357441638_5525\">\n<td id=\"yui_3_16_0_ym19_1_1487357441638_5524\" width=\"400\">\n<table id=\"yui_3_16_0_ym19_1_1487357441638_5523\" class=\"card yahoo-ignore-table\" border=\"0\" width=\"100%\" cellspacing=\"0\" cellpadding=\"0\">\n<tbody id=\"yui_3_16_0_ym19_1_1487357441638_5522\">\n<tr id=\"yui_3_16_0_ym19_1_1487357441638_5521\">\n<td id=\"yui_3_16_0_ym19_1_1487357441638_5520\" class=\"card-primary-image-cell\" valign=\"top\" bgcolor=\"#000000\">\n<table id=\"yui_3_16_0_ym19_1_1487357441638_5519\" class=\"yahoo-ignore-table\" border=\"0\" cellspacing=\"0\" cellpadding=\"0\">\n<tbody id=\"yui_3_16_0_ym19_1_1487357441638_5518\">\n<tr id=\"yui_3_16_0_ym19_1_1487357441638_5517\">\n<td id=\"yui_3_16_0_ym19_1_1487357441638_5516\" valign=\"top\" bgcolor=\"transparent\">\n<table id=\"yui_3_16_0_ym19_1_1487357441638_5515\" class=\"yahoo-ignore-table\">\n<tbody id=\"yui_3_16_0_ym19_1_1487357441638_5566\">\n<tr id=\"yui_3_16_0_ym19_1_1487357441638_5565\">\n<td id=\"yui_3_16_0_ym19_1_1487357441638_5691\" class=\"card-richInfo2\"><\/td>\n<td id=\"yui_3_16_0_ym19_1_1487357441638_5564\" class=\"card-actions\"><\/td>\n<\/tr>\n<\/tbody>\n<\/table>\n<\/td>\n<\/tr>\n<\/tbody>\n<\/table>\n<\/td>\n<\/tr>\n<tr>\n<td>\n<table class=\"card-info yahoo-ignore-table\" border=\"0\" cellspacing=\"0\" cellpadding=\"0\" align=\"center\">\n<tbody>\n<tr>\n<td><\/td>\n<td>\n<h4 class=\"card-title\">El mensaje de una mujer contra el \u00abtetazo\u00bb del que hablan todos<\/h4>\n<p class=\"card-description\">Sociedad &#8211; Consider\u00f3 el topless como una \u00abexhibici\u00f3n obscena\u00bb e invit\u00f3 a las feministas a ir a playas &#8230;<\/p>\n<\/td>\n<td><\/td>\n<\/tr>\n<\/tbody>\n<\/table>\n<\/td>\n<\/tr>\n<\/tbody>\n<\/table>\n<\/td>\n<\/tr>\n<\/tbody>\n<\/table>\n<\/div>\n<p id=\"yui_3_16_0_ym19_1_1487357441638_3085\"><a id=\"yui_3_16_0_ym19_1_1487357441638_5426\" class=\"enhancr2_78d918ba-9481-a981-0966-a464f9c77b71\" href=\"http:\/\/television.com.ar\/los-comentarios-de-un-entrevistado-en-el-tetazo-que-genero-que-lussich-levante-el-movil\/40125\" target=\"_blank\">Los desafortunados dichos contra el \u201cTetazo\u201d que gener\u00f3 que Lussich levante el m\u00f3vil<\/a><\/p>\n<div id=\"enhancr2_78d918ba-9481-a981-0966-a464f9c77b71\" class=\"yahoo-link-enhancr-card ymail-preserve-class ymail-preserve-style\" dir=\"ltr\" contenteditable=\"false\" data-url=\"http:\/\/television.com.ar\/los-comentarios-de-un-entrevistado-en-el-tetazo-que-genero-que-lussich-levante-el-movil\/40125\" data-type=\"yenhancr\" data-category=\"article\" data-embed-url=\"\" data-size=\"medium\">\n<table id=\"yui_3_16_0_ym19_1_1487357441638_5586\" class=\"card-wrapper yahoo-ignore-table\" border=\"0\" cellspacing=\"0\" cellpadding=\"0\">\n<tbody id=\"yui_3_16_0_ym19_1_1487357441638_5585\">\n<tr id=\"yui_3_16_0_ym19_1_1487357441638_5584\">\n<td id=\"yui_3_16_0_ym19_1_1487357441638_5583\" width=\"400\">\n<table id=\"yui_3_16_0_ym19_1_1487357441638_5582\" class=\"card yahoo-ignore-table\" border=\"0\" width=\"100%\" cellspacing=\"0\" cellpadding=\"0\">\n<tbody id=\"yui_3_16_0_ym19_1_1487357441638_5581\">\n<tr id=\"yui_3_16_0_ym19_1_1487357441638_5580\">\n<td id=\"yui_3_16_0_ym19_1_1487357441638_5579\" class=\"card-primary-image-cell\" valign=\"top\" bgcolor=\"#000000\">\n<table id=\"yui_3_16_0_ym19_1_1487357441638_5578\" class=\"yahoo-ignore-table\" border=\"0\" cellspacing=\"0\" cellpadding=\"0\">\n<tbody id=\"yui_3_16_0_ym19_1_1487357441638_5577\">\n<tr id=\"yui_3_16_0_ym19_1_1487357441638_5576\">\n<td id=\"yui_3_16_0_ym19_1_1487357441638_5575\" valign=\"top\" bgcolor=\"transparent\">\n<table id=\"yui_3_16_0_ym19_1_1487357441638_5574\" class=\"yahoo-ignore-table\">\n<tbody id=\"yui_3_16_0_ym19_1_1487357441638_5573\">\n<tr id=\"yui_3_16_0_ym19_1_1487357441638_5572\">\n<td class=\"card-richInfo2\"><\/td>\n<td id=\"yui_3_16_0_ym19_1_1487357441638_5571\" class=\"card-actions\"><\/td>\n<\/tr>\n<\/tbody>\n<\/table>\n<\/td>\n<\/tr>\n<\/tbody>\n<\/table>\n<\/td>\n<\/tr>\n<tr>\n<td>\n<table class=\"card-info yahoo-ignore-table\" border=\"0\" cellspacing=\"0\" cellpadding=\"0\" align=\"center\">\n<tbody>\n<tr>\n<td><\/td>\n<td>\n<h4 class=\"card-title\">Los desafortunados dichos contra el \u201cTetazo\u201d que gener\u00f3 que Lussich levante&#8230;<\/h4>\n<p class=\"card-description\">El magazine vespertino de el nueve, Confrontados el debate de la tele, se meti\u00f3 con la protesta feminista en el &#8230;<\/p>\n<\/td>\n<td><\/td>\n<\/tr>\n<\/tbody>\n<\/table>\n<\/td>\n<\/tr>\n<\/tbody>\n<\/table>\n<\/td>\n<\/tr>\n<\/tbody>\n<\/table>\n<\/div>\n<p id=\"yui_3_16_0_ym19_1_1487357441638_8694\" dir=\"ltr\" data-setdir=\"false\"><span id=\"yui_3_16_0_ym19_1_1487357441638_8685\"><a id=\"yui_3_16_0_ym19_1_1487357441638_8693\" class=\"enhancr2_9bc67df7-3202-5f2a-f3d0-f29e7fc922de\" href=\"http:\/\/informatesalta.com.ar\/noticia\/116639\/durand-cornejo-durisimo-contra-el-tetazo-unas-trasnochadas-nos-quieren-lavar-la-\" target=\"_blank\">Durand Cornejo, dur\u00edsimo tras el tetazo: \u201cUnas trasnochadas nos quieren lavar la cabeza\u201d<\/a><\/span><\/p>\n<div id=\"enhancr2_9bc67df7-3202-5f2a-f3d0-f29e7fc922de\" class=\"yahoo-link-enhancr-card ymail-preserve-class ymail-preserve-style\" dir=\"ltr\" contenteditable=\"false\" data-url=\"http:\/\/informatesalta.com.ar\/noticia\/116639\/durand-cornejo-durisimo-contra-el-tetazo-unas-trasnochadas-nos-quieren-lavar-la-\" data-type=\"yenhancr\" data-category=\"article\" data-embed-url=\"\" data-size=\"medium\">\n<table id=\"yui_3_16_0_ym19_1_1487357441638_8714\" class=\"card-wrapper yahoo-ignore-table\" border=\"0\" cellspacing=\"0\" cellpadding=\"0\">\n<tbody id=\"yui_3_16_0_ym19_1_1487357441638_8713\">\n<tr id=\"yui_3_16_0_ym19_1_1487357441638_8712\">\n<td id=\"yui_3_16_0_ym19_1_1487357441638_8711\" width=\"400\">\n<table id=\"yui_3_16_0_ym19_1_1487357441638_8710\" class=\"card yahoo-ignore-table\" border=\"0\" width=\"100%\" cellspacing=\"0\" cellpadding=\"0\">\n<tbody id=\"yui_3_16_0_ym19_1_1487357441638_8709\">\n<tr id=\"yui_3_16_0_ym19_1_1487357441638_8708\">\n<td id=\"yui_3_16_0_ym19_1_1487357441638_8707\" class=\"card-primary-image-cell\" valign=\"top\" bgcolor=\"#000000\">\n<table id=\"yui_3_16_0_ym19_1_1487357441638_8706\" class=\"yahoo-ignore-table\" border=\"0\" cellspacing=\"0\" cellpadding=\"0\">\n<tbody id=\"yui_3_16_0_ym19_1_1487357441638_8705\">\n<tr id=\"yui_3_16_0_ym19_1_1487357441638_8704\">\n<td id=\"yui_3_16_0_ym19_1_1487357441638_8703\" valign=\"top\" bgcolor=\"transparent\">\n<table id=\"yui_3_16_0_ym19_1_1487357441638_8702\" class=\"yahoo-ignore-table\">\n<tbody id=\"yui_3_16_0_ym19_1_1487357441638_8734\">\n<tr id=\"yui_3_16_0_ym19_1_1487357441638_8733\">\n<td id=\"yui_3_16_0_ym19_1_1487357441638_8732\" class=\"card-richInfo2\"><\/td>\n<td class=\"card-actions\"><\/td>\n<\/tr>\n<\/tbody>\n<\/table>\n<\/td>\n<\/tr>\n<\/tbody>\n<\/table>\n<\/td>\n<\/tr>\n<tr id=\"yui_3_16_0_ym19_1_1487357441638_8741\">\n<td id=\"yui_3_16_0_ym19_1_1487357441638_8740\">\n<table class=\"card-info yahoo-ignore-table\" border=\"0\" cellspacing=\"0\" cellpadding=\"0\" align=\"center\">\n<tbody>\n<tr>\n<td><\/td>\n<td>\n<h4 class=\"card-title\">Durand Cornejo, dur\u00edsimo tras el tetazo: \u201cUnas trasnochadas nos quieren lav&#8230;<\/h4>\n<p class=\"card-description\">El diputado Nacional sostuvo que buscan imponernos que \u00abtenemos que ser asexuados\u00bb. Adem\u00e1s critic\u00f3 que&#8230;<\/p>\n<\/td>\n<td><\/td>\n<\/tr>\n<\/tbody>\n<\/table>\n<\/td>\n<\/tr>\n<\/tbody>\n<\/table>\n<\/td>\n<\/tr>\n<\/tbody>\n<\/table>\n<\/div>\n<p id=\"yui_3_16_0_ym19_1_1487357441638_3087\">Concejal Andr\u00e9s Suriani. <a id=\"yui_3_16_0_ym19_1_1487357441638_5450\" class=\"enhancr2_b5cb4f90-b6f2-5da1-3103-10a55d7e30e3\" href=\"http:\/\/www.quepasasalta.com.ar\/noticias\/politica_1\/hay-tetas-que-si-valen-la-pena_168734\" target=\"_blank\">Sobre el tetazo \/ Hay tetas que si valen la pena<\/a><\/p>\n<div id=\"enhancr2_b5cb4f90-b6f2-5da1-3103-10a55d7e30e3\" class=\"yahoo-link-enhancr-card ymail-preserve-class ymail-preserve-style\" dir=\"ltr\" contenteditable=\"false\" data-url=\"http:\/\/www.quepasasalta.com.ar\/noticias\/politica_1\/hay-tetas-que-si-valen-la-pena_168734\" data-type=\"yenhancr\" data-category=\"article\" data-embed-url=\"\" data-size=\"medium\">\n<table class=\"card-wrapper yahoo-ignore-table\" border=\"0\" cellspacing=\"0\" cellpadding=\"0\">\n<tbody>\n<tr>\n<td width=\"400\">\n<table class=\"card yahoo-ignore-table\" border=\"0\" width=\"100%\" cellspacing=\"0\" cellpadding=\"0\">\n<tbody>\n<tr>\n<td class=\"card-primary-image-cell\" valign=\"top\" bgcolor=\"#000000\">\n<table class=\"yahoo-ignore-table\" border=\"0\" cellspacing=\"0\" cellpadding=\"0\">\n<tbody>\n<tr>\n<td valign=\"top\" bgcolor=\"transparent\">\n<table class=\"yahoo-ignore-table\">\n<tbody>\n<tr>\n<td class=\"card-richInfo2\"><\/td>\n<td class=\"card-actions\"><\/td>\n<\/tr>\n<\/tbody>\n<\/table>\n<\/td>\n<\/tr>\n<\/tbody>\n<\/table>\n<\/td>\n<\/tr>\n<tr>\n<td>\n<table class=\"card-info yahoo-ignore-table\" border=\"0\" cellspacing=\"0\" cellpadding=\"0\" align=\"center\">\n<tbody>\n<tr>\n<td><\/td>\n<td>\n<h4 class=\"card-title\">Sobre el tetazo \/ Hay tetas que si valen la pena<\/h4>\n<p class=\"card-richinfo-primary\">Por Andr\u00e9s Suriani<\/p>\n<p class=\"card-description\">Cabr\u00eda pensar en el rol protag\u00f3nico y crucial que supieron asumir personalidades como Martina Silva de Gurruchag&#8230;<\/p>\n<\/td>\n<td><\/td>\n<\/tr>\n<\/tbody>\n<\/table>\n<\/td>\n<\/tr>\n<\/tbody>\n<\/table>\n<\/td>\n<\/tr>\n<\/tbody>\n<\/table>\n<\/div>\n<p id=\"yui_3_16_0_ym19_1_1487357441638_3088\">Mezclado; <a id=\"yui_3_16_0_ym19_1_1487357441638_5465\" class=\"enhancr2_67922347-28e0-25a1-ff9f-73e79b87fa3e\" href=\"http:\/\/mst.org.ar\/2017\/02\/15\/6-7-8-de-marzo-ganemos-calles-macri\/\" target=\"_blank\">6, 7 y 8 de marzo ganemos las calles contra Macri<\/a><\/p>\n<div id=\"enhancr2_67922347-28e0-25a1-ff9f-73e79b87fa3e\" class=\"yahoo-link-enhancr-card ymail-preserve-class ymail-preserve-style\" dir=\"ltr\" contenteditable=\"false\" data-url=\"http:\/\/mst.org.ar\/2017\/02\/15\/6-7-8-de-marzo-ganemos-calles-macri\/\" data-type=\"yenhancr\" data-category=\"article\" data-embed-url=\"\" data-size=\"medium\">\n<table id=\"yui_3_16_0_ym19_1_1487357441638_5652\" class=\"card-wrapper yahoo-ignore-table\" border=\"0\" cellspacing=\"0\" cellpadding=\"0\">\n<tbody id=\"yui_3_16_0_ym19_1_1487357441638_5651\">\n<tr id=\"yui_3_16_0_ym19_1_1487357441638_5650\">\n<td id=\"yui_3_16_0_ym19_1_1487357441638_5649\" width=\"400\">\n<table id=\"yui_3_16_0_ym19_1_1487357441638_5648\" class=\"card yahoo-ignore-table\" border=\"0\" width=\"100%\" cellspacing=\"0\" cellpadding=\"0\">\n<tbody id=\"yui_3_16_0_ym19_1_1487357441638_5647\">\n<tr>\n<td class=\"card-primary-image-cell\" valign=\"top\" bgcolor=\"#000000\">\n<table class=\"yahoo-ignore-table\" border=\"0\" cellspacing=\"0\" cellpadding=\"0\">\n<tbody>\n<tr>\n<td valign=\"top\" bgcolor=\"transparent\">\n<table class=\"yahoo-ignore-table\">\n<tbody>\n<tr>\n<td class=\"card-richInfo2\"><\/td>\n<td class=\"card-actions\"><\/td>\n<\/tr>\n<\/tbody>\n<\/table>\n<\/td>\n<\/tr>\n<\/tbody>\n<\/table>\n<\/td>\n<\/tr>\n<tr id=\"yui_3_16_0_ym19_1_1487357441638_5646\">\n<td id=\"yui_3_16_0_ym19_1_1487357441638_5645\">\n<table id=\"yui_3_16_0_ym19_1_1487357441638_5644\" class=\"card-info yahoo-ignore-table\" border=\"0\" cellspacing=\"0\" cellpadding=\"0\" align=\"center\">\n<tbody id=\"yui_3_16_0_ym19_1_1487357441638_5643\">\n<tr id=\"yui_3_16_0_ym19_1_1487357441638_5642\">\n<td><\/td>\n<td id=\"yui_3_16_0_ym19_1_1487357441638_5641\">\n<h4 class=\"card-title\">6, 7 y 8 de marzo ganemos las calles contra Macri<\/h4>\n<\/td>\n<td><\/td>\n<\/tr>\n<\/tbody>\n<\/table>\n<\/td>\n<\/tr>\n<\/tbody>\n<\/table>\n<\/td>\n<\/tr>\n<\/tbody>\n<\/table>\n<\/div>\n<p id=\"yui_3_16_0_ym19_1_1487357441638_3089\"><a id=\"yui_3_16_0_ym19_1_1487357441638_5964\" class=\"enhancr2_39f2a5de-599c-8b2a-7997-2404fa187319\" href=\"http:\/\/www.infobae.com\/tendencias\/2017\/02\/09\/con-desnudar-el-alma-alcanza-la-honesta-opinion-de-marcela-labarca-sobre-el-tetazo\/\" target=\"_blank\">\u00abCon desnudar el alma alcanza\u00bb, la honesta opini\u00f3n de Marcela Labarca sobre el Tetazo<\/a><\/p>\n<div id=\"enhancr2_39f2a5de-599c-8b2a-7997-2404fa187319\" class=\"yahoo-link-enhancr-card ymail-preserve-class ymail-preserve-style\" dir=\"ltr\" contenteditable=\"false\" data-url=\"http:\/\/www.infobae.com\/tendencias\/2017\/02\/09\/con-desnudar-el-alma-alcanza-la-honesta-opinion-de-marcela-labarca-sobre-el-tetazo\/\" data-type=\"yenhancr\" data-category=\"article\" data-embed-url=\"\" data-size=\"medium\">\n<table id=\"yui_3_16_0_ym19_1_1487357441638_5993\" class=\"card-wrapper yahoo-ignore-table\" border=\"0\" cellspacing=\"0\" cellpadding=\"0\">\n<tbody id=\"yui_3_16_0_ym19_1_1487357441638_5992\">\n<tr id=\"yui_3_16_0_ym19_1_1487357441638_5991\">\n<td id=\"yui_3_16_0_ym19_1_1487357441638_5990\" width=\"400\">\n<table id=\"yui_3_16_0_ym19_1_1487357441638_5989\" class=\"card yahoo-ignore-table\" border=\"0\" width=\"100%\" cellspacing=\"0\" cellpadding=\"0\">\n<tbody id=\"yui_3_16_0_ym19_1_1487357441638_5988\">\n<tr id=\"yui_3_16_0_ym19_1_1487357441638_5987\">\n<td id=\"yui_3_16_0_ym19_1_1487357441638_5986\" class=\"card-primary-image-cell\" valign=\"top\" bgcolor=\"#000000\">\n<table id=\"yui_3_16_0_ym19_1_1487357441638_5985\" class=\"yahoo-ignore-table\" border=\"0\" cellspacing=\"0\" cellpadding=\"0\">\n<tbody id=\"yui_3_16_0_ym19_1_1487357441638_5984\">\n<tr id=\"yui_3_16_0_ym19_1_1487357441638_5983\">\n<td id=\"yui_3_16_0_ym19_1_1487357441638_5982\" valign=\"top\" bgcolor=\"transparent\">\n<table id=\"yui_3_16_0_ym19_1_1487357441638_5981\" class=\"yahoo-ignore-table\">\n<tbody id=\"yui_3_16_0_ym19_1_1487357441638_5980\">\n<tr id=\"yui_3_16_0_ym19_1_1487357441638_5979\">\n<td id=\"yui_3_16_0_ym19_1_1487357441638_5978\" class=\"card-richInfo2\"><\/td>\n<td id=\"yui_3_16_0_ym19_1_1487357441638_6094\" class=\"card-actions\"><\/td>\n<\/tr>\n<\/tbody>\n<\/table>\n<\/td>\n<\/tr>\n<\/tbody>\n<\/table>\n<\/td>\n<\/tr>\n<tr id=\"yui_3_16_0_ym19_1_1487357441638_6059\">\n<td id=\"yui_3_16_0_ym19_1_1487357441638_6058\">\n<table id=\"yui_3_16_0_ym19_1_1487357441638_6057\" class=\"card-info yahoo-ignore-table\" border=\"0\" cellspacing=\"0\" cellpadding=\"0\" align=\"center\">\n<tbody id=\"yui_3_16_0_ym19_1_1487357441638_6056\">\n<tr id=\"yui_3_16_0_ym19_1_1487357441638_6055\">\n<td><\/td>\n<td id=\"yui_3_16_0_ym19_1_1487357441638_6054\">\n<h4 class=\"card-title\">\u00abCon desnudar el alma alcanza\u00bb, la honesta opini\u00f3n de Marcela Lab&#8230;<\/h4>\n<p class=\"card-description\">La periodista y locutora de Radio Mitre ofreci\u00f3 su postura sobre la manifestaci\u00f3n de mujeres en el Obelisco. En &#8230;<\/p>\n<\/td>\n<td><\/td>\n<\/tr>\n<\/tbody>\n<\/table>\n<\/td>\n<\/tr>\n<\/tbody>\n<\/table>\n<\/td>\n<\/tr>\n<\/tbody>\n<\/table>\n<\/div>\n<p id=\"yui_3_16_0_ym19_1_1487357441638_3090\" dir=\"ltr\" data-setdir=\"false\"><a id=\"yui_3_16_0_ym19_1_1487357441638_5835\" class=\"enhancr2_3451e23f-bf78-7b68-5bfe-6b141ae29fd3\" href=\"http:\/\/www.lacapital.com.ar\/la-conductora-elizabeth-vernaci-critico-el-tetazo-contra-la-censura-al-topless-n1335837.html\" target=\"_blank\">La conductora Elizabeth Vernaci critic\u00f3 el Tetazo contra la censura al topless<\/a><\/p>\n<div id=\"enhancr2_3451e23f-bf78-7b68-5bfe-6b141ae29fd3\" class=\"yahoo-link-enhancr-card ymail-preserve-class ymail-preserve-style\" dir=\"ltr\" contenteditable=\"false\" data-url=\"http:\/\/www.lacapital.com.ar\/la-conductora-elizabeth-vernaci-critico-el-tetazo-contra-la-censura-al-topless-n1335837.html\" data-type=\"yenhancr\" data-category=\"article\" data-embed-url=\"\" data-size=\"medium\">\n<table id=\"yui_3_16_0_ym19_1_1487357441638_5859\" class=\"card-wrapper yahoo-ignore-table\" border=\"0\" cellspacing=\"0\" cellpadding=\"0\">\n<tbody id=\"yui_3_16_0_ym19_1_1487357441638_5858\">\n<tr id=\"yui_3_16_0_ym19_1_1487357441638_5857\">\n<td id=\"yui_3_16_0_ym19_1_1487357441638_5856\" width=\"400\">\n<table id=\"yui_3_16_0_ym19_1_1487357441638_5855\" class=\"card yahoo-ignore-table\" border=\"0\" width=\"100%\" cellspacing=\"0\" cellpadding=\"0\">\n<tbody id=\"yui_3_16_0_ym19_1_1487357441638_5854\">\n<tr id=\"yui_3_16_0_ym19_1_1487357441638_5853\">\n<td id=\"yui_3_16_0_ym19_1_1487357441638_5852\" class=\"card-primary-image-cell\" valign=\"top\" bgcolor=\"#000000\">\n<table id=\"yui_3_16_0_ym19_1_1487357441638_5851\" class=\"yahoo-ignore-table\" border=\"0\" cellspacing=\"0\" cellpadding=\"0\">\n<tbody id=\"yui_3_16_0_ym19_1_1487357441638_5850\">\n<tr id=\"yui_3_16_0_ym19_1_1487357441638_5849\">\n<td id=\"yui_3_16_0_ym19_1_1487357441638_5848\" valign=\"top\" bgcolor=\"transparent\">\n<table id=\"yui_3_16_0_ym19_1_1487357441638_5847\" class=\"yahoo-ignore-table\">\n<tbody id=\"yui_3_16_0_ym19_1_1487357441638_5846\">\n<tr id=\"yui_3_16_0_ym19_1_1487357441638_5845\">\n<td id=\"yui_3_16_0_ym19_1_1487357441638_6052\" class=\"card-richInfo2\"><\/td>\n<td id=\"yui_3_16_0_ym19_1_1487357441638_5844\" class=\"card-actions\"><\/td>\n<\/tr>\n<\/tbody>\n<\/table>\n<\/td>\n<\/tr>\n<\/tbody>\n<\/table>\n<\/td>\n<\/tr>\n<tr id=\"yui_3_16_0_ym19_1_1487357441638_5933\">\n<td id=\"yui_3_16_0_ym19_1_1487357441638_5932\">\n<table id=\"yui_3_16_0_ym19_1_1487357441638_5931\" class=\"card-info yahoo-ignore-table\" border=\"0\" cellspacing=\"0\" cellpadding=\"0\" align=\"center\">\n<tbody id=\"yui_3_16_0_ym19_1_1487357441638_5944\">\n<tr id=\"yui_3_16_0_ym19_1_1487357441638_5943\">\n<td><\/td>\n<td id=\"yui_3_16_0_ym19_1_1487357441638_5942\">\n<h4 id=\"yui_3_16_0_ym19_1_1487357441638_6075\" class=\"card-title\">La conductora Elizabeth Vernaci critic\u00f3 el Tetazo contra la censura al topless<\/h4>\n<p id=\"yui_3_16_0_ym19_1_1487357441638_5941\" class=\"card-description\">La conductora radial se pronunci\u00f3 en contra de la movilizaci\u00f3n que tuvo epicentro en el Obelisco porte\u00f1o.<\/p>\n<\/td>\n<td><\/td>\n<\/tr>\n<\/tbody>\n<\/table>\n<\/td>\n<\/tr>\n<\/tbody>\n<\/table>\n<\/td>\n<\/tr>\n<\/tbody>\n<\/table>\n<\/div>\n<p id=\"yui_3_16_0_ym19_1_1487357441638_3089\">Apoyo: <a id=\"yui_3_16_0_ym19_1_1487357441638_5501\" class=\"enhancr2_f95901c7-f287-6125-f225-14283d16195e\" href=\"http:\/\/www.primiciasya.com\/la-sorpresiva-respuesta-cecilia-roth-apoyo-al-tetazo-n1336282.html\" target=\"_blank\">La sorpresiva respuesta de Cecilia Roth en apoyo al #Tetazo<\/a><\/p>\n<div id=\"enhancr2_f95901c7-f287-6125-f225-14283d16195e\" class=\"yahoo-link-enhancr-card ymail-preserve-class ymail-preserve-style\" dir=\"ltr\" contenteditable=\"false\" data-url=\"http:\/\/www.primiciasya.com\/la-sorpresiva-respuesta-cecilia-roth-apoyo-al-tetazo-n1336282.html\" data-type=\"yenhancr\" data-category=\"article\" data-embed-url=\"\" data-size=\"medium\">\n<table id=\"yui_3_16_0_ym19_1_1487357441638_5617\" class=\"card-wrapper yahoo-ignore-table\" border=\"0\" cellspacing=\"0\" cellpadding=\"0\">\n<tbody id=\"yui_3_16_0_ym19_1_1487357441638_5616\">\n<tr id=\"yui_3_16_0_ym19_1_1487357441638_5615\">\n<td id=\"yui_3_16_0_ym19_1_1487357441638_5614\" width=\"400\">\n<table id=\"yui_3_16_0_ym19_1_1487357441638_5613\" class=\"card yahoo-ignore-table\" border=\"0\" width=\"100%\" cellspacing=\"0\" cellpadding=\"0\">\n<tbody id=\"yui_3_16_0_ym19_1_1487357441638_5612\">\n<tr>\n<td class=\"card-primary-image-cell\" valign=\"top\" bgcolor=\"#000000\">\n<table class=\"yahoo-ignore-table\" border=\"0\" cellspacing=\"0\" cellpadding=\"0\">\n<tbody>\n<tr>\n<td valign=\"top\" bgcolor=\"transparent\">\n<table class=\"yahoo-ignore-table\">\n<tbody>\n<tr>\n<td class=\"card-richInfo2\"><\/td>\n<td class=\"card-actions\"><\/td>\n<\/tr>\n<\/tbody>\n<\/table>\n<\/td>\n<\/tr>\n<\/tbody>\n<\/table>\n<\/td>\n<\/tr>\n<tr id=\"yui_3_16_0_ym19_1_1487357441638_5611\">\n<td id=\"yui_3_16_0_ym19_1_1487357441638_5610\">\n<table id=\"yui_3_16_0_ym19_1_1487357441638_5609\" class=\"card-info yahoo-ignore-table\" border=\"0\" cellspacing=\"0\" cellpadding=\"0\" align=\"center\">\n<tbody id=\"yui_3_16_0_ym19_1_1487357441638_5608\">\n<tr id=\"yui_3_16_0_ym19_1_1487357441638_5607\">\n<td><\/td>\n<td id=\"yui_3_16_0_ym19_1_1487357441638_5606\">\n<h4 class=\"card-title\">La sorpresiva respuesta de Cecilia Roth en apoyo al #Tetazo<\/h4>\n<p class=\"card-description\">La actriz dio su opini\u00f3n cuando le consultaron sobre la movilizaci\u00f3n que se realiz\u00f3 el martes por la tarde en el&#8230;<\/p>\n<\/td>\n<td><\/td>\n<\/tr>\n<\/tbody>\n<\/table>\n<\/td>\n<\/tr>\n<\/tbody>\n<\/table>\n<\/td>\n<\/tr>\n<\/tbody>\n<\/table>\n<\/div>\n<p id=\"yui_3_16_0_ym19_1_1487357441638_3083\" dir=\"ltr\" data-setdir=\"false\">","protected":false},"excerpt":{"rendered":"<p>Tal como lo marca uno de los p\u00e1rrafos de la nota\u00a0Reci\u00e9n cuando dobla la bisagra, se nota alg\u00fan cambio,\u00a0varios referentes sociales expresaron su oposici\u00f3n a la idea de que el Tetazo realizado en el Obelisco en los \u00faltimos d\u00edas, tuviera una importancia significativa en el orden pol\u00edtico, social o cultural. Tuvo, s\u00ed, un efecto medi\u00e1tico [&hellip;]<\/p>","protected":false},"author":1,"featured_media":11092,"comment_status":"open","ping_status":"open","sticky":false,"template":"","format":"standard","meta":[],"categories":[1],"tags":[],"series":[],"_links":{"self":[{"href":"https:\/\/www.diario5.com.ar\/es\/wp-json\/wp\/v2\/posts\/11090"}],"collection":[{"href":"https:\/\/www.diario5.com.ar\/es\/wp-json\/wp\/v2\/posts"}],"about":[{"href":"https:\/\/www.diario5.com.ar\/es\/wp-json\/wp\/v2\/types\/post"}],"author":[{"embeddable":true,"href":"https:\/\/www.diario5.com.ar\/es\/wp-json\/wp\/v2\/users\/1"}],"replies":[{"embeddable":true,"href":"https:\/\/www.diario5.com.ar\/es\/wp-json\/wp\/v2\/comments?post=11090"}],"version-history":[{"count":7,"href":"https:\/\/www.diario5.com.ar\/es\/wp-json\/wp\/v2\/posts\/11090\/revisions"}],"predecessor-version":[{"id":11099,"href":"https:\/\/www.diario5.com.ar\/es\/wp-json\/wp\/v2\/posts\/11090\/revisions\/11099"}],"wp:featuredmedia":[{"embeddable":true,"href":"https:\/\/www.diario5.com.ar\/es\/wp-json\/wp\/v2\/media\/11092"}],"wp:attachment":[{"href":"https:\/\/www.diario5.com.ar\/es\/wp-json\/wp\/v2\/media?parent=11090"}],"wp:term":[{"taxonomy":"category","embeddable":true,"href":"https:\/\/www.diario5.com.ar\/es\/wp-json\/wp\/v2\/categories?post=11090"},{"taxonomy":"post_tag","embeddable":true,"href":"https:\/\/www.diario5.com.ar\/es\/wp-json\/wp\/v2\/tags?post=11090"},{"taxonomy":"series","embeddable":true,"href":"https:\/\/www.diario5.com.ar\/es\/wp-json\/wp\/v2\/series?post=11090"}],"curies":[{"name":"wp","href":"https:\/\/api.w.org\/{rel}","templated":true}]}}